{"id":41663,"date":"2011-10-24T17:49:30","date_gmt":"2011-10-24T14:49:30","guid":{"rendered":"http:\/\/www.korhanyilmaz.com\/?p=41663"},"modified":"2011-10-25T01:29:17","modified_gmt":"2011-10-24T22:29:17","slug":"org-ozelden-onemli-aciklamalar","status":"publish","type":"post","link":"http:\/\/www.korhanyilmaz.com\/?p=41663","title":{"rendered":"Org. \u00d6zel&#8217;den \u00f6nemli a\u00e7\u0131klamalar"},"content":{"rendered":"<p style=\"text-align: center;\"><a href=\"http:\/\/www.korhanyilmaz.com\/wp-content\/uploads\/2011\/10\/3031.jpg\"  class=\"lightview\"><img loading=\"lazy\" decoding=\"async\" class=\"aligncenter  wp-image-41664\" src=\"http:\/\/www.korhanyilmaz.com\/wp-content\/uploads\/2011\/10\/3031.jpg\" alt=\"\" width=\"396\" height=\"180\" \/><\/a><\/p>\n<p style=\"text-align: justify;\">Genelkurmay Ba\u015fkan\u0131 Org. Necdet \u00d6zel&#8217;den ilgin\u00e7 yan\u0131tlar. Necdet \u00d6zel\u00a0TSK&#8217;n\u0131n Ramazan ay\u0131n\u0131n 17&#8217;sinden bu g\u00fcne PKK kamplar\u0131n\u0131n bombaland\u0131\u011f\u0131n\u0131 s\u00f6yledi. Oysa Ba\u015fbakan Erdo\u011fan PKK&#8217;n\u0131n sald\u0131r\u0131lar\u0131 kar\u015f\u0131s\u0131nda Ramazan&#8217;dan sonra g\u00fcnlerini g\u00f6recekler&#8221; demi\u015fti. Necdet \u00d6zel, Jandarma Genel Komutan\u0131 oldu\u011fu d\u00f6nemde \u00d6calan ile M\u0130T M\u00fcste\u015far\u0131 Hakan Fidan aras\u0131ndaki g\u00f6r\u00fc\u015fmeden haberi olmad\u0131\u011f\u0131n\u0131 s\u00f6yledi. TSK&#8217;nin i\u00e7 hizmet kanununun 35. maddesinin de\u011fi\u015ftirilmesinin ise taraftar\u0131 olmad\u0131\u011f\u0131n\u0131, bunun Atat\u00fcrk taraf\u0131ndan konuldu\u011funu s\u00f6yledi. \u0130\u015fte \u00d6zel&#8217;in yan\u0131tlar\u0131.\u00a0<!--more--><\/p>\n<p style=\"text-align: justify;\">ANKARA- Genelkurmay Ba\u015fkan\u0131 Org. Necdet \u00d6zel, NTV Ankara Temsilcisi Nilg\u00fcn Balka\u00e7&#8217;\u0131n sorular\u0131n\u0131 yan\u0131tlad\u0131.<\/p>\n<p style=\"text-align: justify;\"><strong>1. TER\u00d6R \u00d6RG\u00dcT\u00dc SON AYLARDA \u00d6ZELL\u0130KLE \u015eEH\u0130R EYLEMLER\u0130NE A\u011eIRLIK VERD\u0130. ADAM KA\u00c7IRMA, BOMBALI SALDIRI, S\u0130V\u0130LLERE VE POL\u0130SE Y\u00d6NEL\u0130K SALDIRILARIN SIKLA\u015eTI\u011eI D\u0130KKAT\u0130 \u00c7EK\u0130YOR. BU EYLEM TARZINA D\u00d6N\u00dcK YEN\u0130 TEDB\u0130RLER S\u00d6Z KONUSU MU?\u00a0<\/strong><\/p>\n<p style=\"text-align: justify;\">B\u00f6l\u00fcc\u00fc ter\u00f6r \u00f6rg\u00fct\u00fcn\u00fcn eylemlerine ba\u015flad\u0131\u011f\u0131 1984 y\u0131l\u0131ndan beri, hedef g\u00f6zetmeksizin meskun mahal eylemleri dahil olmak \u00fczere \u00e7e\u015fitli eylemler yapt\u0131\u011f\u0131 kamuoyu taraf\u0131ndan bilinmektedir.<\/p>\n<p style=\"text-align: justify;\">B\u00f6l\u00fcc\u00fc ter\u00f6r \u00f6rg\u00fct\u00fcn\u00fcn sivilleri hedef alan eylemleri, \u015fiddeti \u00fclke geneline yayarak karar vericiler ve kamuoyu \u00fczerinde bask\u0131 olu\u015fturmay\u0131, toplumda ter\u00f6re kar\u015f\u0131 olu\u015fmu\u015f olan dayan\u0131\u015fmay\u0131 ve direnci k\u0131rmay\u0131, k\u0131rsal kesimde g\u00fcvenlik g\u00fc\u00e7lerinin yaratt\u0131\u011f\u0131 bask\u0131y\u0131 hafifletmeyi ve uluslararas\u0131 kamuoyunun dikkatini T\u00fcrkiye&#8217;ye \u00e7ekmeyi ama\u00e7lamaktad\u0131r. Bu eylem ve sald\u0131r\u0131lar, etkili karar ve hava operasyonlar\u0131 ile s\u0131k\u0131\u015fan b\u00f6l\u00fcc\u00fc ter\u00f6r \u00f6rg\u00fct\u00fcn\u00fcn \u00e7aresizli\u011finin ve insanl\u0131k d\u0131\u015f\u0131 bir intikam duygusunun yans\u0131mas\u0131d\u0131r.<\/p>\n<p style=\"text-align: justify;\">B\u00f6l\u00fcc\u00fc ter\u00f6r \u00f6rg\u00fct\u00fcn\u00fcn son d\u00f6nemlerde eylemlerini \u015fehir merkezlerine kayd\u0131r\u0131p kolluk kuvvetleri ba\u015fta olmak \u00fczere baz\u0131 kamu g\u00f6revlilerini hedef almas\u0131, devletimizi b\u00f6lgede i\u015flevsiz hale getirmek ve b\u00f6lgede y\u00f6netme otoritesini kendi g\u00fcd\u00fcm\u00fcndeki illegal yap\u0131lanmalara devretme plan\u0131ndan kaynaklanmaktad\u0131r. TSK, yurti\u00e7inde 5442 say\u0131l\u0131 yasa kapsam\u0131nda, m\u00fclk\u00fc makamlar\u0131n yard\u0131m taleplerini dikkate alarak, hukuki mevzuata uygun olarak ter\u00f6ristle m\u00fccadeleyi kararl\u0131kla s\u00fcrd\u00fcrmektedir.<\/p>\n<p style=\"text-align: justify;\">\u00a0TSK; devletimizin y\u00f6netim ve g\u00fcvenlik birimleri ile her seviyede koordineli \u00e7al\u0131\u015fmaya \u00f6nem vermektedir. Bu kapsamda, ter\u00f6rle ve ter\u00f6ristle m\u00fccadelede nelerin yap\u0131lmas\u0131 gerekti\u011fi hususu hassas bir \u015fekilde m\u00fc\u015fterek de\u011ferlendirilmekte ve al\u0131nmas\u0131 gereken ilave tedbirler ilgili birimlerimize bildirilerek ivedilikle hayat ge\u00e7irilmesi sa\u011flanmaktad\u0131r.<\/p>\n<p style=\"text-align: justify;\"><strong>2. SINIR KARAKOLLARINDA G\u00d6REV YAPACAK PROFESYONEL SINIR B\u0130RL\u0130KLER\u0130 VE S\u00d6ZLE\u015eMEL\u0130 ERLER \u0130LE \u0130LG\u0130L\u0130 SON DURUM NED\u0130R?<\/strong><\/p>\n<p style=\"text-align: justify;\">Bu kapsamda; en az ilk\u00f6\u011fretim mezunu olup askerlik hizmetini erba\u015f veya er olarak tamamlam\u0131\u015f, \u00f6n ba\u015fvuru tarihinin ilk g\u00fcn\u00fc itibariyle terhisinin \u00fczerinden \u00fc\u00e7 y\u0131ldan fazla s\u00fcre ge\u00e7memi\u015f olanlar ile d\u00fczeltilmemi\u015f n\u00fcfus kayd\u0131na g\u00f6re yirmi alt\u0131 ya\u015f\u0131ndan g\u00fcn almam\u0131\u015f olanlar, s\u00f6zle\u015fmeli er olmak i\u00e7in ba\u015fvurabileceklerdir.<\/p>\n<p style=\"text-align: justify;\">S\u00f6zle\u015fmeli erler, 3-8 y\u0131l aras\u0131nda de\u011fi\u015fen s\u00fcrelerde istihdam edilecek, en fazla 29 ya\u015f\u0131na kadar g\u00f6rev yapacaklar, k\u0131\u015flada yat\u0131p kalkacaklar, her t\u00fcrl\u00fc ihtiya\u00e7lar\u0131 erba\u015f ve erler gibi devlet taraf\u0131ndan kar\u015f\u0131lanacak ve g\u00f6revleri sonunda belirli bir tazminatla ordudan ayr\u0131lacaklard\u0131r. S\u00f6zle\u015fmeli erlerin, \u00f6ncelikle \u0130\u00e7 G\u00fcvenlik Harekat\u0131 b\u00f6lgesinde hudut birliklerinde istihdam edilmesi planlanm\u0131\u015ft\u0131r. K.K.K.l\u0131\u011f\u0131; s\u00f6zle\u015fmeli er temin faaliyetlerine 12 Temmuz 2011 tarihinde ba\u015flam\u0131\u015ft\u0131r.<\/p>\n<p style=\"text-align: justify;\">Bu y\u0131l (2011 y\u0131l\u0131); 5.103 ki\u015filik kontenjan belirlenmi\u015f ve 17.827 ki\u015finin m\u00fcracaat\u0131 al\u0131nm\u0131\u015ft\u0131r. Temin faaliyetleri, Ankara, \u0130stanbul (iki merkezde), \u0130zmir, Adana, Bal\u0131kesir, Erzurum, Elaz\u0131\u011f, Samsun ve Trabzon\u2019daki 10 test ve m\u00fclakat merkezinde yap\u0131lm\u0131\u015f ve 21 Ekim 2011 tarihinde tamamlanm\u0131\u015ft\u0131r. M\u00fcracaat eden 17.827 ki\u015fiden 3.038 ki\u015fi test ve m\u00fclakat i\u00e7in ba\u015fvurmu\u015f, bunlardan 1.992 ki\u015fi fiziki test ve m\u00fclakat\u0131 kazanm\u0131\u015ft\u0131r. Halen sa\u011fl\u0131k muayeneleri devam etmektedir. Temin faaliyeti, g\u00f6r\u00fclece\u011fi gibi beklentilerin \u00e7ok gerisinde ger\u00e7ekle\u015fmi\u015ftir.<\/p>\n<p style=\"text-align: justify;\">Bu y\u0131l temin edilecek personelin Kas\u0131m 2011 celbi ile e\u011fitime al\u0131nmas\u0131 ve Mart 2012 tarihinde birliklerin g\u00f6reve ba\u015flamas\u0131 planlanm\u0131\u015ft\u0131r. 2012 y\u0131l\u0131nda ise; 10.659 ki\u015filik kontenjan tahsis edilmi\u015f ve ba\u015fvurular\u0131n al\u0131nmas\u0131na ba\u015flanm\u0131\u015ft\u0131r. S\u00f6zle\u015fmeli erlerin uzman erba\u015flar\u0131m\u0131z gibi birliklerimizin g\u00f6rev etkinli\u011fine \u00f6nemli katk\u0131lar sa\u011flayaca\u011f\u0131na inan\u0131yoruz.<\/p>\n<p style=\"text-align: justify;\"><strong>3. T\u00dcRK S\u0130LAHLI KUVVETLER\u0130N\u0130N KIRSALDA Y\u00dcR\u00dcTT\u00dc\u011e\u00dc M\u00dcCADELEYE POL\u0130S\u0130N DE ETK\u0130N KATKIDA BULUNMASINA D\u00d6N\u00dcK YAKLA\u015eIMLARA NASIL BAKIYORSUNUZ?\u00a0<\/strong><\/p>\n<p style=\"text-align: justify;\">Bu konu, bug\u00fcn g\u00fcndeme gelen yeni bir konu de\u011fildir. 1990\u2019l\u0131 y\u0131llarda polis \u00f6zel harekat timleri ile TSK unsurlar\u0131 birlikte ve uyum i\u00e7inde, i\u00e7 g\u00fcvenlik b\u00f6lgelerinde ter\u00f6ristle m\u00fccadele de ba\u015far\u0131l\u0131 g\u00f6revle icra etmi\u015flerdir. M\u00fclki makamlar taraf\u0131ndan g\u00f6revlendirildikleri takdirde, polis \u00f6zel harekat timlerinin, ge\u00e7mi\u015fte oldu\u011fu gibi yine ba\u015far\u0131l\u0131 olacaklar\u0131ndan hi\u00e7bir \u015f\u00fcphemiz yoktur. Bir m\u00fcddetten beri ara verilen birlikte k\u0131rsalda g\u00f6rev yapma i\u015flemlerine tekrar ba\u015flanm\u0131\u015ft\u0131r ve bu \u015fekilde devam edecektir. Bu konuda de\u011ferli medya mensuplar\u0131ndan ricam; konunun sapt\u0131r\u0131larak kamuoyunda yanl\u0131\u015f alg\u0131lamalar yarat\u0131lmamas\u0131d\u0131r.<\/p>\n<p style=\"text-align: justify;\"><strong>4. ORG. I\u015eIK KO\u015eANER\u2019\u0130N \u0130NTERNETE YANSIYAN SES KAYDINDA TER\u00d6RLE M\u00dcCADELEYE \u0130L\u0130\u015eK\u0130N BAZI \u00d6ZELE\u015eT\u0130R\u0130LER\u0130 VARDI. BUNU NASIL DE\u011eERLEND\u0130R\u0130YORSUNUZ?\u00a0<\/strong><\/p>\n<p style=\"text-align: justify;\">Ter\u00f6rle m\u00fccadelede ya\u015fanan birka\u00e7 m\u00fcnferit olay hakk\u0131nda, ilgililerin dikkatimi \u00e7ekmek i\u00e7in yap\u0131lm\u0131\u015f kurum i\u00e7i bir \u00f6zele\u015ftiri olarak de\u011ferlendiriyorum. Ancak, Say\u0131n Komutan\u0131n bu \u00f6zele\u015ftirisine, bu konuda yorum yapabilecek bilgi ve e\u011fitime sahip olmayanlar\u0131n, bas\u0131nda veya farkl\u0131 ortamlarda, T\u00fcrk Silahl\u0131 Kuvvetlerinin g\u00fcc\u00fcn\u00fc sorgulayacak ve moral de\u011ferini a\u015f\u0131nd\u0131racak \u015fekilde yorumlar getirmesi \u00fcz\u00fcnt\u00fc verici olmu\u015ftur. Say\u0131s\u0131z kahramanlar ve kahramanl\u0131klarla dolu TSK\u2019n\u0131n ter\u00f6rle m\u00fccadelesi sayesindedir ki b\u00f6l\u00fcc\u00fc ter\u00f6r \u00f6rg\u00fct\u00fc bug\u00fcne kadar belirledi\u011fi nihai hedefine ula\u015famam\u0131\u015ft\u0131r.<\/p>\n<p style=\"text-align: justify;\"><strong>5. M\u0130T ile PKK aras\u0131ndaki g\u00f6r\u00fc\u015fmelerin ses kayd\u0131 yay\u0131nland\u0131. Bu g\u00f6r\u00fc\u015fmeyi nas\u0131l de\u011ferlendiriyorsunuz? Bu g\u00f6r\u00fc\u015fmeler sizce devam etmeli mi?\u00a0<\/strong><\/p>\n<p style=\"text-align: justify;\">Baz\u0131 devlet g\u00f6revlileri ile PKK ter\u00f6r \u00f6rg\u00fct\u00fc mensuplar\u0131 aras\u0131ndaki g\u00f6r\u00fc\u015fmelere ait oldu\u011fu iddia edilen ses kay\u0131tlar\u0131n\u0131 bas\u0131ndan \u00f6\u011frendim. Haberin do\u011fruluk derecesi, iddia edilen g\u00f6r\u00fc\u015fmelerin nerede, hangi \u015fartlar alt\u0131nda yap\u0131ld\u0131\u011f\u0131 ve kay\u0131tlar\u0131n nas\u0131l bas\u0131na verildi\u011fi konusunda bilgi sahibi de\u011filim.<\/p>\n<p style=\"text-align: justify;\">Kald\u0131 ki T\u00fcrk Silahl\u0131 Kuvvetlerinin vazifesi, yetkili makamlar\u0131n talep ve direktifleri do\u011frultusunda ter\u00f6ristle m\u00fccadele etmektir. Ter\u00f6rle m\u00fccadelenin g\u00fcvenlik boyutu d\u0131\u015f\u0131ndaki faaliyetler, TBMM ve H\u00fck\u00fcmetimizin tasarrufunda olan konulard\u0131r. T\u00fcrkiye Cumhuriyeti\u2019nin \u00fclkesi ve milleti ile b\u00f6l\u00fcnmez b\u00fct\u00fcnl\u00fc\u011f\u00fcn\u00fc sa\u011flamak i\u00e7in, y\u00fczlerce y\u0131ll\u0131k devlet gelene\u011fi ve ortak ak\u0131l neyi gerektiriyorsa, onun yap\u0131lmas\u0131 gerekti\u011fi d\u00fc\u015f\u00fcncesindeyiz. At\u0131lacak her ad\u0131mda, toplumsal hassasiyet ve de\u011ferlerimizin g\u00f6zetilmesi; \u015fehir ve gazilerimizin an\u0131lar\u0131na sayg\u0131 duyulmas\u0131 ve ter\u00f6ristle m\u00fccadele eden g\u00fcvenlik g\u00fc\u00e7lerimizin moral de\u011ferlerine dikkat edilmesi ya\u015famsal \u00f6nem ta\u015f\u0131maktad\u0131r.<\/p>\n<p style=\"text-align: justify;\"><strong>6. SINIR \u00d6TES\u0130 OPERASYONDA SON DURUM NED\u0130R?<\/strong><\/p>\n<p style=\"text-align: justify;\">Irak\u2019\u0131n kuzeyine y\u00f6nelik olarak s\u0131n\u0131r \u00f6tesi harekat icra etme yetkisi T\u00fcrkiye B\u00fcy\u00fck Millet Meclisi taraf\u0131ndan 17 Ekim 2011 tarihinden itibaren 1 y\u0131l daha uzat\u0131lm\u0131\u015ft\u0131r. Bu yetki TBMM taraf\u0131ndan h\u00fck\u00fcmetimize verilmi\u015ftir. Y\u00fcce Meclisin h\u00fck\u00fcmetimize verdi\u011fi yetki \u00e7er\u00e7evesinde siyasi ve askeri ko\u015fullar dikkate al\u0131narak s\u0131n\u0131r \u00f6tesi kara harekat\u0131 yap\u0131l\u0131r. 17 A\u011fustos 2011 tarihinden beri yo\u011fun bir \u015fekilde Irak kuzeyindeki b\u00f6l\u00fcc\u00fc ter\u00f6r \u00f6rg\u00fct\u00fc hedeflerine y\u00f6nelik taarruzi hava harekat\u0131 ile top\u00e7u at\u0131\u015flar\u0131 icra edilmektedir. Ayr\u0131ca 20 Ekim 2011 tarihinden itibaren de birka\u00e7 b\u00f6lgede s\u0131n\u0131r \u00f6tesi kara harekat\u0131 ba\u015flam\u0131\u015f, halen devam etmektedir.<\/p>\n<p style=\"text-align: justify;\"><strong>7. KUZEY IRAK\u2019A Y\u00d6NEL\u0130K SINIR \u00d6TES\u0130 HAVA HAREKATLARININ SONU\u00c7LARI NED\u0130R? BU HAREKATLAR DEVAM EDECEK M\u0130?<\/strong><\/p>\n<p style=\"text-align: justify;\">T\u00fcrk Silahl\u0131 Kuvvetleri taraf\u0131ndan, PKK ter\u00f6r \u00f6rg\u00fct\u00fcn\u00fcn Irak\u2019\u0131n kuzeyindeki unsurlar\u0131n\u0131 etkisiz hale getirmek ve \u00f6rg\u00fct\u00fcn fiziksel altyap\u0131s\u0131n\u0131 tahrip etmek maksad\u0131yla; 17 A\u011fustos 2011 tarihinden itibaren, T\u00fcrk Hava Kuvvetleri u\u00e7aklar\u0131 ve karada konu\u015flu ate\u015f destek vas\u0131talar\u0131 ile b\u00f6l\u00fcc\u00fc ter\u00f6r \u00f6rg\u00fct\u00fc hedeflerine y\u00f6nelik harekat icra edilmektedir. \u0130cra edilen bu s\u0131n\u0131r \u00f6tesi harekat ile;<\/p>\n<p style=\"text-align: justify;\">-\u00c7e\u015fitli kaynaklardan elde edilen bilgilere g\u00f6re 250-270 ter\u00f6rist etkisiz hale getirilmi\u015f 210\u2019dan fazla ter\u00f6ristin yaraland\u0131\u011f\u0131 \u00f6\u011frenilmi\u015ftir. (Baz\u0131 siyasi, diplomatik ve istihbarat kaynaklar\u0131na g\u00f6re b\u00f6l\u00fcc\u00fc ter\u00f6r \u00f6rg\u00fct\u00fcn\u00fcn kay\u0131plar\u0131 burada belirtti\u011fimizin \u00e7ok \u00fcst\u00fcnde olarak ifade edilmektedir)<\/p>\n<p style=\"text-align: justify;\">-Ter\u00f6ristlere ati altyap\u0131 \u00f6nemli \u00f6l\u00e7\u00fcde tahrip edilmi\u015f, bu kapsamda; muhtelif say\u0131da bar\u0131nak, s\u0131\u011f\u0131nak, depo, tesis\/bina, cephanelik, u\u00e7aksavar mevzii, kontrol noktalar\u0131 tahrip edilmi\u015ftir.<\/p>\n<p style=\"text-align: justify;\">-Ter\u00f6r \u00f6rg\u00fct\u00fc \u00fczeriden psikolojik bask\u0131 olu\u015fturulmu\u015ftur.<\/p>\n<p style=\"text-align: justify;\">-Ter\u00f6r \u00f6rg\u00fct\u00fc baz\u0131 gruplar\u0131n\u0131 kendisi i\u00e7in daha g\u00fcvenli g\u00f6rd\u00fc\u011f\u00fc b\u00f6lgelere kayd\u0131rma gayreti i\u00e7erisine girmi\u015ftir.<\/p>\n<p style=\"text-align: justify;\">-Hava harekat\u0131 neticesinde \u00f6rg\u00fctten ka\u00e7an ter\u00f6r \u00f6rg\u00fct\u00fc elemanlar\u0131n\u0131n say\u0131s\u0131nda ciddi miktarda art\u0131\u015f oldu\u011fu bilgileri de al\u0131nm\u0131\u015ft\u0131r.<\/p>\n<p style=\"text-align: justify;\">Irak kuzeyindeki b\u00f6l\u00fcc\u00fc ter\u00f6r \u00f6rg\u00fct\u00fcn\u00fcn faaliyetleri mevcut ke\u015fif ve g\u00f6zetleme vas\u0131talar\u0131 ile s\u00fcrekli olarak takip edilmekte ve b\u00f6l\u00fcc\u00fc ter\u00f6r \u00f6rg\u00fct\u00fc \u00fczerindeki bask\u0131 taarruzi hava harekat\u0131 ve top\u00e7u at\u0131\u015flar\u0131 ile s\u00fcrd\u00fcr\u00fclmektedir.<\/p>\n<p style=\"text-align: justify;\"><strong>8. \u0130RAN\u2019LA TER\u00d6R \u00d6RG\u00dcT\u00dcNE Y\u00d6NEL\u0130K ORTAK OPERASYON YA DA B\u0130LG\u0130 PAYLA\u015eIMI VAR MI?<\/strong><\/p>\n<p style=\"text-align: justify;\">Bildi\u011finiz gibi ter\u00f6r s\u0131n\u0131r tan\u0131mamaktad\u0131r. Ter\u00f6r\u00fcn k\u00fcresel niteli g\u00f6z \u00f6n\u00fcne al\u0131nd\u0131\u011f\u0131nda di\u011fer \u00fclkeleri ile i\u015fbirli\u011fi yap\u0131lmas\u0131n\u0131n gerekli oldu\u011fu g\u00f6r\u00fclmektedir. Biz de baz\u0131 \u00fclkelerle ter\u00f6rle m\u00fccadele kapsam\u0131nda e\u011fitim, tatbikat, seminer, sempozyum ve istihbarat payla\u015f\u0131m\u0131 \u015feklinde i\u015fbirli\u011fi yapmaktay\u0131z. Bu maksatla; 2005 y\u0131l\u0131nda kurulan ve 2006 y\u0131l\u0131nda NATO taraf\u0131ndan akredite edilen Ter\u00f6rle M\u00fccadele M\u00fckemmeliyet Merkezimizde, Ekim 2011 tarihine kadar 99 \u00fclkeden 6027 personelin kat\u0131l\u0131m\u0131 ile kurs, konferans, \u00e7al\u0131\u015ftay, seminer ve sempozyumlar icra edilmi\u015ftir. Bu \u00e7al\u0131\u015fmalara 51 farkl\u0131 \u00fclkeden 1201 e\u011fitici\/konu\u015fmac\u0131da i\u015ftirak etmi\u015ftir. Ayr\u0131ca, Ter\u00f6rizmle M\u00fccadele M\u00fckemmeliyet Merkezimizin Mobil E\u011fitim Timleri ile de 12 farkl\u0131 \u00fclkede ter\u00f6rizmle m\u00fccadele e\u011fitimi verilmi\u015ftir.<\/p>\n<p style=\"text-align: justify;\">Belirtilen \u00fclke ile s\u0131n\u0131rda\u015f olmam\u0131z nedeni i.el hudut g\u00f6r\u00fc\u015fmeleri kapsam\u0131nda bilgi payla\u015f\u0131m\u0131 yap\u0131lmaktad\u0131r. Ortak bir operasyon \u015fu an i\u00e7in s\u00f6z konusu de\u011fildir.<\/p>\n<p style=\"text-align: justify;\"><strong>9. ABD \u0130L\u015eE DEVAM EDEN \u0130ST\u0130HBARAT PAYLA\u015eIMI VER\u0130ML\u0130 M\u0130?\u00a0<\/strong><\/p>\n<p style=\"text-align: justify;\">T\u00fcrkiye ile ABD yakla\u015f\u0131k 60 y\u0131ldan beri ayn\u0131 ittifak i\u00e7inde yer alan, ikili ili\u015fkileri daha da eskiye dayanan, dost ve m\u00fcttefik iki \u00fclkedir.<\/p>\n<p style=\"text-align: justify;\">Aram\u0131zdaki istihbarat payla\u015f\u0131m\u0131 ge\u00e7mi\u015f d\u00f6nemlerde de var olan bir uluslar aras\u0131 i\u015fbirli\u011fi \u00f6rne\u011fidir. Ter\u00f6rle m\u00fccadele alan\u0131ndaki istihbarat payla\u015f\u0131m\u0131 iki \u00fclkenin ortak \u00e7\u0131kar ve hassasiyetleri \u00e7er\u00e7evesinde ba\u015far\u0131l\u0131 bir \u015fekilde s\u00fcrd\u00fcr\u00fclmektedir.<\/p>\n<p style=\"text-align: justify;\">Bu i\u015fbirli\u011finin \u015fekil ve boyutlar\u0131n\u0131 geli\u015ftirme, daha somut sonu\u00e7lar \u00fcretme ve verimlili\u011fi artt\u0131rma konusunda kar\u015f\u0131l\u0131kl\u0131 \u00e7aba ve aray\u0131\u015flara devam edilmektedir.<\/p>\n<p style=\"text-align: justify;\"><strong>10. BALYOZ SORU\u015eTURMASI TUTUKLU GENERAL VE AM\u0130RALLERLE \u0130LG\u0130L\u0130 DE\u011eERLEND\u0130RMELER\u0130Z NED\u0130R?<\/strong><\/p>\n<p style=\"text-align: justify;\">Yarg\u0131ya m\u00fcdahale anlam\u0131na gelebilecek davran\u0131\u015flardan \u00f6zellikle ka\u00e7\u0131nan T\u00fcrk Silahl\u0131 Kuvvetleri, yarg\u0131lamay\u0131 etkilemeyecek \u015fekilde malum soru\u015fturma ve davalara ili\u015fkin geli\u015fmeleri yak\u0131ndan takip etmektedir.<\/p>\n<p style=\"text-align: justify;\">Uzun tutukluluk s\u00fcrelerinden duyulan rahats\u0131zl\u0131k devletin \u00e7e\u015fitli kademelerinde ve kamuoyunda s\u0131k\u00e7a dile getirilmektedir. S\u00f6z konusu soru\u015fturma ve davalar nedeni ile tutuklu bulunan muvazzaf ve emekli personelimiz i\u00e7in t\u00fcm TSK mensuplar\u0131 gibi bende derin \u00fcz\u00fcnt\u00fc duymaktay\u0131m. TSK, hukukun \u00fcst\u00fcnl\u00fc\u011f\u00fcne her zaman b\u00fcy\u00fck \u00f6nem vermi\u015f ve vermeye devam etmektedir. Bu nedenle soru\u015fturma ve davalar\u0131n devam etti\u011fi bu safhada konuyla ilgili olarak daha fazla bir de\u011ferlendirme yapmam uygun de\u011fildir. Ancak, yarg\u0131 s\u00fcrecinin daha h\u0131zl\u0131 \u00e7al\u0131\u015farak, davalar\u0131n k\u0131sa bir s\u00fcrede sonu\u00e7lanmas\u0131n\u0131 ve insan \u00f6zg\u00fcrl\u00fc\u011f\u00fcn\u00fcn temel ya\u015fam \u015fartlar\u0131ndan birisi oldu\u011fu ger\u00e7e\u011finin hat\u0131rlanmas\u0131n\u0131 temenni ediyorum.<\/p>\n<p style=\"text-align: justify;\"><strong>11. YARGILAMA S\u00dcREC\u0130 UZUN S\u00dcRERSE GELECEK YAPILACAK Y\u00dcKSEK ASKER\u0130 \u015eURADA SIKINTI YA\u015eANIR MI?<\/strong><\/p>\n<p style=\"text-align: justify;\">YA\u015e\u2019\u0131n \u00e7al\u0131\u015fma prensipleri, YA\u015e Kanunu ve TSK personel kanunu belirlenmi\u015ftir.<\/p>\n<p style=\"text-align: justify;\">Tutuklu olup yarg\u0131lamas\u0131 devam eden personel, TSK personel kanununun 65.maddesi gere\u011fince terfi edememekte ancak g\u00f6rev s\u00fcrelerinin bir y\u0131l uzat\u0131lmas\u0131nda yasal bir engel bulunmamaktad\u0131r.<\/p>\n<p style=\"text-align: justify;\">2011 YA\u015e toplant\u0131s\u0131nda; tutuklu olarak yarg\u0131lanan ve terfi s\u0131ras\u0131nda bulunan personelin durumu de\u011ferlendirilmi\u015f, haklar\u0131nda kesinle\u015fmi\u015f bir h\u00fckm\u00fcn mevcut olmamas\u0131 ve masumiyet karinesi \u00e7er\u00e7evesinde s\u00f6z konusu personelin g\u00f6rev s\u00fcreleri bir y\u0131l uzat\u0131lm\u0131\u015ft\u0131r.<\/p>\n<p style=\"text-align: justify;\">2012 YA\u015e toplant\u0131s\u0131 ile ilgili olarak bug\u00fcnden bir de\u011ferlendirme yapmak m\u00fcmk\u00fcn de\u011fildir. Zaman\u0131 gelince konuyu yeni ba\u015ftan ele al\u0131p de\u011ferlendirece\u011fiz.<\/p>\n<p style=\"text-align: justify;\"><strong>12 ORG. I\u015eIK KO\u015eANER&#8217;\u0130N DEVAM EDEN BU YARGI S\u00dcREC\u0130NE TEPK\u0130 OLARAK YANSIYAN \u0130ST\u0130FA KARARINI NASIL DE\u011eERLEND\u0130R\u0130YORSUNUZ?<\/strong><\/p>\n<p style=\"text-align: justify;\">Say\u0131n Komutan\u0131m\u0131z\u0131n ki\u015fisel bir tasarrufu konusunda benim bir de\u011ferlendirme yapmam uygun olmaz.<\/p>\n<p style=\"text-align: justify;\"><strong>13. T\u00dcRK S\u0130LAHLI KUVVETLER\u0130&#8217;N\u0130N YEN\u0130DEN YAPILANDIRILMASI \u00d6RNE\u011e\u0130N EGE ORDUSU&#8217;NUN LA\u011eVED\u0130LMES\u0130 S\u00d6Z KONUSU MU?<\/strong><\/p>\n<p style=\"text-align: justify;\">T\u00fcrk Silahl\u0131 Kuvvetleri, b\u00f6lgesel ve k\u00fcresel g\u00fcvenlik ihtiya\u00e7lar\u0131na, teknolojik geli\u015fmelere ve de\u011fi\u015fen tehdit durumlar\u0131na g\u00f6re de\u011ferlendirmeler yaparak, mevcut kuvvet yap\u0131s\u0131n\u0131 ve konu\u015fland\u0131r\u0131lmas\u0131n\u0131 s\u00fcrekli g\u00f6zden ge\u00e7irmektedir. Bu kapsamda, ihtiya\u00e7 duyulan d\u00fczenlemeler k\u0131sa, orta ve uzun vadeli kuvvet yap\u0131s\u0131 planlamalar\u0131na dahil edilmektedir. Halihaz\u0131rda Ege Or.K.l\u0131\u011f\u0131n\u0131n la\u011fvedilmesine ili\u015fkin bir planlama mevcut de\u011fildir.<\/p>\n<p style=\"text-align: justify;\"><strong>14. GENELKURMAY BA\u015eKANLI\u011eI&#8217;NIN M\u0130LL\u0130 SAVUNMA BAKANLI\u011eINA BA\u011eLANMASI \u00d6NER\u0130LER\u0130NE NASIL YAKLA\u015eIYORSUNUZ?\u00a0<\/strong><\/p>\n<p style=\"text-align: justify;\">TC Devletinin bekas\u0131 i\u00e7in \u00e7ok iyi d\u00fc\u015f\u00fcn\u00fcl\u00fcp de\u011ferlendirillmesi gereken, siyasi ve askeri boyutlar\u0131 bulunan bu \u00e7ok \u00f6nemli ve hassas konuda, bas\u0131n arac\u0131l\u0131\u011f\u0131 ile g\u00f6r\u00fc\u015f a\u00e7\u0131klamam\u0131n uygun bir y\u00f6ntem olmad\u0131\u011f\u0131n\u0131 d\u00fc\u015f\u00fcn\u00fcyorum.<\/p>\n<p style=\"text-align: justify;\"><strong>15. SON AYLARDA GENELKURMAY BA\u015eKANI VE KUVVET KOMUTANLARININ DAH\u0130L OLDU\u011eU PROTOKOL D\u00dcZENLEMELER\u0130NDE BAZI DE\u011e\u0130\u015e\u0130KL\u0130KLER OLDU. BU DE\u011e\u0130\u015e\u0130KL\u0130KLER\u0130 NASIL KAR\u015eILIYORSUNUZ?\u00a0<\/strong><\/p>\n<p style=\"text-align: justify;\">Y\u00fcksek Askeri \u015eura toplant\u0131s\u0131ndaki oturma d\u00fczeni ile ilgili olarak;<\/p>\n<p style=\"text-align: justify;\">Y\u00fcksek Askeri \u015eura toplant\u0131s\u0131ndaki oturma d\u00fczenini komutan arkada\u015flar\u0131mla birlikte karar verip uygulad\u0131k.<\/p>\n<p style=\"text-align: justify;\">30 A\u011fustos Zafer Bayram\u0131 tebrikat\u0131 ile ilgili olarak; Ba\u015fbakanl\u0131k Kanunlar ve Kararlar Genel M\u00fcd\u00fcrl\u00fc\u011f\u00fcnce 7 Eyl\u00fcl 2010 tarihinde yay\u0131mlanan &#8220;Ulusal ve Resmi Bayramlarda Yap\u0131lacak T\u00f6renler Y\u00f6netmeli\u011fi&#8221;nde yap\u0131lan bir de\u011fi\u015fiklikle, 30 A\u011fustos Zafer Bayram\u0131 tebrikat\u0131n\u0131n Genelkurmay Ba\u015fkan\u0131 ve Kuvvet Komutanlar\u0131 taraf\u0131ndan de\u011fil, TBMM Ba\u015fkan\u0131, Ba\u015fbakan, Genelkurmay Ba\u015fkan\u0131 \u00fc\u00e7l\u00fcs\u00fc taraf\u0131ndan kabul edilece\u011fi belirtilmi\u015ftir.<\/p>\n<p style=\"text-align: justify;\">Bu de\u011fi\u015fiklik sonucunda; ulusal ve resmi bayramlarda yap\u0131lan tebrikat t\u00f6renlerinde ortaya \u00e7\u0131kan farkl\u0131 uygulamalar nedeniyle, tebrikat t\u00f6reni esaslar\u0131n\u0131n yeniden d\u00fczenlenmesi ve bu kapsamda t\u00fcm ulusal bayramlarda tebrikat\u0131n Say\u0131n Cumhurba\u015fkan\u0131 taraf\u0131ndan kabul\u00fcn\u00fcn daha uygun olaca\u011f\u0131 taraf\u0131mdan teklif edilmi\u015f ve 30 A\u011fustos Zafer Bayram\u0131 tebrikat\u0131 bu \u015fekilde uygulanm\u0131\u015ft\u0131r. Milli G\u00fcvenlik Kurulu toplant\u0131s\u0131nda oturma d\u00fczeni de Devlet Protokol\u00fcne uygun bir \u015fekilde bilgim dahilinde uygulanm\u0131\u015ft\u0131r.<\/p>\n<p style=\"text-align: justify;\"><strong>16. UZMAN ERBA\u015e UYGULAMASINA NASIL BAKIYORSUNUZ?<\/strong><\/p>\n<p style=\"text-align: justify;\">Uzman Erba\u015flar; TSK&#8217;da devaml\u0131l\u0131k arz eden teknik ve kritik erba\u015f kadro g\u00f6rev yerlerinde yeti\u015fmi\u015f personel ihtiyac\u0131n\u0131 kar\u015f\u0131lamak maksad\u0131yla, 1986 y\u0131l\u0131ndan itibaren 3269 say\u0131l\u0131 Kanun kapsam\u0131nda istihdam edilmeye ba\u015flanm\u0131\u015ft\u0131r.<\/p>\n<p style=\"text-align: justify;\">Kritik kadrolarda uzun s\u00fcreli g\u00f6rev yapmak \u00fczere istihdam edilen uzman erba\u015flar, uzla\u015fman\u0131n ilk ad\u0131m\u0131n\u0131 olu\u015fturmu\u015ftur. Bunun yan\u0131nda birliklerimizin g\u00f6rev etkinli\u011finin y\u00fckseltilmesine \u00f6nemli katk\u0131lar sa\u011flam\u0131\u015flard\u0131r. Uzman Erba\u015flar; 2 y\u0131ldan az, 5 y\u0131ldan fazla olmamak \u015fart\u0131yla s\u00f6zle\u015fme yaparak g\u00f6revlerine ba\u015flamaktad\u0131rlar ve kadro g\u00f6revine g\u00f6re sa\u011fl\u0131k nitelikleri uygun olanlar m\u00fcteakip s\u00f6zle\u015fmelerini bir y\u0131ldan az, 5 y\u0131ldan fazla olmamak \u015fart\u0131yla azami 45 ya\u015f\u0131na girdikleri y\u0131la kadar uzatabilmektedirler.<\/p>\n<p style=\"text-align: justify;\">2008 y\u0131l\u0131nda ba\u015flat\u0131lan ve 2010 y\u0131l\u0131nda tamamlan\u0131lan temin faaliyeti ile komando tugaylar\u0131m\u0131z\u0131n operasyona kat\u0131lan unsurlar\u0131 tamamen uzman erba\u015flardan te\u015fkil edilmi\u015ftir. Jandarma Genel Komutanl\u0131\u011f\u0131&#8217;n\u0131n kurulu\u015funda bulunan Jandarma Komando Taburlar\u0131&#8217;n\u0131n da bir plan dahilinde uzmanla\u015fmas\u0131 \u00e7al\u0131\u015fmalar\u0131 s\u00fcrd\u00fcr\u00fclmektedir. Ayr\u0131ca her y\u0131l ihtiya\u00e7 miktar\u0131 kadar uzman erba\u015f al\u0131m\u0131na da devam edilmektedir.<\/p>\n<p style=\"text-align: justify;\">Di\u011fer taraftan uzman erba\u015f uygulamas\u0131n\u0131n devlet b\u00fct\u00e7esine getirdi\u011fi mali y\u00fck ile uzman erba\u015flara sa\u011flanacak sosyal d\u00fczenlemelerin yarataca\u011f\u0131 problemler g\u00f6z ard\u0131 edilmemelidir. Uzman erba\u015flar\u0131n kar\u015f\u0131la\u015ft\u0131\u011f\u0131 sorunlar\u0131n \u00e7\u00f6z\u00fcm\u00fcne y\u00f6nelik olarak yasal d\u00fczenlemeler yap\u0131lmaktad\u0131r. Bu kapsamda bug\u00fcne kadar yap\u0131lan yasal d\u00fczenlemeler ile;<\/p>\n<p style=\"text-align: justify;\">-Ya\u015f haddi nedeniyle TSK&#8217;dan ayr\u0131lan\/ayr\u0131lacak olan uzman erba\u015flar\u0131n emekli ayl\u0131\u011f\u0131na hak kazand\u0131klar\u0131 tarihe kadar MSB ve TSK kadrolar\u0131nda sivil memur olarak istihdam edilerek emekli olmalar\u0131na,<\/p>\n<p style=\"text-align: justify;\">-3713 say\u0131l\u0131 Ter\u00f6rle M\u00fccadele Kanunu kapsam\u0131nda malul olan uzman erba\u015flarda isteklilerin mensup olduklar\u0131 kuvvet komutanl\u0131klar\u0131nca uygun g\u00f6r\u00fclmesi halinde; yeniden uzman erba\u015f olabilmelerine,<\/p>\n<p style=\"text-align: justify;\">-30 g\u00fcnl\u00fck y\u0131ll\u0131k izni d\u0131\u015f\u0131nda 15 g\u00fcn mazeret iznini kullanabilmelerine,<\/p>\n<p style=\"text-align: justify;\">-Asgari 2 y\u0131l s\u00fcre ile TSK&#8217;da g\u00f6rev yapmay\u0131 m\u00fcteakip kendi iste\u011fi ile s\u00f6zle\u015fmesini feshedenler ile ya\u015f haddi ve sa\u011fl\u0131k gerek\u00e7eleri ile s\u00f6zle\u015fmeleri feshedilen uzman erba\u015flar\u0131n kamu kurum ve kurulu\u015flar\u0131nda devlet memuru olarak istihdam edilmelerine imkan sa\u011flanm\u0131\u015ft\u0131r.<\/p>\n<p style=\"text-align: justify;\"><strong>17. BEDELL\u0130 ASKERL\u0130K \u00d6NER\u0130LER\u0130NE NASIL YAKLA\u015eIYORSUNUZ? KISA VADEDE B\u00d6YLE B\u0130R \u00c7ALI\u015eMA OLACAK MI? ASKERL\u0130K S\u00dcRES\u0130N\u0130N KISALTILMASI BU \u00c7ALI\u015eMALAR KAPSAMINDA D\u00dc\u015e\u00dcN\u00dcL\u00dcYOR MU?\u00a0<\/strong><\/p>\n<p style=\"text-align: justify;\">Bedelli Askerlik 1111 say\u0131l\u0131 Askerlik Kanunu&#8217;nun 10. maddesiyle d\u00fczenlenmi\u015ftir. \u0130lgili kanun maddesine g\u00f6re, bedelli askerlik &#8220;y\u00fck\u00fcml\u00fc kayna\u011f\u0131n\u0131n TSK ihtiya\u00e7lar\u0131ndan fazla olmas\u0131, ihtiya\u00e7 fazlas\u0131 y\u00fck\u00fcml\u00fclerin temel e\u011fitimlerini yapmas\u0131 ve ard\u0131ndan bedel \u00f6deyerek askerliklerinin kalan k\u0131s\u0131mlar\u0131n\u0131 yapm\u0131\u015f say\u0131lmalar\u0131&#8221; \u015feklinde d\u00fczenlenmi\u015ftir.<\/p>\n<p style=\"text-align: justify;\">Bu g\u00fcne kadar 1987, 1992 ve 1999 y\u0131llar\u0131nda \u00fc\u00e7 kez Askerlik Kanunu&#8217;na ge\u00e7ici maddeler eklenerek bedelli askerlik uygulanm\u0131\u015f, uygulamadan toplam 125844 vatanda\u015f\u0131m\u0131z faydalanm\u0131\u015ft\u0131r. Bedelli askerli\u011fe karar verilirken; halk\u0131m\u0131z\u0131n hassasiyetleri, Anayasada belirtildi\u011fi \u015fekilde vatan hizmetinin herkes i\u00e7in hak ve \u00f6dev oldu\u011fu, fakir-zengin ayr\u0131mc\u0131l\u0131\u011f\u0131na gidilmemesinin \u00e7ok \u00f6nemli hususlar oldu\u011funu d\u00fc\u015f\u00fcn\u00fcyorum.<\/p>\n<p style=\"text-align: justify;\">Askerlik s\u00fcresinin k\u0131salt\u0131lmas\u0131 kamuoyunda s\u0131k s\u0131k g\u00fcndeme getirilmektedir. Ancak, bu tart\u0131\u015fmalar\u0131n; TSK.n\u0131n b\u00f6lgesinde etkin bir cayd\u0131r\u0131c\u0131 g\u00fc\u00e7 olma \u00f6zelli\u011fi, d\u00fcnyan\u0131n hemen hemen her yerinde olu\u015fan\/olu\u015facak bar\u0131\u015f\u0131 koruma ve destekleme g\u00f6revleri ve en \u00f6nemlisi toplumun de\u011fer yarg\u0131lar\u0131 ile i\u00e7 ve d\u0131\u015f g\u00fcvenlik konusu ile birlikte de\u011ferlendirilmesinin daha uygun olaca\u011f\u0131n\u0131 d\u00fc\u015f\u00fcn\u00fcyorum.<\/p>\n<p style=\"text-align: justify;\"><strong>18. \u0130\u00c7 H\u0130ZMET KANUNU&#8217;NUN 35&#8217;\u0130NC\u0130 MADDES\u0130N\u0130N DE\u011e\u0130\u015eT\u0130R\u0130LMES\u0130 YA DA KALDIRILMASI F\u0130KR\u0130NE NASIL YAKLA\u015eIYORSUNUZ?<\/strong><\/p>\n<p style=\"text-align: justify;\">\u0130\u00e7 Hizmet Kanunu&#8217;nun 35&#8217;inci maddesinin de\u011fi\u015ftirilmesine ya da kald\u0131r\u0131lmas\u0131na ili\u015fkin taleplerin temel gerek\u00e7esini bu maddenin mevcut y\u00f6netimine kar\u015f\u0131 askeri m\u00fcdahalelerin yasal dayana\u011f\u0131n\u0131 te\u015fkil etti\u011fi iddias\u0131n\u0131n olu\u015fturdu\u011fu g\u00f6r\u00fclmektedir.<\/p>\n<p style=\"text-align: justify;\">\u00d6ncelikle belirtmek gerekir ki, \u0130\u00e7 Hizmet Kanunu&#8217;nun 35&#8217;inci maddesi, Ulu \u00d6nder Atat\u00fcrk d\u00f6neminde y\u00fcr\u00fcrl\u00fc\u011fe giren 1935 tarihli Ordu Dahili Hizmet Kanunu&#8217;nun 34&#8217;\u00fcnc\u00fc maddesinin tekrar\u0131ndan ibaret olup, y\u00f6netime kar\u015f\u0131 askeri m\u00fcdahalelere zemin olu\u015fturulmas\u0131 maksad\u0131yla konulmam\u0131\u015ft\u0131r. Bu maddenin d\u00fczenleni\u015f amac\u0131, 1935 tarihli Ordu Dahili Hizmet Kanunu&#8217;nun 34&#8217;\u00fcnc\u00fc maddesinin gerek\u00e7esinde de belirtildi\u011fi \u015fekilde, TSK&#8217;nin genel g\u00f6revini belirlemek ve ordunun vazifesinin daha iyi anlat\u0131lmas\u0131 ve \u00f6\u011fretilmesidir. Ayr\u0131ca, kurumlar\u0131n g\u00f6rev, yetki ve sorumluluklar\u0131n\u0131n anayasa ve \u00f6zel kanunlar\u0131nda a\u00e7\u0131k\u00e7a d\u00fczenlenmesi demokratik y\u00f6netim ilkesinin do\u011fal ve gerekli bir sonucudur.<\/p>\n<p style=\"text-align: justify;\"><strong>19. \u0130SRA\u0130L \u0130LE D\u0130PLOMAT\u0130K ALANDA YA\u015eANAN KR\u0130Z, ASKER\u0130 MAKAMLARI ARASINDA \u0130L\u0130\u015eK\u0130LERE NASIL YANSIDI? KR\u0130Z\u0130N A\u015eILMASINDA ASKERDEN ASKERE \u0130\u015eLEYEN B\u0130R KANAL VAR MI?\u00a0<\/strong><\/p>\n<p style=\"text-align: justify;\">Askeri faaliyetler ask\u0131ya al\u0131nm\u0131\u015ft\u0131r. Krizin a\u015f\u0131lmas\u0131nda ayr\u0131 bir askeri kanal veya temas yoktur. Ayr\u0131ca buna ihtiya\u00e7 da yoktur. Bu konu askeri de\u011fil, siyasidir.<\/p>\n<p style=\"text-align: justify;\"><strong>20. RUM KES\u0130M\u0130 \u0130LE DO\u011eU AKDEN\u0130Z&#8217;DE YA\u015eANAN GERG\u0130NL\u0130\u011e\u0130 NASIL DE\u011eERLEND\u0130R\u0130YORSUNUZ?<\/strong><\/p>\n<p style=\"text-align: justify;\">Do\u011fu Akdeniz, bilindi\u011fi gibi her \u015feyden \u00f6nce Atlantik Okyanusunu Hint Okyanusuna ba\u011flayan en \u00f6nemli ve k\u0131sa, fevkalade \u00f6nemli bir su yoludur. Hatta nakledilen kargoya bakarak bu denizin bir enerji yolu oldu\u011fu da s\u00f6ylenebilir. Son zamanlarda yap\u0131lan incelemelerle Do\u011fu Akdeniz&#8217;in ayn\u0131 zamanda bir enerji deposu oldu\u011fu da g\u00f6r\u00fclmektedir. On senedir ya\u015fanan deniz yetki alanlar\u0131 s\u0131n\u0131rland\u0131r\u0131lmas\u0131 sorunu da bu \u00f6zellikten kaynaklanmaktad\u0131r.<\/p>\n<p style=\"text-align: justify;\">\u00dclkemizin karasal y\u00fcz\u00f6l\u00e7\u00fcm\u00fc 780000 km2&#8217;dir. Buna ilaveten Mavi Vatan olarak da adland\u0131r\u0131lan yakla\u015f\u0131k 460000 km2&#8217;lik deniz yetki alan\u0131m\u0131z bulunmaktad\u0131r. Mavi Vatan\u0131n yakla\u015f\u0131k 1\/3&#8217;\u00fc yani 145000 km2&#8217;si Do\u011fu Akdeniz&#8217;dedir. Bu denizde, k\u0131y\u0131lar\u0131 en uzun devletlerden birisi de T\u00fcrkiye&#8217;dir. Do\u011fu Akdeniz&#8217;deki deniz yetki alan\u0131m\u0131z k\u0131y\u0131lar\u0131m\u0131z\u0131n uzunlu\u011fu ile orant\u0131l\u0131 olmal\u0131d\u0131r diye d\u00fc\u015f\u00fcn\u00fcyorum.<\/p>\n<p style=\"text-align: justify;\">G\u00fcney K\u0131br\u0131s Rum Y\u00f6netimi (GKRY) 2003&#8217;ten beri Do\u011fu Akdeniz&#8217;de yetkisi olmadan yapt\u0131\u011f\u0131 hukuka ayk\u0131r\u0131 andla\u015fmalar, a\u00e7t\u0131\u011f\u0131 ihale ve verdi\u011fi ruhsatlarla hem T\u00fcrkiye&#8217;nin hem de Kuzey K\u0131br\u0131s T\u00fcrk Cumhuriyeti&#8217;nin hak ve menfaatlerini ihlal etmektedir. Ayr\u0131ca K\u0131br\u0131s Adas\u0131&#8217;n\u0131n g\u00fcneyinde 12 numaral\u0131 parselde s\u00fcrd\u00fcr\u00fclen sondaj \u00e7al\u0131\u015fmas\u0131 devam etmekte olan g\u00f6r\u00fc\u015fmeleri de sabote etmektedir. GKRY, bir taraftan K\u0131br\u0131s T\u00fcrk Halk\u0131n\u0131n e\u015fit hak sahibi oldu\u011fu do\u011fal zenginliklerden haks\u0131z olarak tek ba\u015f\u0131na yararlanmaya \u00e7al\u0131\u015f\u0131rken di\u011fer taraftan da m\u00fczakereleri sonu\u00e7suz b\u0131rakmak i\u00e7in bahane bulma \u00e7abas\u0131ndad\u0131r.<\/p>\n<p style=\"text-align: justify;\">T\u00fcrkiye; 32* 16* 18* meridyeninin bat\u0131s\u0131nda deniz taban\u0131nda ve su kitlesinde uluslararas\u0131 hukuktan do\u011fan m\u00fcnhas\u0131r haklar\u0131 oldu\u011funu, bu b\u00f6lgede s\u0131n\u0131rland\u0131rman\u0131n ilgili devletler aras\u0131nda hakkaniyete uygun olarak yap\u0131lmas\u0131 gerekti\u011fini, GKRY&#8217;nin tek ba\u015f\u0131na K\u0131br\u0131s Adas\u0131&#8217;n\u0131 temsil etmedi\u011fini, KKTC&#8217;nin yok say\u0131larak yap\u0131lan antla\u015fmalar\u0131n\u0131n ge\u00e7ersiz oldu\u011funu ve tan\u0131mayaca\u011f\u0131n\u0131 ifade etmektedir.<\/p>\n<p style=\"text-align: justify;\"><strong>21. SUR\u0130YE&#8217;DEK\u0130 \u0130\u00c7 KARI\u015eIKLIKLARIN GELECE\u011e\u0130N\u0130 NASIL G\u00d6R\u00dcYORSUNUZ?<\/strong><\/p>\n<p style=\"text-align: justify;\">Suriye&#8217;de cereyan eden olaylar \u00f6ncelikle bu \u00fclkenin kendi i\u00e7 meselesidir. Ancak, Suriye ile ortak s\u0131n\u0131r\u0131 payla\u015fmam\u0131z, k\u00fclt\u00fcrel benzerliklerimiz ve baz\u0131 vatanda\u015flar\u0131m\u0131z\u0131n akraba ba\u011flant\u0131lar\u0131n\u0131n bulunmas\u0131, Ortado\u011fu&#8217;da \u00f6nemli bir \u00fclke olmas\u0131 ve \u00fclkemizin g\u00fcvenli\u011fi y\u00f6n\u00fcnden ilgilendiren bir konumda bulunmas\u0131 nedenleriyle geli\u015fmeleri yak\u0131ndan izliyoruz. Temennim, en k\u0131sa zamanda \u00fclkenin uluslar aras\u0131 normlar \u00e7er\u00e7evesinde i\u00e7 istikrara kavu\u015fmas\u0131d\u0131r.<\/p>\n<p style=\"text-align: justify;\"><a href=\"http:\/\/www.gazeteport.com.tr\/haber\/59361\/org_ozelden_onemli_aciklamalar\" target=\"_blank\">Kaynak : GAZETEPORT<\/a><\/p>\n","protected":false},"excerpt":{"rendered":"<p style=\"text-align: center;\">\n<p style=\"text-align: justify;\">Genelkurmay Ba\u015fkan\u0131 Org. Necdet \u00d6zel&#8217;den ilgin\u00e7 yan\u0131tlar. Necdet \u00d6zel TSK&#8217;n\u0131n Ramazan ay\u0131n\u0131n 17&#8217;sinden bu g\u00fcne PKK kamplar\u0131n\u0131n bombaland\u0131\u011f\u0131n\u0131 s\u00f6yledi. Oysa Ba\u015fbakan Erdo\u011fan PKK&#8217;n\u0131n sald\u0131r\u0131lar\u0131 kar\u015f\u0131s\u0131nda Ramazan&#8217;dan sonra g\u00fcnlerini g\u00f6recekler&#8221; demi\u015fti. Necdet \u00d6zel, Jandarma Genel Komutan\u0131 oldu\u011fu d\u00f6nemde \u00d6calan ile M\u0130T M\u00fcste\u015far\u0131 Hakan Fidan aras\u0131ndaki g\u00f6r\u00fc\u015fmeden haberi olmad\u0131\u011f\u0131n\u0131 s\u00f6yledi. TSK&#8217;nin i\u00e7 <\/p>\n","protected":false},"author":1,"featured_media":0,"comment_status":"open","ping_status":"open","sticky":false,"template":"","format":"standard","meta":{"footnotes":""},"categories":[105],"tags":[],"class_list":["post-41663","post","type-post","status-publish","format-standard","hentry","category-gundem","odd"],"_links":{"self":[{"href":"http:\/\/www.korhanyilmaz.com\/index.php?rest_route=\/wp\/v2\/posts\/41663","targetHints":{"allow":["GET"]}}],"collection":[{"href":"http:\/\/www.korhanyilmaz.com\/index.php?rest_route=\/wp\/v2\/posts"}],"about":[{"href":"http:\/\/www.korhanyilmaz.com\/index.php?rest_route=\/wp\/v2\/types\/post"}],"author":[{"embeddable":true,"href":"http:\/\/www.korhanyilmaz.com\/index.php?rest_route=\/wp\/v2\/users\/1"}],"replies":[{"embeddable":true,"href":"http:\/\/www.korhanyilmaz.com\/index.php?rest_route=%2Fwp%2Fv2%2Fcomments&post=41663"}],"version-history":[{"count":0,"href":"http:\/\/www.korhanyilmaz.com\/index.php?rest_route=\/wp\/v2\/posts\/41663\/revisions"}],"wp:attachment":[{"href":"http:\/\/www.korhanyilmaz.com\/index.php?rest_route=%2Fwp%2Fv2%2Fmedia&parent=41663"}],"wp:term":[{"taxonomy":"category","embeddable":true,"href":"http:\/\/www.korhanyilmaz.com\/index.php?rest_route=%2Fwp%2Fv2%2Fcategories&post=41663"},{"taxonomy":"post_tag","embeddable":true,"href":"http:\/\/www.korhanyilmaz.com\/index.php?rest_route=%2Fwp%2Fv2%2Ftags&post=41663"}],"curies":[{"name":"wp","href":"https:\/\/api.w.org\/{rel}","templated":true}]}}