{"id":41659,"date":"2011-10-24T10:13:18","date_gmt":"2011-10-24T07:13:18","guid":{"rendered":"http:\/\/www.korhanyilmaz.com\/?p=41659"},"modified":"2011-10-24T16:41:18","modified_gmt":"2011-10-24T13:41:18","slug":"kilicdaroglu-vana-gitti","status":"publish","type":"post","link":"http:\/\/www.korhanyilmaz.com\/?p=41659","title":{"rendered":"K\u0131l\u0131\u00e7daro\u011flu Van&#8217;a gitti"},"content":{"rendered":"<p style=\"text-align: center;\"><a href=\"http:\/\/www.korhanyilmaz.com\/wp-content\/uploads\/2011\/10\/3030.jpg\"  class=\"lightview\"><img loading=\"lazy\" decoding=\"async\" class=\"aligncenter  wp-image-41660\" src=\"http:\/\/www.korhanyilmaz.com\/wp-content\/uploads\/2011\/10\/3030.jpg\" alt=\"\" width=\"416\" height=\"189\" \/><\/a><\/p>\n<p style=\"text-align: justify;\">Van&#8217;da meydana gelen 7,2&#8217;lik depremin ard\u0131ndan CHP Genel Ba\u015fkan\u0131 Kemal K\u0131l\u0131\u00e7daro\u011flu, bu sabah saat 09.00&#8217;da Van&#8217;a gitti.<\/p>\n<p style=\"text-align: justify;\">\u0130STANBUL &#8211; K\u0131l\u0131\u00e7daro\u011flu, Sabiha G\u00f6k\u00e7en Havaalan\u0131&#8217;nda gazetecilerin sorular\u0131n\u0131 cevaplad\u0131. Kemal K\u0131l\u0131\u00e7daro\u011flu \u201cYa\u015fanan olay ger\u00e7ekten cok ciddi, devlet b\u00fct\u00fcn imkanlar\u0131yla yaralar\u0131 sarmaya \u00e7al\u0131\u015f\u0131yor. \u00d6lenlere ba\u015fsa\u011fl\u0131\u011f\u0131 diliyoruz&#8221; dedi.\u00a0<!--more--><\/p>\n<p style=\"text-align: justify;\">&#8221;\u0130srail dahil her taraftan gelen yard\u0131m \u00e7a\u011fr\u0131lar\u0131n\u0131 nas\u0131l de\u011ferlendiriyorsunuz?&#8221; \u015feklindeki soruya K\u0131l\u0131\u00e7daro\u011flu, \u201c\u0130nsani yard\u0131mlara her zaman sayg\u0131 duymam\u0131z gerekiyor. Ama T\u00fcrkiye d\u0131\u015far\u0131dan yard\u0131m almaks\u0131z\u0131n kendi yaralar\u0131n\u0131 saracak g\u00fc\u00e7tedir&#8221; diye konu\u015ftu.<\/p>\n<p style=\"text-align: justify;\">Kemal K\u0131l\u0131\u00e7daro\u011flu, &#8220;Sonu\u00e7ta bir deprem bir facia. Kolay atlat\u0131lmas\u0131 gereken t\u00fcrden bir sars\u0131nt\u0131 de\u011fil. Can kay\u0131plar\u0131 ne kadar az olursa o kadar iyi olur. Sonu\u00e7ta depreme kar\u015f\u0131 T\u00fcrkiye jeolojik olarak \u00e7ok hassas bir noktada bulunuyor. Yap\u0131lar\u0131m\u0131z\u0131 m\u00fcteahhitlerimiz buna g\u00f6re yapmal\u0131, ihaleler buna g\u00f6re yap\u0131lmal\u0131. B\u00fct\u00fcn bu olaylar bize \u00e7ok ders verdi. O derslerin gere\u011fini mutlaka yerine getirmeliyiz&#8221; ifadesini kulland\u0131.<\/p>\n<p style=\"text-align: justify;\">Genel Ba\u015fkan Yard\u0131mc\u0131s\u0131 G\u00fcrsel Tekin de, \u201cSay\u0131 konusunda daha farkl\u0131 rakamlar co\u011frafik olarak uzak oldu\u011fu i\u00e7in arama kurtarma ekiplerinin yeti\u015fmedi\u011fi \u00e7ad\u0131rlar\u0131n bu sabah gitti\u011fi g\u00f6r\u00fcl\u00fcyor. Umut ediyoruz ki daha fazla can kayb\u0131 olmaz \u00f6lenlere rahmet yaral\u0131lara \u015fifa diliyoruz&#8221; diye konu\u015ftu.<\/p>\n<p style=\"text-align: justify;\"><a href=\"http:\/\/www.gazeteport.com.tr\/haber\/59224\/kilicdaroglu_vana_gitti\" target=\"_blank\">Kaynak : GAZETEPORT<\/a><\/p>\n","protected":false},"excerpt":{"rendered":"<p style=\"text-align: center;\">\n<p style=\"text-align: justify;\">Van&#8217;da meydana gelen 7,2&#8217;lik depremin ard\u0131ndan CHP Genel Ba\u015fkan\u0131 Kemal K\u0131l\u0131\u00e7daro\u011flu, bu sabah saat 09.00&#8217;da Van&#8217;a gitti.<\/p>\n<p style=\"text-align: justify;\">\u0130STANBUL &#8211; K\u0131l\u0131\u00e7daro\u011flu, Sabiha G\u00f6k\u00e7en Havaalan\u0131&#8217;nda gazetecilerin sorular\u0131n\u0131 cevaplad\u0131. Kemal K\u0131l\u0131\u00e7daro\u011flu \u201cYa\u015fanan olay ger\u00e7ekten cok ciddi, devlet b\u00fct\u00fcn imkanlar\u0131yla yaralar\u0131 sarmaya \u00e7al\u0131\u015f\u0131yor. \u00d6lenlere ba\u015fsa\u011fl\u0131\u011f\u0131 diliyoruz&#8221; dedi. <\/p>\n","protected":false},"author":1,"featured_media":0,"comment_status":"open","ping_status":"open","sticky":false,"template":"","format":"standard","meta":{"footnotes":""},"categories":[105],"tags":[],"class_list":["post-41659","post","type-post","status-publish","format-standard","hentry","category-gundem","odd"],"_links":{"self":[{"href":"http:\/\/www.korhanyilmaz.com\/index.php?rest_route=\/wp\/v2\/posts\/41659","targetHints":{"allow":["GET"]}}],"collection":[{"href":"http:\/\/www.korhanyilmaz.com\/index.php?rest_route=\/wp\/v2\/posts"}],"about":[{"href":"http:\/\/www.korhanyilmaz.com\/index.php?rest_route=\/wp\/v2\/types\/post"}],"author":[{"embeddable":true,"href":"http:\/\/www.korhanyilmaz.com\/index.php?rest_route=\/wp\/v2\/users\/1"}],"replies":[{"embeddable":true,"href":"http:\/\/www.korhanyilmaz.com\/index.php?rest_route=%2Fwp%2Fv2%2Fcomments&post=41659"}],"version-history":[{"count":0,"href":"http:\/\/www.korhanyilmaz.com\/index.php?rest_route=\/wp\/v2\/posts\/41659\/revisions"}],"wp:attachment":[{"href":"http:\/\/www.korhanyilmaz.com\/index.php?rest_route=%2Fwp%2Fv2%2Fmedia&parent=41659"}],"wp:term":[{"taxonomy":"category","embeddable":true,"href":"http:\/\/www.korhanyilmaz.com\/index.php?rest_route=%2Fwp%2Fv2%2Fcategories&post=41659"},{"taxonomy":"post_tag","embeddable":true,"href":"http:\/\/www.korhanyilmaz.com\/index.php?rest_route=%2Fwp%2Fv2%2Ftags&post=41659"}],"curies":[{"name":"wp","href":"https:\/\/api.w.org\/{rel}","templated":true}]}}