{"id":41654,"date":"2011-10-24T13:19:45","date_gmt":"2011-10-24T10:19:45","guid":{"rendered":"http:\/\/www.korhanyilmaz.com\/?p=41654"},"modified":"2011-10-24T16:37:27","modified_gmt":"2011-10-24T13:37:27","slug":"odatv-davasinda-skandal-gercek","status":"publish","type":"post","link":"http:\/\/www.korhanyilmaz.com\/?p=41654","title":{"rendered":"OdaTv davas\u0131nda skandal ger\u00e7ek"},"content":{"rendered":"<p style=\"text-align: center;\"><a href=\"http:\/\/www.korhanyilmaz.com\/wp-content\/uploads\/2011\/10\/3029.jpg\"  class=\"lightview\"><img loading=\"lazy\" decoding=\"async\" class=\"aligncenter  wp-image-41655\" src=\"http:\/\/www.korhanyilmaz.com\/wp-content\/uploads\/2011\/10\/3029.jpg\" alt=\"\" width=\"436\" height=\"99\" \/><\/a><\/p>\n<p style=\"text-align: justify;\">OdaTv Davas\u0131\u2019n\u0131n tutuklu san\u0131klar\u0131ndan Gazeteci M\u00fcyesser Y\u0131ld\u0131z\u2019\u0131n bilgisayar\u0131nda elde edilen ve su\u00e7a konu olan dosyalar\u0131n uzman raporlar\u0131na g\u00f6re Y\u0131ld\u0131z\u2019\u0131n bilgisi d\u0131\u015f\u0131nda y\u00fcklendi\u011fi ortaya \u00e7\u0131kt\u0131.\u00a0<!--more--><\/p>\n<p style=\"text-align: justify;\">ANKARA &#8211; OdaTv Davas\u0131\u2019n\u0131n tutuklu san\u0131klar\u0131ndan Gazeteci M\u00fcyesser Y\u0131ld\u0131z\u2019\u0131n bilgisayar\u0131nda elde edilen ve su\u00e7a konu olan dosyalar\u0131n uzman raporlar\u0131na g\u00f6re Y\u0131ld\u0131z\u2019\u0131n bilgisi d\u0131\u015f\u0131nda y\u00fcklendi\u011fi ortaya \u00e7\u0131kt\u0131.<\/p>\n<p style=\"text-align: justify;\"><strong>V\u0130R\u00dcS ARACILI\u011eIYLA AKTARILMI\u015e<\/strong><\/p>\n<p style=\"text-align: justify;\">Ortado\u011fu Teknik \u00dcniversitesi\u2019nin bilgisayar m\u00fchendisleri taraf\u0131ndan haz\u0131rlanan raporda, delil klas\u00f6r\u00fcnde bulunan \u201cUlusal Medya 2010.doc\u201d, \u201cSY.doc\u201d, \u201cHanefi.doc\u201d, \u201cYal\u00e7\u0131n Hoca.doc\u201d isimli dosyalar\u0131n, Y\u0131ld\u0131z\u2019\u0131n bilgisayar\u0131na vir\u00fcs arac\u0131l\u0131\u011f\u0131yla aktar\u0131ld\u0131\u011f\u0131 ve zamanlar\u0131n\u0131n de\u011fi\u015ftirildi\u011fi bilgisine yer verildi.<\/p>\n<p style=\"text-align: justify;\">Avukat Nebi Do\u011fan, m\u00fcvekkili M\u00fcyesser Y\u0131ld\u0131z\u2019\u0131n evindeki bilgisayarda ele ge\u00e7irilen ve iddianamenin delil klas\u00f6r\u00fcnde yer alan \u201cUlusal Medya 2010.doc\u201d , \u201cSY.doc\u201d , \u201cHanefi.doc\u201d , \u201cYal\u00e7\u0131n Hoca.doc\u201d isimli dosyalar i\u00e7in uzman g\u00f6r\u00fc\u015f\u00fc ald\u0131. ODT\u00dc M\u00fchendislik Fak\u00fcltesi Bilgisayar M\u00fchendisli\u011fi B\u00f6l\u00fcm\u00fc \u00d6\u011fretim \u00dcyeleri Prof. Dr. G\u00f6kt\u00fcrk \u00dc\u00e7oluk ve Ara\u015ft\u0131rma G\u00f6revlisi G\u00f6kdeniz Karada\u011f taraf\u0131ndan haz\u0131rlanan rapora ula\u015f\u0131ld\u0131.<\/p>\n<p style=\"text-align: justify;\">Mahkemeye sunulacak raporda uzmanlar, \u201cYakalama ev arama ve el koyla tutana\u011f\u0131nda\u201d 72. maddede belirtilen MD5 de\u011feri olan diske ait oldu\u011fu belirtilen disk imaj\u0131n\u0131 Accessdata firmas\u0131 taraf\u0131ndan \u00fcretilen ve Adalet Bakanl\u0131\u011f\u0131\u2019nca da adli bili\u015fim incelemesinde kullan\u0131lmas\u0131 i\u00e7in \u00f6nerilen FTK Imager yaz\u0131l\u0131m\u0131yla incelemesini ger\u00e7ekle\u015ftirdi.<\/p>\n<p style=\"text-align: justify;\"><strong>DE\u011e\u0130\u015eT\u0130R\u0130LMES\u0130 M\u00dcMK\u00dcN<\/strong><\/p>\n<p style=\"text-align: justify;\">Hard diskteki dosyalar\u0131n kriptolama yap\u0131larak koruma alt\u0131na al\u0131nmad\u0131\u011f\u0131n\u0131n belirtildi\u011fi raporda, \u201c\u0130maj alan cihaz\u0131n yaz\u0131l\u0131m\u0131nda veya donan\u0131m\u0131nda yap\u0131lan de\u011fi\u015fiklikler sayesinde imaj al\u0131nmas\u0131nda kullan\u0131lan cihaz\u0131n imaj alma i\u015flemi \u00f6ncesi veya s\u0131ras\u0131nda, almakta oldu\u011fu imaja dosya eklemesi yapmas\u0131 m\u00fcmk\u00fcnd\u00fcr. B\u00f6ylece imaj\u0131n MD5 de\u011feri al\u0131nd\u0131\u011f\u0131nda imaja asl\u0131nda \u00e7oktan dosya eklenmi\u015f olmas\u0131 sa\u011flanabilir. Bunun yan\u0131nda, imaj al\u0131n\u0131rken orijinal kayna\u011f\u0131n da uygun bi\u00e7imde de\u011fi\u015ftirilmesi m\u00fcmk\u00fcnd\u00fcr\u201d denildi.<\/p>\n<p style=\"text-align: justify;\"><strong>DOSYALAR UZMAN K\u0130\u015e\u0130LER TARAFINDAN DE\u011e\u0130\u015eT\u0130R\u0130LM\u0130\u015e<\/strong><\/p>\n<p style=\"text-align: justify;\">\u0130maj alma cihaz\u0131n\u0131n herhangi bir sertifikasyon s\u00fcrecinden ge\u00e7ti\u011fine dair bir bilginin, \u00fcr\u00fcn\u00fcn web sayfas\u0131nda bulunmad\u0131\u011f\u0131na dikkat \u00e7ekilen raporda, uzmanlar delil klas\u00f6r\u00fcnde yer alan dosyalar\u0131n tarihlerine ili\u015fkin ilgin\u00e7 de\u011ferlendirmelerde bulunuldu:<\/p>\n<p style=\"text-align: justify;\">\u201cDosya sisteminde bulunan olu\u015fturulma, de\u011fi\u015ftirilme ve eri\u015fim tarihleri, \u00e7e\u015fitli ara\u00e7lar kullan\u0131larak de\u011fi\u015ftirilebilecek, g\u00fcvenilir olmayan tarihlerdir. Ancak bu tarihlerde veya dosyada bir de\u011fi\u015fiklik yap\u0131ld\u0131\u011f\u0131nda, dosya sisteminin kullan\u0131c\u0131ya sunulmayan kendi i\u00e7 kay\u0131tlar\u0131ndaki bir tabloda dosyayla ilgili kay\u0131tlar g\u00fcncellenir. Bilgisayar\u0131n ilgili dizinindeki y\u00fczlerde dosya aras\u0131ndan sadece bu 4 dosyada, normal dosyalarda olmayan ve dosyalara sadece ortalama bilgisayar kullan\u0131c\u0131lar\u0131n bilemeyece\u011fi y\u00f6ntemlerle eri\u015fildi\u011finde \u2018veya dosyada de\u011fi\u015fiklik yap\u0131ld\u0131\u011f\u0131nda\u2019 olu\u015fabilecek tarih verileri bulunmaktad\u0131r. Ayn\u0131 dosya sisteme sahip bir diskte bir dosya yarat\u0131lm\u0131\u015f, yarat\u0131lan dosyan\u0131n bahsedilen tarih kay\u0131tlar\u0131na sahip olmad\u0131\u011f\u0131 g\u00f6r\u00fclm\u00fc\u015ft\u00fcr.\u201d<\/p>\n<p style=\"text-align: justify;\"><strong>KULLANICININ B\u0130LG\u0130S\u0130 VE HABER\u0130 OLMADAN DOSYALAR Y\u00dcKLEND\u0130<\/strong><\/p>\n<p style=\"text-align: justify;\">Raporda yer alan bilgiye g\u00f6re, \u201cUlusal Medya 2010.doc\u201d isimli dosyan\u0131n g\u00f6r\u00fcn\u00fcrde olu\u015fturulma tarihi 04 Ekim 2010. \u0130nceleme yapan uzmanlar ise s\u00f6zkonusu dosyan\u0131n MFT kay\u0131t tarihinin (de\u011fi\u015ftirilme tarihi) OdaTv\u2019ye bask\u0131n\u0131n yap\u0131ld\u0131\u011f\u0131 14 \u015eubat 2011 oldu\u011funa dikkat \u00e7ekti. Raporda yer alan bilgiye g\u00f6re, \u201cSY.doc\u201d dosyas\u0131n\u0131n g\u00f6r\u00fcn\u00fcrde olu\u015fturulma tarihi ise 01 A\u011fustos 2010. Bu dosya \u00fczerinde yap\u0131lan incelemede kayd\u0131n\u0131n yine bask\u0131n\u0131n yap\u0131ld\u0131\u011f\u0131 g\u00fcn ve saatlerde de\u011fi\u015ftirildi\u011fi ortaya \u00e7\u0131kt\u0131. \u201cHanefi.doc\u201d ve \u201cYal\u00e7\u0131n Hoca.doc\u201d isimli dosyalar\u0131n kay\u0131tlar\u0131n\u0131n de\u011fi\u015ftirilme tarihleri ise yeni OdaTv\u2019ye polis taraf\u0131ndan bask\u0131n\u0131n yap\u0131ld\u0131\u011f\u0131 g\u00fcn. Raporda, bu de\u011fi\u015fimin kullan\u0131c\u0131n\u0131n bilgisi d\u0131\u015f\u0131nda ve bilgisayar konusunda \u00f6zel bilgiye sahip olan uzmanlar taraf\u0131ndan yap\u0131labilece\u011fine dikkat \u00e7ekilerek \u015fu de\u011ferlendirmeye yer verildi:<\/p>\n<p style=\"text-align: justify;\">\u201cBu dosyalar\u0131n hepsinin tarihinin de\u011fi\u015ftirilmi\u015f olmas\u0131, \u2018Ulusal Medya 2010.doc\u2019 d\u0131\u015f\u0131ndakilerin tarih de\u011fi\u015fikli\u011finden \u00f6nceki tarihlerin saniyeler mertebesinde yak\u0131n olmas\u0131, \u2018SY.doc\u2019 d\u0131\u015f\u0131ndakilerin tarihlerinin de\u011fi\u015ftirildi\u011fi zaman\u0131n dakikalar mertebesinde birbirine yak\u0131n olmas\u0131, bu dosyalar\u0131n normal bilgisayar kullan\u0131m\u0131 d\u0131\u015f\u0131nda (kullan\u0131c\u0131n\u0131n bilgisi ve haberi olmadan) kalan bir s\u00fcre\u00e7 arac\u0131l\u0131\u011f\u0131yla imaj\u0131 incelenen diske yerle\u015ftirildi\u011fini ve tarihlerinin sonradan de\u011fi\u015ftirildi\u011fini g\u00f6stermektedir. Di\u011fer taraftan normal bir bilgisayar kullan\u0131c\u0131 bu t\u00fcr de\u011fi\u015fiklikleri yapacak bilgisel donan\u0131ma sahip olamaz. Bu tip de\u011fi\u015fiklikleri yapabilmek i\u00e7in uzman seviyesinde bilgisayar ve i\u015fletme sistemi bilgisine sahip olmak gerekir.\u201d<\/p>\n<p style=\"text-align: justify;\"><strong>CHP ADI KULLANILARAK G\u00d6NDER\u0130LEN MA\u0130LLER V\u0130R\u00dcS \u00c7IKTI<\/strong><\/p>\n<p style=\"text-align: justify;\">Dijital belgelerin kimin taraf\u0131ndan olu\u015fturuldu\u011funun kesin olarak tespit etmenin m\u00fcmk\u00fcn olmad\u0131\u011f\u0131na dikkat \u00e7ekilen raporda, \u201cBilgisayar \u2018uzaktan yard\u0131m ba\u011flant\u0131lar\u0131n ve uzaktan denetime\u2019 izin verilecek \u015fekilde ayarlanm\u0131\u015ft\u0131r. D\u0131\u015far\u0131dan bilgisayara eri\u015febilen ki\u015fi ya da ki\u015filer kullan\u0131c\u0131 hesab\u0131n\u0131n \u015fifreli olmamas\u0131ndan \u00f6t\u00fcr\u00fc bilgisayara uzaktan eri\u015fim sa\u011flayabilir ve bilgisayar uzaktan kontrol edebilir\u201d denildi. Uzmanlardan Y\u0131ld\u0131z\u2019\u0131n mail adreslerinin de incelenmesi istendi. Y\u0131ld\u0131z\u2019\u0131n mail adresine \u201cCHP TBMM chptbmm@gmail.com\u201d adresinden gelen \u20183.Kayseri Dosyas\u0131\u2019 isimli maili inceleyen uzmanlar, \u2018Normalde gmail.com uzant\u0131l\u0131 bir adresten gelen e-postalar\u0131n, hizmeti sa\u011flayan Google \u015firketine ait sunucular \u00fczerinden gelmesi beklenir. Ancak bu madde incelenen e-posta (jangomail.com) sunucular\u0131ndan gelmi\u015ftir. Bu da e-postan\u0131n gmail.com \u00fczerinden g\u00f6nderilmesi halde gmail.com uzant\u0131l\u0131 bir adresten geliyormu\u015f gibi g\u00f6sterilmeye \u00e7al\u0131\u015f\u0131ld\u0131\u011f\u0131na i\u015faret eder\u201d de\u011ferlendirmesinde bulundu.<\/p>\n<p style=\"text-align: justify;\"><strong>&#8220;CHP TBMM&#8221; \u00d6NE \u00c7IKTI<\/strong><\/p>\n<p style=\"text-align: justify;\">Yine ayn\u0131 adresten gelen Kayseri2 isimli dosyan\u0131n ise vir\u00fcs oldu\u011fu tespitine yer verilen raporda, \u201cchptbmm@gmail.com\u201d adresinden gelen di\u011fer maillerin de incelendi\u011fi, bunlar\u0131n Google firmas\u0131 taraf\u0131ndan g\u00f6nderildi\u011finin belirlendi\u011fi belirtildi. Vir\u00fcsl\u00fc dosyalar\u0131n ba\u015f\u0131nda \u201cCHP TBMM\u201d isminin b\u00fcy\u00fck harflerle yaz\u0131ld\u0131\u011f\u0131, partiden g\u00f6nderilen maillerde de k\u00fc\u00e7\u00fck harflerin kullan\u0131ld\u0131\u011f\u0131 kaydedildi. Raporda, uzman olmayan bilgisayar kullan\u0131c\u0131lar\u0131n\u0131n \u00e7o\u011funun internetten dosya indirmesi i\u015flemini web taray\u0131c\u0131larla yapt\u0131\u011f\u0131, bunlar\u0131 kullan\u0131larak dosya indirildi\u011finde taray\u0131c\u0131lar\u0131n, dosyalardaki \u201cAlternate Data Stream\u201d adl\u0131 alana dosyan\u0131n internetten geldi\u011fini g\u00f6steren bilgiler bulundu\u011funu ancak ilgili dosyalarda, yayg\u0131n bir web taray\u0131c\u0131s\u0131 kullanarak indirildiklerine ili\u015fkin bir bilgi bulunmad\u0131\u011f\u0131 belirtildi. Raporda, Y\u0131ld\u0131z\u2019a g\u00f6nderilen dosyan\u0131n ya internetten indirilmedi\u011fi ya internetten indirilip sonra ilgili bilginin silindi\u011fini ya da bilinen web taray\u0131c\u0131lar\u0131 d\u0131\u015f\u0131nda bir y\u00f6ntemle indirildi\u011fi vurguland\u0131.<\/p>\n<p style=\"text-align: justify;\"><strong>4 DOSYA B\u0130LG\u0130SAYARA V\u0130R\u00dcS TARAFINDAN AKTARILDI, ZAMANLARI DE\u011e\u0130\u015eT\u0130R\u0130LD\u0130<\/strong><\/p>\n<p style=\"text-align: justify;\">Raporun son k\u0131sm\u0131nda ise \u015fu de\u011ferlendirme yap\u0131ld\u0131:<\/p>\n<p style=\"text-align: justify;\">\u201cAn\u0131lan disk imaj\u0131ndaki dosyalar\u0131n bilgisayarda olu\u015fturulup olu\u015fturulmad\u0131\u011f\u0131n\u0131 ya da hangi yollarla (e-posta, USB, D\u0130SK, CD, DVD) o bilgisayara aktar\u0131ld\u0131\u011f\u0131na ili\u015fkin iddianamedeki gibi kesin bir yarg\u0131ya ula\u015fmak olanaks\u0131zd\u0131r. Bundan \u00f6te dosyalardaki zaman izlerine ili\u015fkin teknik verilen \u0131\u015f\u0131\u011f\u0131nda olu\u015fan uzman kanaati, d\u00f6rt dosyan\u0131n bilgisayara vir\u00fcs taraf\u0131ndan aktar\u0131ld\u0131\u011f\u0131 ve zamanlar\u0131n\u0131n de\u011fi\u015ftirildi\u011fi y\u00f6n\u00fcndedir.\u201d<\/p>\n<p style=\"text-align: justify;\">Avukat Nebi Do\u011fan ise Y\u0131ld\u0131z\u2019\u0131n soru\u015fturman\u0131n t\u00fcm safhas\u0131nda iddianamede delil klas\u00f6r\u00fc i\u00e7inde bulunan \u201cword dosyalar\u0131n\u0131n\u201d kendi bilgisayar\u0131na nas\u0131l girdi\u011fi konusunda hi\u00e7bir fikri olmad\u0131\u011f\u0131n\u0131, bu dosyalar\u0131 ilk defa bu soru\u015fturma sebebiyle \u00f6\u011frendi\u011fini, bu dosyalar\u0131n bilgisayar\u0131na kendi bilgisi d\u0131\u015f\u0131nda ba\u015fkalar\u0131 taraf\u0131ndan y\u00fcklenmi\u015f olabilece\u011fini beyan etti\u011fini an\u0131msatarak, raporda yer alan bilgiler nedeniyle m\u00fcvekkilinin tahliyesini isteyeceklerini belirtti.<\/p>\n<p style=\"text-align: justify;\"><a href=\"http:\/\/www.gazeteport.com.tr\/haber\/59291\/odatv_davasinda_skandal_gercek\" target=\"_blank\">Kaynak : GAZETEPORT<\/a><\/p>\n","protected":false},"excerpt":{"rendered":"<p style=\"text-align: center;\">\n<p style=\"text-align: justify;\">OdaTv Davas\u0131\u2019n\u0131n tutuklu san\u0131klar\u0131ndan Gazeteci M\u00fcyesser Y\u0131ld\u0131z\u2019\u0131n bilgisayar\u0131nda elde edilen ve su\u00e7a konu olan dosyalar\u0131n uzman raporlar\u0131na g\u00f6re Y\u0131ld\u0131z\u2019\u0131n bilgisi d\u0131\u015f\u0131nda y\u00fcklendi\u011fi ortaya \u00e7\u0131kt\u0131. <\/p>\n","protected":false},"author":1,"featured_media":0,"comment_status":"open","ping_status":"open","sticky":false,"template":"","format":"standard","meta":{"footnotes":""},"categories":[105],"tags":[],"class_list":["post-41654","post","type-post","status-publish","format-standard","hentry","category-gundem","odd"],"_links":{"self":[{"href":"http:\/\/www.korhanyilmaz.com\/index.php?rest_route=\/wp\/v2\/posts\/41654","targetHints":{"allow":["GET"]}}],"collection":[{"href":"http:\/\/www.korhanyilmaz.com\/index.php?rest_route=\/wp\/v2\/posts"}],"about":[{"href":"http:\/\/www.korhanyilmaz.com\/index.php?rest_route=\/wp\/v2\/types\/post"}],"author":[{"embeddable":true,"href":"http:\/\/www.korhanyilmaz.com\/index.php?rest_route=\/wp\/v2\/users\/1"}],"replies":[{"embeddable":true,"href":"http:\/\/www.korhanyilmaz.com\/index.php?rest_route=%2Fwp%2Fv2%2Fcomments&post=41654"}],"version-history":[{"count":0,"href":"http:\/\/www.korhanyilmaz.com\/index.php?rest_route=\/wp\/v2\/posts\/41654\/revisions"}],"wp:attachment":[{"href":"http:\/\/www.korhanyilmaz.com\/index.php?rest_route=%2Fwp%2Fv2%2Fmedia&parent=41654"}],"wp:term":[{"taxonomy":"category","embeddable":true,"href":"http:\/\/www.korhanyilmaz.com\/index.php?rest_route=%2Fwp%2Fv2%2Fcategories&post=41654"},{"taxonomy":"post_tag","embeddable":true,"href":"http:\/\/www.korhanyilmaz.com\/index.php?rest_route=%2Fwp%2Fv2%2Ftags&post=41654"}],"curies":[{"name":"wp","href":"https:\/\/api.w.org\/{rel}","templated":true}]}}