{"id":41643,"date":"2011-10-24T09:35:02","date_gmt":"2011-10-24T06:35:02","guid":{"rendered":"http:\/\/www.korhanyilmaz.com\/?p=41643"},"modified":"2011-10-24T10:28:35","modified_gmt":"2011-10-24T07:28:35","slug":"vanda-son-durum-217-olu","status":"publish","type":"post","link":"http:\/\/www.korhanyilmaz.com\/?p=41643","title":{"rendered":"Van&#8217;da son durum: 217 \u00f6l\u00fc"},"content":{"rendered":"<p style=\"text-align: center;\"><a href=\"http:\/\/www.korhanyilmaz.com\/wp-content\/uploads\/2011\/10\/3026.jpg\"  class=\"lightview\"><img loading=\"lazy\" decoding=\"async\" class=\"aligncenter  wp-image-41644\" src=\"http:\/\/www.korhanyilmaz.com\/wp-content\/uploads\/2011\/10\/3026.jpg\" alt=\"\" width=\"368\" height=\"276\" \/><\/a><\/p>\n<p style=\"text-align: justify;\">Van&#8217;\u0131 vuran 7.2&#8217;lik depremde \u00f6l\u00fc say\u0131s\u0131 217&#8217;ye y\u00fckseldi, yaral\u0131 say\u0131s\u0131 ise 1000&#8217;i a\u015ft\u0131. Depremde en b\u00fcy\u00fck y\u0131k\u0131m\u0131n ya\u015fand\u0131\u011f\u0131 Erci\u015f&#8217;te havan\u0131n karanl\u0131k olmas\u0131 y\u00fcz\u00fcnden g\u00fc\u00e7l\u00fckle y\u00fcr\u00fct\u00fclen arama kurtarma \u00e7al\u0131\u015fmalar\u0131na sabah saatlerinde h\u0131z verildi.<!--more--><\/p>\n<p style=\"text-align: justify;\">Van &#8211; \u0130\u00e7i\u015fleri Bakan\u0131 \u0130dris Naim \u015eahin, Erci\u015f merkezde 117, Van merkezde de 100 civar\u0131nda ki\u015finin deprem dolay\u0131s\u0131yla hayat\u0131n\u0131 kaybetti\u011fini bildirdi. \u015eahin, beraberinde Kalk\u0131nma Bakan\u0131 Cevdet Y\u0131lmaz ile birlikte \u0130l\u00e7e Jandarma Komutanl\u0131\u011f\u0131nda bas\u0131n toplant\u0131s\u0131 d\u00fczenledi.<\/p>\n<p style=\"text-align: justify;\">Bakan \u015eahin, \u015funlar\u0131 kaydetti: &#8220;Erci\u015f merkezimizde 117 karde\u015fimizi kaybettik. Van merkezde de \u00f6\u011frendi\u011fimiz kadar\u0131yla 100 civar\u0131nda insan\u0131m\u0131z\u0131 maalesef kaybettik. Van merkezde 350 civar\u0131nda yaral\u0131 var. 740 civar\u0131nda yaral\u0131m\u0131z da Erci\u015f merkezde ve k\u00f6ylerde bulunmakta. B\u00fct\u00fcn yaral\u0131lar\u0131n tedavileri Van, Erci\u015f ve \u00e7evre illerde devam ediyor. Sa\u011fl\u0131k hizmetleri konusunda herhangi bir aksakl\u0131k s\u00f6z konusu de\u011fil. Erci\u015f merkezde iki ayr\u0131 yerde \u00e7ad\u0131rkent kuruldu. Silahl\u0131 Kuvvetlerimizin birlikleri halk\u0131m\u0131z\u0131n g\u00fcvenli\u011finin sa\u011flanmas\u0131 ve acil beslenmesi konusunda \u00e7al\u0131\u015fmalar\u0131n\u0131 s\u00fcrd\u00fcr\u00fcyor. A\u011fr\u0131&#8217;dan, Mu\u015f&#8217;tan, Do\u011fubayaz\u0131t&#8217;tan kurtarma konusunda uzman askeri birlikler Erci\u015f&#8217;e intikal edecekler. Hem arama kurtarma hem de kalk\u0131n bar\u0131nmas\u0131, beslenmesi, sa\u011fl\u0131k hizmetlerinin kar\u015f\u0131lanmas\u0131 konusunda hem Erci\u015f&#8217;te hem de Van&#8217;da herhangi bir aksakl\u0131k, eksiklik bulunmamaktad\u0131r.&#8221;<\/p>\n<p style=\"text-align: justify;\"><strong>Arama kurtarma \u00e7al\u0131\u015fmalar\u0131 s\u00fcr\u00fcyor\u00a0<\/strong><\/p>\n<p style=\"text-align: justify;\">Van Erci\u015f&#8217;te d\u00fcn meydana gelen depremin ard\u0131ndan, enkaz alt\u0131nda kalan ki\u015filere ula\u015f\u0131lmas\u0131 i\u00e7in ba\u015flat\u0131lan arama kurtarma \u00e7al\u0131\u015fmalar\u0131 s\u00fcrd\u00fcr\u00fcl\u00fcyor.<\/p>\n<p style=\"text-align: justify;\">\u0130l\u00e7ede arama kurtarma \u00e7al\u0131\u015fmalar\u0131nda, gece saatlerinde, havan\u0131n kararmas\u0131 y\u00fcz\u00fcnden i\u015f makinelerinin sa\u011fl\u0131kl\u0131 \u00e7al\u0131\u015famamas\u0131 sebebiyle g\u00fc\u00e7l\u00fck ya\u015fand\u0131. Ancak g\u00fcn\u00fcn ayd\u0131nlanmas\u0131yla Erci\u015f&#8217;e gelen sivil arama kurtarma ekibi \u00e7al\u0131\u015fmalar\u0131na h\u0131z verdi.<\/p>\n<p style=\"text-align: justify;\">\u00c7al\u0131\u015fmalar\u0131nda \u00f6zellikle canl\u0131 insanlar\u0131n olma ihtimalinin y\u00fcksek oldu\u011fu binalar\u0131n enkazlar\u0131na a\u011f\u0131rl\u0131k veren ekipler, dedekt\u00f6rler ve arama kurtarma k\u00f6pekleriyle \u00e7al\u0131\u015fma yap\u0131yor.<\/p>\n<p style=\"text-align: justify;\"><strong>Yurtta\u015flar geceyi sokakta ge\u00e7irdi\u00a0<\/strong><\/p>\n<p style=\"text-align: justify;\">\u0130l\u00e7edeki Van Yolu Caddesi&#8217;nde bulunan \u00e7ok say\u0131da y\u0131k\u0131lm\u0131\u015f binan\u0131n etraf\u0131nda toplanan \u00e7ok say\u0131da yurtta\u015f, y\u0131k\u0131lan binalardaki arama kurtarma \u00e7al\u0131\u015fmalar\u0131n\u0131 takip ediyor.<\/p>\n<p style=\"text-align: justify;\">Geceyi havan\u0131n so\u011fuk olmas\u0131na ra\u011fmen sokakta ve yakt\u0131klar\u0131 ate\u015flerin etraf\u0131nda ge\u00e7iren baz\u0131 yurtta\u015flar\u0131n ise sabah saatlerinde hasarl\u0131 olan kendi evlerine girerek, \u00f6zellikle giyim ve g\u0131da malzemesi ald\u0131klar\u0131 g\u00f6zlendi.<\/p>\n<p style=\"text-align: justify;\">Erci\u015f Devlet Hastanesi ve Erci\u015f Toplum Sa\u011fl\u0131\u011f\u0131 Merkezi&#8217;nin \u00f6n\u00fcne gelen baz\u0131 yurtta\u015flar, depremde kaybolan ya da hastaneye getirilen yak\u0131nlar\u0131ndan haber almak i\u00e7in hastane \u00f6n\u00fcndeki bekleyi\u015fini s\u00fcrd\u00fcr\u00fcyor.<\/p>\n<p style=\"text-align: justify;\"><strong>213 art\u00e7\u0131 sars\u0131nt\u0131\u00a0<\/strong><\/p>\n<p style=\"text-align: justify;\">Van&#8217;da d\u00fcn saat 13.41&#8217;de meydana gelen depremin ard\u0131ndan bug\u00fcn saat 07.30&#8217;e kadar 213 art\u00e7\u0131 sars\u0131nt\u0131 meydana geldi. Kandilli Rasathanesi ve Deprem Ara\u015ft\u0131rma Enstit\u00fcs\u00fc (KRDAE) Ulusal Deprem \u0130zleme Merkezi (UD\u0130M) verilerinden derlenen bilgilere g\u00f6re, d\u00fcn 13.41&#8217;de meydana gelen 7,2 olan depremin ard\u0131ndan en \u015fiddetlileri 5,7 ve ve iki defa 5,5 olan bir\u00e7ok art\u00e7\u0131 sars\u0131nt\u0131 olu\u015ftu.<\/p>\n<p style=\"text-align: justify;\">Van&#8217;daki sars\u0131nt\u0131lar\u0131n yan\u0131 s\u0131ra A\u011fr\u0131, Bitlis, Mu\u015f, I\u011fd\u0131r, Kars ve Erzurum&#8217;da da ayr\u0131ca en b\u00fcy\u00fc\u011f\u00fc 3,8 \u015fiddetinde olan toplam 37 deprem oldu. 7.2&#8217;lik depremin ard\u0131ndan gece boyunca toplam 213 art\u00e7\u0131 sars\u0131nd\u0131 meydana geldi.<\/p>\n<p style=\"text-align: justify;\"><strong>T\u00fcrk K\u0131z\u0131lay\u0131&#8217;n\u0131n 116 ki\u015filik uzman ekibi deprem b\u00f6lgesinde\u00a0<\/strong><\/p>\n<p style=\"text-align: justify;\">Van&#8217;da meydana gelen depremin ard\u0131ndan T\u00fcrk K\u0131z\u0131lay\u0131n\u0131n 116 ki\u015filik uzman ekibinin deprem b\u00f6lgesine ula\u015ft\u0131\u011f\u0131 bildirildi. K\u0131z\u0131lay&#8217;dan yap\u0131lan yaz\u0131l\u0131 a\u00e7\u0131klamada, yerle\u015fim yerleri zarar g\u00f6ren vatanda\u015flar i\u00e7in \u00e7ad\u0131r kurma \u00e7al\u0131\u015fmalar\u0131n\u0131n devam etti\u011fi kaydedildi.<\/p>\n<p style=\"text-align: justify;\">K\u0131z\u0131lay&#8217;\u0131n b\u00f6lgeye s\u00fcrekli \u00e7ad\u0131r ve battaniye sevk etti\u011fi belirtilen a\u00e7\u0131klamada \u015fu bilgilere yer verildi:<\/p>\n<p style=\"text-align: justify;\">&#8221;Depremin ard\u0131ndan acil olarak harekete ge\u00e7en T\u00fcrk K\u0131z\u0131lay\u0131n\u0131n \u00fclke geneline yay\u0131lm\u0131\u015f lojistik merkezlerinden 7 bin 496 \u00e7ad\u0131r, 8 toplu bar\u0131nma \u00e7ad\u0131r\u0131, 22 bin 229 battaniye, 3 bin 812 katalitik soba, bin 719 mutfak seti, bin ceset torbas\u0131, bin 120 g\u0131da kolisi, 2 bin 320 i\u00e7me suyu, 5 bin ekmek ve 500 kumanya b\u00f6lgeye ula\u015fmaya ba\u015flad\u0131.<\/p>\n<p style=\"text-align: justify;\">B\u00f6lgeye 1 adet mobil f\u0131r\u0131n ve 21 seyyar mutfak g\u00f6nderildi, T\u00fcrk K\u0131z\u0131lay\u0131n\u0131n Van&#8217;daki a\u015fevi de afetzedeler i\u00e7in yemek \u00e7\u0131kar\u0131yor. Erci\u015f&#8217;e ula\u015fan ilk \u00e7ad\u0131rlar\u0131n da kurulumuna h\u0131zla ba\u015fland\u0131. Erci\u015f stadyum alan\u0131nda ve Van-Erci\u015f yolunda iki \u00e7ad\u0131rkent olu\u015fturuldu. B\u00f6lgedeki mevsim ko\u015fullar\u0131 da g\u00f6z \u00f6n\u00fcnde bulundurularak b\u00f6lgeye 4 mevsim kullan\u0131ma uygun T\u00fcrk tipi \u00e7ad\u0131rlar g\u00f6nderiliyor. 14 metrekarelik \u00e7ad\u0131rlar\u0131n i\u00e7erisinde katalitik soba yak\u0131labiliyor. \u00c7ad\u0131rlar d\u0131\u015far\u0131n\u0131n so\u011fu\u011funu i\u00e7eriye sokmad\u0131\u011f\u0131 gibi i\u00e7erinin \u0131s\u0131s\u0131n\u0131 da koruyor. \u00c7ad\u0131rlar\u0131n su ge\u00e7irmezlik \u00f6zellikleri de bulunuyor.&#8221;<\/p>\n<p style=\"text-align: justify;\">A\u00e7\u0131klamada, depremden etkilenen vatanda\u015flara psikososyal destek vermek \u00fczere T\u00fcrk K\u0131z\u0131lay\u0131n\u0131n uzman psikologlar\u0131n\u0131n da b\u00f6lgede g\u00f6revlendirildi\u011fi, b\u00f6lgedeki kan merkezlerinden de yaral\u0131lar i\u00e7in gerekli kan \u00fcr\u00fcnleri b\u00f6lgedeki hastanelere ula\u015ft\u0131r\u0131ld\u0131\u011f\u0131 belirtilerek, afetzedelere yard\u0131m ula\u015ft\u0131rmak isteyenlerin 168 ba\u011f\u0131\u015f ve ileti\u015fim hatt\u0131n\u0131 arayarak ya da www.kizilay.org.tr adresinden detayl\u0131 bilgi alabilece\u011fi kaydedildi.<\/p>\n<p style=\"text-align: justify;\"><strong>Yaral\u0131lar\u0131n bir k\u0131sm\u0131 Ankara&#8217;da\u00a0<\/strong><\/p>\n<p style=\"text-align: justify;\">Van&#8217;da meydana gelen 7.2 b\u00fcy\u00fckl\u00fc\u011f\u00fcndeki depremin ard\u0131ndan enkazdan yaral\u0131 kurtar\u0131lan depremzedeler, \u00e7evre illerdeki hastanelerin yan\u0131 s\u0131ra b\u00fcy\u00fck\u015fehirlere de sevk edilmeye ba\u015fland\u0131. Gecenin ilk saatlerinde 7 yaral\u0131 askeri u\u00e7akla Ankara&#8217;ya getirildi. Etimesgut Askeri Havaalan\u0131&#8217;na inen u\u00e7aktaki yaral\u0131lar ambulanslarla hastaneye kald\u0131r\u0131ld\u0131.<\/p>\n<p style=\"text-align: justify;\">Gece boyunca Esenbo\u011fa Havaliman\u0131&#8217;na inen u\u00e7aklardaki baz\u0131 yaral\u0131lar da Ankara&#8217;daki hastanelerde tedavi alt\u0131na al\u0131nd\u0131.<\/p>\n<p style=\"text-align: justify;\"><a href=\"http:\/\/www.cumhuriyet.com.tr\/?hn=287892&amp;kw=Van'da+son+durum%3A+217+%F6l%FC+\" target=\"_blank\">Kaynak : Cumhuriyet Haber Portal\u0131<\/a><\/p>\n","protected":false},"excerpt":{"rendered":"<p style=\"text-align: center;\">\n<p style=\"text-align: justify;\">Van&#8217;\u0131 vuran 7.2&#8217;lik depremde \u00f6l\u00fc say\u0131s\u0131 217&#8217;ye y\u00fckseldi, yaral\u0131 say\u0131s\u0131 ise 1000&#8217;i a\u015ft\u0131. Depremde en b\u00fcy\u00fck y\u0131k\u0131m\u0131n ya\u015fand\u0131\u011f\u0131 Erci\u015f&#8217;te havan\u0131n karanl\u0131k olmas\u0131 y\u00fcz\u00fcnden g\u00fc\u00e7l\u00fckle y\u00fcr\u00fct\u00fclen arama kurtarma \u00e7al\u0131\u015fmalar\u0131na sabah saatlerinde h\u0131z verildi.<\/p>\n","protected":false},"author":1,"featured_media":0,"comment_status":"open","ping_status":"open","sticky":false,"template":"","format":"standard","meta":{"footnotes":""},"categories":[105],"tags":[],"class_list":["post-41643","post","type-post","status-publish","format-standard","hentry","category-gundem","odd"],"_links":{"self":[{"href":"http:\/\/www.korhanyilmaz.com\/index.php?rest_route=\/wp\/v2\/posts\/41643","targetHints":{"allow":["GET"]}}],"collection":[{"href":"http:\/\/www.korhanyilmaz.com\/index.php?rest_route=\/wp\/v2\/posts"}],"about":[{"href":"http:\/\/www.korhanyilmaz.com\/index.php?rest_route=\/wp\/v2\/types\/post"}],"author":[{"embeddable":true,"href":"http:\/\/www.korhanyilmaz.com\/index.php?rest_route=\/wp\/v2\/users\/1"}],"replies":[{"embeddable":true,"href":"http:\/\/www.korhanyilmaz.com\/index.php?rest_route=%2Fwp%2Fv2%2Fcomments&post=41643"}],"version-history":[{"count":0,"href":"http:\/\/www.korhanyilmaz.com\/index.php?rest_route=\/wp\/v2\/posts\/41643\/revisions"}],"wp:attachment":[{"href":"http:\/\/www.korhanyilmaz.com\/index.php?rest_route=%2Fwp%2Fv2%2Fmedia&parent=41643"}],"wp:term":[{"taxonomy":"category","embeddable":true,"href":"http:\/\/www.korhanyilmaz.com\/index.php?rest_route=%2Fwp%2Fv2%2Fcategories&post=41643"},{"taxonomy":"post_tag","embeddable":true,"href":"http:\/\/www.korhanyilmaz.com\/index.php?rest_route=%2Fwp%2Fv2%2Ftags&post=41643"}],"curies":[{"name":"wp","href":"https:\/\/api.w.org\/{rel}","templated":true}]}}