{"id":41631,"date":"2011-10-23T23:43:50","date_gmt":"2011-10-23T20:43:50","guid":{"rendered":"http:\/\/www.korhanyilmaz.com\/?p=41631"},"modified":"2011-10-24T09:34:51","modified_gmt":"2011-10-24T06:34:51","slug":"150-mahkum-cezaevinden-kacti","status":"publish","type":"post","link":"http:\/\/www.korhanyilmaz.com\/?p=41631","title":{"rendered":"Mahkumlar ka\u00e7t\u0131 geri d\u00f6nd\u00fc"},"content":{"rendered":"<p style=\"text-align: center;\"><a href=\"http:\/\/www.korhanyilmaz.com\/wp-content\/uploads\/2011\/10\/3024.jpg\"  class=\"lightview\"><img loading=\"lazy\" decoding=\"async\" class=\"aligncenter  wp-image-41632\" src=\"http:\/\/www.korhanyilmaz.com\/wp-content\/uploads\/2011\/10\/3024.jpg\" alt=\"\" width=\"283\" height=\"212\" \/><\/a><\/p>\n<p style=\"text-align: justify;\">Van&#8217;da meydana gelen \u015fiddetli depremde Van Cezaevi&#8217;nin duvar\u0131 da y\u0131k\u0131ld\u0131. 200 mahkum firar ederken, 50&#8217;si ailelerini g\u00f6rd\u00fckten sonra teslim oldu.<\/p>\n<p style=\"text-align: justify;\">Van&#8217;daki deprem s\u0131ras\u0131nda Van Cezaevi&#8217;nin duvar\u0131n\u0131n y\u0131k\u0131ld\u0131\u011f\u0131 bu s\u0131rada 200&#8217;e yak\u0131n mahkumun firar etti\u011fi bildirildi.<!--more--><\/p>\n<p style=\"text-align: justify;\">Ka\u00e7an mahkumlardan yakla\u015f\u0131k 50&#8217;sinin ailelerini g\u00f6rd\u00fckten sonra tekrar teslim oldu\u011fu \u00f6\u011frenildi.<\/p>\n<p style=\"text-align: justify;\">Bu mahkumlar, deprem s\u0131ras\u0131nda pani\u011fe kap\u0131ld\u0131klar\u0131n\u0131, ailelerinin durumunu \u00f6\u011frenmek i\u00e7in gittiklerini ve geri d\u00f6nd\u00fcklerini s\u00f6yledi.<\/p>\n<p style=\"text-align: justify;\">Ceza ve Tevkifevleri Genel M\u00fcd\u00fcr\u00fc Sefa Mermerci, deprem sonras\u0131 Van M Tipi Cezaevi y\u00f6netimi taraf\u0131ndan bah\u00e7eye \u00e7\u0131kar\u0131lan baz\u0131 tutuklu ve h\u00fck\u00fcml\u00fclerden baz\u0131lar\u0131n\u0131n ailelerine ula\u015fmak i\u00e7in y\u0131k\u0131lan bah\u00e7e duvar\u0131ndan d\u0131\u015far\u0131 \u00e7\u0131kt\u0131\u011f\u0131n\u0131, bir s\u00fcre sonra b\u00fcy\u00fck bir b\u00f6l\u00fcm\u00fcn\u00fcn geri d\u00f6nd\u00fcklerini bildirdi.<\/p>\n<p style=\"text-align: justify;\">Mermerci, AA muhabirine yapt\u0131\u011f\u0131 a\u00e7\u0131klamada, M Tipi Cezaevindeki mahkumlar\u0131n ilk depremden sonra cezaevi y\u00f6netimi taraf\u0131ndan bah\u00e7eye \u00e7\u0131kar\u0131ld\u0131\u011f\u0131n\u0131 ve bu s\u0131rada baz\u0131 tutuklu ve h\u00fck\u00fcml\u00fclerin ailelerine ula\u015fmak i\u00e7in y\u0131k\u0131lan bah\u00e7e duvar\u0131ndan d\u0131\u015far\u0131 \u00e7\u0131kt\u0131klar\u0131n\u0131 s\u00f6yledi.<\/p>\n<p style=\"text-align: justify;\">Cezaevi d\u0131\u015f\u0131na \u00e7\u0131kan tutuklu ve h\u00fck\u00fcml\u00fclerin baz\u0131 bas\u0131n yay\u0131n organlar\u0131nda yer ald\u0131\u011f\u0131 kadar \u00e7ok olmad\u0131\u011f\u0131n\u0131 bildiren Mermerci, aileleriyle irtibata ge\u00e7enlerin bir k\u0131sm\u0131n\u0131n tekrar cezaevine d\u00f6nd\u00fc\u011f\u00fcn\u00fc, d\u00f6n\u00fc\u015flerin devam etti\u011fini belirtti.<\/p>\n<p style=\"text-align: justify;\">Bilgisayar sistemleri \u00e7al\u0131\u015fmad\u0131\u011f\u0131 i\u00e7in \u015fu ana kadar cezaevinden ayr\u0131lanlar\u0131n ve d\u00f6nenlerin say\u0131s\u0131n\u0131n tespit edilemedi\u011fini kaydeden Mermerci, &#8220;\u0130ddia edildi\u011fi gibi y\u00fczlerce ki\u015fi de\u011fil \u00e7ok az say\u0131da ki\u015fidir. Ayr\u0131ca bu cezaevinde ter\u00f6r su\u00e7lusu yoktur. Adi su\u00e7lardan ceza alan ve tutuklananlar M tipi cezaevindedir. Hi\u00e7bir ter\u00f6r su\u00e7lusu firar etmemi\u015ftir&#8221; dedi.<\/p>\n<p style=\"text-align: justify;\">Ceza ve Tevkifevleri Genel M\u00fcd\u00fcr\u00fc Mermerci, deprem sonras\u0131 cezaevine gelen ailelerin de tutuklu ve h\u00fck\u00fcml\u00fc yak\u0131nlar\u0131yla g\u00f6r\u00fc\u015ft\u00fcr\u00fcld\u00fc\u011f\u00fcn\u00fc s\u00f6zlerine ekledi.<\/p>\n<p style=\"text-align: justify;\"><a href=\"http:\/\/www.cnnturk.com\/2011\/turkiye\/10\/23\/mahkumlar.kacti.geri.dondu\/634181.0\/index.html\" target=\"_blank\">Kaynak : CNN T\u00dcRK<\/a><\/p>\n","protected":false},"excerpt":{"rendered":"<p style=\"text-align: center;\">\n<p style=\"text-align: justify;\">Van&#8217;da meydana gelen \u015fiddetli depremde Van Cezaevi&#8217;nin duvar\u0131 da y\u0131k\u0131ld\u0131. 200 mahkum firar ederken, 50&#8217;si ailelerini g\u00f6rd\u00fckten sonra teslim oldu.<\/p>\n<p style=\"text-align: justify;\">Van&#8217;daki deprem s\u0131ras\u0131nda Van Cezaevi&#8217;nin duvar\u0131n\u0131n y\u0131k\u0131ld\u0131\u011f\u0131 bu s\u0131rada 200&#8217;e yak\u0131n mahkumun firar etti\u011fi bildirildi.<\/p>\n","protected":false},"author":1,"featured_media":0,"comment_status":"open","ping_status":"open","sticky":false,"template":"","format":"standard","meta":{"footnotes":""},"categories":[105],"tags":[],"class_list":["post-41631","post","type-post","status-publish","format-standard","hentry","category-gundem","odd"],"_links":{"self":[{"href":"http:\/\/www.korhanyilmaz.com\/index.php?rest_route=\/wp\/v2\/posts\/41631","targetHints":{"allow":["GET"]}}],"collection":[{"href":"http:\/\/www.korhanyilmaz.com\/index.php?rest_route=\/wp\/v2\/posts"}],"about":[{"href":"http:\/\/www.korhanyilmaz.com\/index.php?rest_route=\/wp\/v2\/types\/post"}],"author":[{"embeddable":true,"href":"http:\/\/www.korhanyilmaz.com\/index.php?rest_route=\/wp\/v2\/users\/1"}],"replies":[{"embeddable":true,"href":"http:\/\/www.korhanyilmaz.com\/index.php?rest_route=%2Fwp%2Fv2%2Fcomments&post=41631"}],"version-history":[{"count":0,"href":"http:\/\/www.korhanyilmaz.com\/index.php?rest_route=\/wp\/v2\/posts\/41631\/revisions"}],"wp:attachment":[{"href":"http:\/\/www.korhanyilmaz.com\/index.php?rest_route=%2Fwp%2Fv2%2Fmedia&parent=41631"}],"wp:term":[{"taxonomy":"category","embeddable":true,"href":"http:\/\/www.korhanyilmaz.com\/index.php?rest_route=%2Fwp%2Fv2%2Fcategories&post=41631"},{"taxonomy":"post_tag","embeddable":true,"href":"http:\/\/www.korhanyilmaz.com\/index.php?rest_route=%2Fwp%2Fv2%2Ftags&post=41631"}],"curies":[{"name":"wp","href":"https:\/\/api.w.org\/{rel}","templated":true}]}}