{"id":41627,"date":"2011-10-23T10:59:26","date_gmt":"2011-10-23T07:59:26","guid":{"rendered":"http:\/\/www.korhanyilmaz.com\/?p=41627"},"modified":"2011-10-24T09:12:33","modified_gmt":"2011-10-24T06:12:33","slug":"acun-ilicaliya-tepki-buyuk","status":"publish","type":"post","link":"http:\/\/www.korhanyilmaz.com\/?p=41627","title":{"rendered":"Acun Il\u0131cal\u0131&#8217;ya tepki b\u00fcy\u00fck!"},"content":{"rendered":"<p style=\"text-align: center;\"><a href=\"http:\/\/www.korhanyilmaz.com\/wp-content\/uploads\/2011\/10\/3023.jpg\"  class=\"lightview\"><img loading=\"lazy\" decoding=\"async\" class=\"aligncenter  wp-image-41628\" src=\"http:\/\/www.korhanyilmaz.com\/wp-content\/uploads\/2011\/10\/3023.jpg\" alt=\"\" width=\"364\" height=\"204\" \/><\/a><\/p>\n<p style=\"text-align: justify;\">Tenzile Erdo\u011fan&#8217;\u0131n vefat\u0131 nedeniyle ge\u00e7en hafta program\u0131n\u0131 iptal eden Acun Il\u0131cal\u0131, 24 \u015fehit i\u00e7in ayn\u0131 duyarl\u0131l\u0131\u011f\u0131 sergilemeyince tepki yaratt\u0131.<\/p>\n<p style=\"text-align: justify;\">24 \u015fehit verdi\u011fimiz hafta Yetenek Sizsiniz program\u0131n\u0131 ekrandan \u00e7ekmeyen Acun Il\u0131cal\u0131, bu kez &#8220;duyars\u0131zl\u0131\u011f\u0131&#8221; ile \u015fa\u015fk\u0131na \u00e7evirdi.\u00a0<!--more--><\/p>\n<p style=\"text-align: justify;\">Sosyal medyada Acun&#8217;a \u00f6fke dolu mesajlar ya\u011farken, &#8220;Acun&#8217;u k\u0131n\u0131yoruz&#8221; ba\u015fl\u0131\u011f\u0131 alt\u0131nda a\u00e7\u0131lan b\u00f6l\u00fcm rekora gidiyor.<\/p>\n<p style=\"text-align: justify;\">Acun Il\u0131cal\u0131 hat\u0131rlanaca\u011f\u0131 gibi ge\u00e7en hafta vefat eden Ba\u015fbakan Erdo\u011fan&#8217;\u0131n annesi i\u00e7in \u00e7ok hassas davranm\u0131\u015f ve pazartesi g\u00fcn\u00fc program\u0131n\u0131 iptal etmi\u015fti. Bu duyarl\u0131 davran\u0131\u015f\u0131 ile alk\u0131\u015f alan Acun, bu kez &#8220;duyars\u0131zl\u0131\u011f\u0131&#8221; ile tepki topluyor.<\/p>\n<p style=\"text-align: justify;\"><strong>R\u0130YAKARSIN!\u00a0<\/strong><\/p>\n<p style=\"text-align: justify;\">TV8&#8217;de program yapan Okan Bay\u00fclgen tepkisini canl\u0131 yay\u0131nda ortaya koydu. Tenzile Erdo\u011fan i\u00e7in Acun&#8217;un yay\u0131n\u0131 iptal etti\u011fini hat\u0131rlatan Bay\u00fclgen, &#8220;Ba\u015fka bir nedenle program\u0131 durdurduysan ama \u015fimdi durdurmuyorsan demek riyakars\u0131n&#8221; diye konu\u015ftu.<\/p>\n<p style=\"text-align: justify;\">[flv]http:\/\/video-milliyet.mncdn.net\/web\/video\/2011\/10\/23\/76436.flv[\/flv]<\/p>\n<p style=\"text-align: justify;\">[flv]http:\/\/video-milliyet.mncdn.net\/web\/video\/2011\/10\/21\/76381.flv[\/flv]<\/p>\n<p style=\"text-align: justify;\"><a href=\"http:\/\/magazin.milliyet.com.tr\/acun-ilicali-ya-tepki-buyuk-\/magazin\/magazindetay\/23.10.2011\/1454141\/default.htm\" target=\"_blank\">Kaynak : Milliyet.com.tr<\/a><\/p>\n","protected":false},"excerpt":{"rendered":"<p style=\"text-align: center;\">\n<p style=\"text-align: justify;\">Tenzile Erdo\u011fan&#8217;\u0131n vefat\u0131 nedeniyle ge\u00e7en hafta program\u0131n\u0131 iptal eden Acun Il\u0131cal\u0131, 24 \u015fehit i\u00e7in ayn\u0131 duyarl\u0131l\u0131\u011f\u0131 sergilemeyince tepki yaratt\u0131.<\/p>\n<p style=\"text-align: justify;\">24 \u015fehit verdi\u011fimiz hafta Yetenek Sizsiniz program\u0131n\u0131 ekrandan \u00e7ekmeyen Acun Il\u0131cal\u0131, bu kez &#8220;duyars\u0131zl\u0131\u011f\u0131&#8221; ile \u015fa\u015fk\u0131na \u00e7evirdi. <\/p>\n","protected":false},"author":1,"featured_media":0,"comment_status":"open","ping_status":"open","sticky":false,"template":"","format":"standard","meta":{"footnotes":""},"categories":[105],"tags":[451,450,422],"class_list":["post-41627","post","type-post","status-publish","format-standard","hentry","category-gundem","tag-acun-ilicali","tag-okan-bayulgen","tag-tenzile-erdogan","odd"],"_links":{"self":[{"href":"http:\/\/www.korhanyilmaz.com\/index.php?rest_route=\/wp\/v2\/posts\/41627","targetHints":{"allow":["GET"]}}],"collection":[{"href":"http:\/\/www.korhanyilmaz.com\/index.php?rest_route=\/wp\/v2\/posts"}],"about":[{"href":"http:\/\/www.korhanyilmaz.com\/index.php?rest_route=\/wp\/v2\/types\/post"}],"author":[{"embeddable":true,"href":"http:\/\/www.korhanyilmaz.com\/index.php?rest_route=\/wp\/v2\/users\/1"}],"replies":[{"embeddable":true,"href":"http:\/\/www.korhanyilmaz.com\/index.php?rest_route=%2Fwp%2Fv2%2Fcomments&post=41627"}],"version-history":[{"count":0,"href":"http:\/\/www.korhanyilmaz.com\/index.php?rest_route=\/wp\/v2\/posts\/41627\/revisions"}],"wp:attachment":[{"href":"http:\/\/www.korhanyilmaz.com\/index.php?rest_route=%2Fwp%2Fv2%2Fmedia&parent=41627"}],"wp:term":[{"taxonomy":"category","embeddable":true,"href":"http:\/\/www.korhanyilmaz.com\/index.php?rest_route=%2Fwp%2Fv2%2Fcategories&post=41627"},{"taxonomy":"post_tag","embeddable":true,"href":"http:\/\/www.korhanyilmaz.com\/index.php?rest_route=%2Fwp%2Fv2%2Ftags&post=41627"}],"curies":[{"name":"wp","href":"https:\/\/api.w.org\/{rel}","templated":true}]}}