{"id":41622,"date":"2010-12-17T17:12:29","date_gmt":"2010-12-17T15:12:29","guid":{"rendered":"http:\/\/www.korhanyilmaz.com\/?p=41622"},"modified":"2011-10-24T02:02:26","modified_gmt":"2011-10-23T23:02:26","slug":"medipolun-projesini-koruma-kurulu-da-onayladi","status":"publish","type":"post","link":"http:\/\/www.korhanyilmaz.com\/?p=41622","title":{"rendered":"Medipol\u2019\u00fcn projesini Koruma Kurulu da onaylad\u0131"},"content":{"rendered":"<p style=\"text-align: center;\"><a href=\"http:\/\/www.korhanyilmaz.com\/wp-content\/uploads\/2011\/10\/3022.jpg\"  class=\"lightview\"><img loading=\"lazy\" decoding=\"async\" class=\"aligncenter  wp-image-41623\" src=\"http:\/\/www.korhanyilmaz.com\/wp-content\/uploads\/2011\/10\/3022.jpg\" alt=\"\" width=\"356\" height=\"240\" \/><\/a><\/p>\n<p style=\"text-align: justify;\">Maliye Bakanl\u0131\u011f\u0131\u2019ndan tahsis ile al\u0131nan, Beykoz Kavac\u0131k\u2019taki 220 bin metrekarelik araziye kurulacak olan, \u0130stanbul Medipol \u00dcniversite projesine K\u00fclt\u00fcr ve Tabiat Varl\u0131klar\u0131n\u0131 Koruma Kurulu da onay verdi. Kurul\u2019un yapt\u0131\u011f\u0131 k\u00fc\u00e7\u00fck de\u011fi\u015fiklikler \u0130stanbul B\u00fcy\u00fck\u015fehir Belediye Meclisi\u2019nde, oy \u00e7oklu\u011fu ile kabul edildi. CHP\u2019li meclis \u00fcyesi Y\u00fcksek Mimar Mehmet Y\u0131ld\u0131z, \u201cYe\u015fil alan ve park alanlar\u0131 in\u015faata a\u00e7\u0131l\u0131yor. S\u00f6z\u00fcn bitti\u011fi yerdeyiz\u201d dedi.\u00a0<!--more--><\/p>\n<p style=\"text-align: justify;\">\u0130stanbul B\u00fcy\u00fck\u015fehir Belediye Meclisi bug\u00fcn bir kez daha Medipol\u2019\u00fc g\u00fcndemine ald\u0131.<\/p>\n<p style=\"text-align: justify;\">\u0130stanbul Medipol \u00dcniversitesi\u2019nin kurucusu olan Medipolitan E\u011fitim ve Sa\u011fl\u0131k Vakf\u0131, Maliye\u2019den \u00fcniversite yapmak i\u00e7in \u00f6n izinle ald\u0131\u011f\u0131, Beykoz Kavac\u0131k\u2019taki, yakla\u015f\u0131k 220 bin metrekarelik arazinin imar planlar\u0131n\u0131n de\u011fi\u015ftirilmesi i\u00e7in \u0130stanbul B\u00fcy\u00fck\u015fehir Belediyesi\u2019ne ba\u015fvurmu\u015f ve yakla\u015f\u0131k 2 ay \u00f6nce istenen plan de\u011fi\u015fikli\u011fi, Belediye taraf\u0131ndan kabul edilmi\u015fti.<\/p>\n<p style=\"text-align: justify;\">Ancak, b\u00f6lgenin S\u0130T alan\u0131 olmas\u0131 nedeniyle, \u0130stanbul B\u00fcy\u00fck\u015fehir Belediye Meclisi taraf\u0131ndan kabul edilen imar plan\u0131, onay i\u00e7in \u0130stanbul 6 Noli K\u00fclt\u00fcr ve Tabiat Varl\u0131klar\u0131n\u0131 Koruma B\u00f6lge Kurulu\u2019na g\u00f6nderildi.<\/p>\n<p style=\"text-align: justify;\">Kurul 2 ay i\u00e7inde incelemesini tamamlad\u0131 ve yapt\u0131\u011f\u0131 k\u00fc\u00e7\u00fck de\u011fi\u015fikliklerle birlikte plan\u0131 yeniden B\u00fcy\u00fck\u015fehir Belediyesi\u2019ne g\u00f6nderdi. Koruma Kurulu\u2019nun istedi\u011fi de\u011fi\u015fikliklerle ilgili \u0130mar Komisyonu Raporu bug\u00fcn Mecliste g\u00f6r\u00fc\u015f\u00fcld\u00fc.<\/p>\n<p style=\"text-align: justify;\"><strong>S\u00f6z\u00fcn bitti\u011fi yer\u00a0<\/strong><\/p>\n<p style=\"text-align: justify;\">Raporla ilgili s\u00f6z alan CHP\u2019li belediye meclis \u00fcyesi y\u00fcksek mimar Mehmet Y\u0131ld\u0131z, plan de\u011fi\u015fikli\u011fi ile parklar, \u00e7ocuk bah\u00e7eleri ve karayolu koruma ku\u015fa\u011f\u0131n\u0131 kapsayan yakla\u015f\u0131k 220 bin metrekarelik 3. derece do\u011fal sit alan\u0131n\u0131n, 8 katl\u0131 yap\u0131la\u015fma \u015fart\u0131yla imara a\u00e7\u0131ld\u0131\u011f\u0131n\u0131 belirtti. Koruma Kurullar\u0131n\u0131n bir \u00f6l\u00e7\u00fcde s\u0131n\u0131rlay\u0131c\u0131, denetleyici bir i\u015flev g\u00f6rd\u00fc\u011f\u00fcn\u00fc vurgulayan Y\u0131ld\u0131z daha sonra \u015funlar\u0131 s\u00f6yledi:<\/p>\n<p style=\"text-align: justify;\">\u201c<em>Koruma Kurullar\u0131 yanl\u0131\u015flar\u0131 d\u00fczeltiyordu. Ancak Kurullar da d\u00f6n\u00fc\u015ft\u00fcr\u00fcld\u00fc. Art\u0131k Belediyelerin vermedi\u011fi imar iznini neredeyse verecek yap\u0131ya getirildi. \u015eimdi b\u00f6yle bir kurul karar\u0131n\u0131 g\u00f6r\u00fc\u015f\u00fcyoruz.<\/em><\/p>\n<p style=\"text-align: justify;\"><em>Do\u011fal Sit Alan\u0131; ye\u015fil alan, ve park alanlar\u0131 8 katl\u0131 binalara izin verilerek in\u015faata a\u00e7\u0131l\u0131yor. Planlama ilkeleri ve teknik a\u00e7\u0131dan s\u00f6z\u00fcn bitti\u011fi yerdeyiz. Ne s\u00f6ylenebilir ki? Sadece \u015funu s\u00f6yleyebilirim:<\/em><\/p>\n<p style=\"text-align: justify;\"><em>M\u00fclkiyet Hazinenin, h\u00fck\u00fcmet sizin. 220 bin metrekare halk\u0131n arazisini istedi\u011finize verebilirsiniz. \u00c7o\u011funlu\u011funuz var. Parmaklar sizin, g\u00f6ky\u00fcz\u00fc Allah\u0131n. Ellerinizi istedi\u011finiz y\u00fcksekli\u011fe kald\u0131r\u0131p istedi\u011finiz kat y\u00fcksekli\u011fini verebilirsiniz. Ama bunun verilecek hesab\u0131 oldu\u011funu da bilmeniz gerekiyor<\/em>\u201d.<\/p>\n<p style=\"text-align: justify;\"><strong>Ge\u00e7mi\u015fte verilen izinler\u00a0<\/strong><\/p>\n<p style=\"text-align: justify;\">Daha sonra s\u00f6z alan AKP Grup Ba\u015fkanvekili Erg\u00fcn Turan, Mehmet Y\u0131ld\u0131z\u2019\u0131n, Nurettin S\u00f6zen d\u00f6neminde \u0130stanbul B\u00fcy\u00fck\u015fehir Belediyesi\u2019nde \u0130mar Daire Ba\u015fkan\u0131 oldu\u011funu ve o d\u00f6nemde bir \u00f6zel \u00fcniversiteye(Ko\u00e7 \u00dcniversitesi\u2019ne) orman arazisi i\u00e7inde imar izni verildi\u011fini s\u00f6yledi.<\/p>\n<p style=\"text-align: justify;\">Konu\u015fmalardan sonra yap\u0131lan oylamada Medipol \u00dcniversitesi ile ilgili imar plan\u0131 de\u011fi\u015fikli\u011fi oy \u00e7oklu\u011fuyla kabul edildi.<\/p>\n<p style=\"text-align: justify;\"><a href=\"http:\/\/www.t24.com.tr\/medipolun-projesini-koruma-kurulu-da-onayladi\/haber\/117458.aspx\" target=\"_blank\">Kaynak : T24<\/a><\/p>\n<p style=\"text-align: justify;\">\n","protected":false},"excerpt":{"rendered":"<p style=\"text-align: center;\">\n<p style=\"text-align: justify;\">Maliye Bakanl\u0131\u011f\u0131\u2019ndan tahsis ile al\u0131nan, Beykoz Kavac\u0131k\u2019taki 220 bin metrekarelik araziye kurulacak olan, \u0130stanbul Medipol \u00dcniversite projesine K\u00fclt\u00fcr ve Tabiat Varl\u0131klar\u0131n\u0131 Koruma Kurulu da onay verdi. Kurul\u2019un yapt\u0131\u011f\u0131 k\u00fc\u00e7\u00fck de\u011fi\u015fiklikler \u0130stanbul B\u00fcy\u00fck\u015fehir Belediye Meclisi\u2019nde, oy \u00e7oklu\u011fu ile kabul edildi. CHP\u2019li meclis \u00fcyesi Y\u00fcksek Mimar Mehmet Y\u0131ld\u0131z, \u201cYe\u015fil alan ve park <\/p>\n","protected":false},"author":1,"featured_media":0,"comment_status":"open","ping_status":"open","sticky":false,"template":"","format":"standard","meta":{"footnotes":""},"categories":[105],"tags":[],"class_list":["post-41622","post","type-post","status-publish","format-standard","hentry","category-gundem","odd"],"_links":{"self":[{"href":"http:\/\/www.korhanyilmaz.com\/index.php?rest_route=\/wp\/v2\/posts\/41622","targetHints":{"allow":["GET"]}}],"collection":[{"href":"http:\/\/www.korhanyilmaz.com\/index.php?rest_route=\/wp\/v2\/posts"}],"about":[{"href":"http:\/\/www.korhanyilmaz.com\/index.php?rest_route=\/wp\/v2\/types\/post"}],"author":[{"embeddable":true,"href":"http:\/\/www.korhanyilmaz.com\/index.php?rest_route=\/wp\/v2\/users\/1"}],"replies":[{"embeddable":true,"href":"http:\/\/www.korhanyilmaz.com\/index.php?rest_route=%2Fwp%2Fv2%2Fcomments&post=41622"}],"version-history":[{"count":0,"href":"http:\/\/www.korhanyilmaz.com\/index.php?rest_route=\/wp\/v2\/posts\/41622\/revisions"}],"wp:attachment":[{"href":"http:\/\/www.korhanyilmaz.com\/index.php?rest_route=%2Fwp%2Fv2%2Fmedia&parent=41622"}],"wp:term":[{"taxonomy":"category","embeddable":true,"href":"http:\/\/www.korhanyilmaz.com\/index.php?rest_route=%2Fwp%2Fv2%2Fcategories&post=41622"},{"taxonomy":"post_tag","embeddable":true,"href":"http:\/\/www.korhanyilmaz.com\/index.php?rest_route=%2Fwp%2Fv2%2Ftags&post=41622"}],"curies":[{"name":"wp","href":"https:\/\/api.w.org\/{rel}","templated":true}]}}