{"id":41615,"date":"2011-10-06T22:23:24","date_gmt":"2011-10-06T19:23:24","guid":{"rendered":"http:\/\/www.korhanyilmaz.com\/?p=41615"},"modified":"2011-10-24T01:36:31","modified_gmt":"2011-10-23T22:36:31","slug":"basbakan-erdogan-annesini-hastanede-ziyaret-etti","status":"publish","type":"post","link":"http:\/\/www.korhanyilmaz.com\/?p=41615","title":{"rendered":"Ba\u015fbakan Erdo\u011fan annesini hastanede ziyaret etti"},"content":{"rendered":"<p style=\"text-align: center;\"><a href=\"http:\/\/www.korhanyilmaz.com\/wp-content\/uploads\/2011\/10\/3021.jpg\"  class=\"lightview\"><img loading=\"lazy\" decoding=\"async\" class=\"aligncenter  wp-image-41616\" src=\"http:\/\/www.korhanyilmaz.com\/wp-content\/uploads\/2011\/10\/3021.jpg\" alt=\"\" width=\"360\" height=\"240\" \/><\/a><\/p>\n<p style=\"text-align: justify;\">Ba\u015fbakan Recep Tayyip Erdo\u011fan, ameliyatla safra kesesi al\u0131nan annesi Tenzile Erdo\u011fan&#8217;\u0131 hastanede ziyaret etti.<\/p>\n<p style=\"text-align: justify;\">Erdo\u011fan, ak\u015fam saatlerinde, annesinin tedavisinin s\u00fcrd\u00fcr\u00fcld\u00fc\u011f\u00fc \u00d6zel Medipol Hastanesine gitti. Ba\u015fbakan Erdo\u011fan&#8217;\u0131n, annesi Tenzile Erdo\u011fan&#8217;\u0131 ziyareti yakla\u015f\u0131k 1.5 saat s\u00fcrd\u00fc. \u00c7evre ve \u015eehircilik Bakan\u0131 Erdo\u011fan Bayraktar da Ba\u015fbakan Erdo\u011fan&#8217;\u0131n ziyareti s\u0131ras\u0131nda hastaneye geldi.<\/p>\n<p style=\"text-align: justify;\"><a href=\"http:\/\/www.radikal.com.tr\/Radikal.aspx?aType=RadikalDetayV3&amp;ArticleID=1065575&amp;Date=24.10.2011&amp;CategoryID=77&amp;Rdkref=1\" target=\"_blank\">Kaynak : Radikal.com.tr<\/a><\/p>\n<p style=\"text-align: justify;\">\n","protected":false},"excerpt":{"rendered":"<p style=\"text-align: center;\">\n<p style=\"text-align: justify;\">Ba\u015fbakan Recep Tayyip Erdo\u011fan, ameliyatla safra kesesi al\u0131nan annesi Tenzile Erdo\u011fan&#8217;\u0131 hastanede ziyaret etti.<\/p>\n<p style=\"text-align: justify;\">Erdo\u011fan, ak\u015fam saatlerinde, annesinin tedavisinin s\u00fcrd\u00fcr\u00fcld\u00fc\u011f\u00fc \u00d6zel Medipol Hastanesine gitti. Ba\u015fbakan Erdo\u011fan&#8217;\u0131n, annesi Tenzile Erdo\u011fan&#8217;\u0131 ziyareti yakla\u015f\u0131k 1.5 saat s\u00fcrd\u00fc. \u00c7evre ve \u015eehircilik Bakan\u0131 Erdo\u011fan Bayraktar da Ba\u015fbakan Erdo\u011fan&#8217;\u0131n ziyareti s\u0131ras\u0131nda hastaneye geldi.<\/p>\n<p  \n\n","protected":false},"author":1,"featured_media":0,"comment_status":"open","ping_status":"open","sticky":false,"template":"","format":"standard","meta":{"footnotes":""},"categories":[105],"tags":[421,12,422],"class_list":["post-41615","post","type-post","status-publish","format-standard","hentry","category-gundem","tag-ozel-medipol-hastanesi","tag-recep-tayyip-erdogan","tag-tenzile-erdogan","odd"],"_links":{"self":[{"href":"http:\/\/www.korhanyilmaz.com\/index.php?rest_route=\/wp\/v2\/posts\/41615","targetHints":{"allow":["GET"]}}],"collection":[{"href":"http:\/\/www.korhanyilmaz.com\/index.php?rest_route=\/wp\/v2\/posts"}],"about":[{"href":"http:\/\/www.korhanyilmaz.com\/index.php?rest_route=\/wp\/v2\/types\/post"}],"author":[{"embeddable":true,"href":"http:\/\/www.korhanyilmaz.com\/index.php?rest_route=\/wp\/v2\/users\/1"}],"replies":[{"embeddable":true,"href":"http:\/\/www.korhanyilmaz.com\/index.php?rest_route=%2Fwp%2Fv2%2Fcomments&post=41615"}],"version-history":[{"count":0,"href":"http:\/\/www.korhanyilmaz.com\/index.php?rest_route=\/wp\/v2\/posts\/41615\/revisions"}],"wp:attachment":[{"href":"http:\/\/www.korhanyilmaz.com\/index.php?rest_route=%2Fwp%2Fv2%2Fmedia&parent=41615"}],"wp:term":[{"taxonomy":"category","embeddable":true,"href":"http:\/\/www.korhanyilmaz.com\/index.php?rest_route=%2Fwp%2Fv2%2Fcategories&post=41615"},{"taxonomy":"post_tag","embeddable":true,"href":"http:\/\/www.korhanyilmaz.com\/index.php?rest_route=%2Fwp%2Fv2%2Ftags&post=41615"}],"curies":[{"name":"wp","href":"https:\/\/api.w.org\/{rel}","templated":true}]}}