{"id":41599,"date":"2011-10-23T18:03:00","date_gmt":"2011-10-23T15:03:00","guid":{"rendered":"http:\/\/www.korhanyilmaz.com\/?p=41599"},"modified":"2011-10-23T22:28:51","modified_gmt":"2011-10-23T19:28:51","slug":"vanda-deprem","status":"publish","type":"post","link":"http:\/\/www.korhanyilmaz.com\/?p=41599","title":{"rendered":"Van&#8217;da deprem"},"content":{"rendered":"<p style=\"text-align: center;\"><a href=\"http:\/\/www.korhanyilmaz.com\/wp-content\/uploads\/2011\/10\/3013.jpg\"  class=\"lightview\"><img loading=\"lazy\" decoding=\"async\" class=\"aligncenter  wp-image-41600\" src=\"http:\/\/www.korhanyilmaz.com\/wp-content\/uploads\/2011\/10\/3013.jpg\" alt=\"\" width=\"320\" height=\"213\" \/><\/a><\/p>\n<p style=\"text-align: justify;\"><strong>Van ve \u00e7evresi bug\u00fcn saat 13.40&#8217;ta \u015fiddetli depremle salland\u0131, 19:00&#8217;a kadarki belirlemelere g\u00f6re \u00f6l\u00fc say\u0131s\u0131 85&#8217;i, yaral\u0131 say\u0131s\u0131 500&#8217;\u00fc buldu<\/strong><\/p>\n<p style=\"text-align: justify;\">Bo\u011fazi\u00e7i \u00dcniversitesi Kandilli Enstit\u00fcs\u00fc Deprem Ara\u015ft\u0131rma Enstit\u00fcs\u00fc\u2019nden yap\u0131lan a\u00e7\u0131klamaya g\u00f6re depremin merkez \u00fcss\u00fc Van&#8217;\u0131n Tabanl\u0131 k\u00f6y\u00fc. Depremin Richter \u00f6l\u00e7e\u011fine g\u00f6re 7,2 b\u00fcy\u00fckl\u00fc\u011f\u00fcnde oldu\u011fu bildirildi. Yerin yakla\u015f\u0131k 5 kilometre derinli\u011finde meydana gelen ve 25 saniye s\u00fcren depremde y\u0131k\u0131lan binalar var. Ba\u015fbakan Erdo\u011fan da programlar\u0131n\u0131 iptal ederek Van&#8217;a gitme karar\u0131 ald\u0131. Ba\u015fbakan&#8217;\u0131n bug\u00fcn saat 16:30&#8217;da Van&#8217;a gitmesi ve bir afet zirvesi toplanmas\u0131 bekleniyor.<!--more--><\/p>\n<p style=\"text-align: justify;\">DHA\u2019n\u0131n verdi\u011fi bilgiye g\u00f6re kentte telefonlar sustu, elektrikler kesildi. Depremin ard\u0131ndan en b\u00fcy\u00fc\u011f\u00fc 5.5 b\u00fcy\u00fckl\u00fc\u011f\u00fcne sahip \u00e7ok say\u0131da art\u00e7\u0131 sars\u0131nt\u0131 meydana geldi.<\/p>\n<p style=\"text-align: justify;\"><a href=\"http:\/\/www.korhanyilmaz.com\/wp-content\/uploads\/2011\/10\/3014.jpg\"  class=\"lightview\"><img loading=\"lazy\" decoding=\"async\" class=\"aligncenter size-full wp-image-41601\" title=\"\" src=\"http:\/\/www.korhanyilmaz.com\/wp-content\/uploads\/2011\/10\/3014.jpg\" alt=\"\" width=\"400\" height=\"266\" \/><\/a><\/p>\n<p style=\"text-align: justify;\">Depremde kent merkezinde \u00e7ok say\u0131da binan\u0131n \u00e7\u00f6kt\u00fc\u011f\u00fc belirtildi. Kaz\u0131m Karabekir Caddesi&#8217;nde bulunan 7 katl\u0131 binan\u0131n \u00e7\u00f6kmesi sonucu baz\u0131 vatanda\u015flar enkaz alt\u0131nda kald\u0131. \u0130tfaiye ekipleri enkaz alt\u0131ndaki vatanda\u015flar\u0131 kurtarmaya \u00e7al\u0131\u015f\u0131yor.<\/p>\n<p style=\"text-align: justify;\">Tabanl\u0131 k\u00f6y\u00fc merkezli 7,2 b\u00fcy\u00fckl\u00fc\u011f\u00fcnde deprem Diyarbak\u0131r, Batman, \u015e\u0131rnak, Mu\u015f, Erzurum, Bing\u00f6l, Bitlis, Siirt, Mardin ile Irak&#8217;\u0131n kuzeyindeki Duhok ve \u00e7evre yerle\u015fim birimlerinde de hissedildi.<\/p>\n<p style=\"text-align: justify;\">Deprem b\u00f6lgede pani\u011fe neden olurken baz\u0131 vatanda\u015flar\u0131n ev ve i\u015f yerlerinden d\u0131\u015far\u0131 \u00e7\u0131kt\u0131\u011f\u0131 g\u00f6r\u00fcld\u00fc.<\/p>\n<p style=\"text-align: justify;\">Bu arada, depremin b\u00fcy\u00fckl\u00fc\u011f\u00fc, Atat\u00fcrk \u00dcniversitesi Deprem Ara\u015ft\u0131rma Merkezi&#8217;nde 7.0 olarak \u00f6l\u00e7\u00fcld\u00fc. Merkez \u00fcss\u00fc ise Van ile Muradiye aras\u0131nda Er\u00e7ek G\u00f6l\u00fc&#8217;n\u00fcn kuzeyinde Ak\u00e7ift k\u00f6y\u00fc olarak tespit edildi.Reuters haber ajans\u0131 ise, ABD kaynaklar\u0131na dayand\u0131rarak verdi\u011fi haberde depremin \u015fiddetini 7.6, derinli\u011fini ise 94.5 kilometre olarak a\u00e7\u0131klad\u0131.<\/p>\n<p style=\"text-align: justify;\"><a href=\"http:\/\/www.korhanyilmaz.com\/wp-content\/uploads\/2011\/10\/3015.jpg\"  class=\"lightview\"><img loading=\"lazy\" decoding=\"async\" class=\"alignleft  wp-image-41602\" style=\"margin-left: 10px; margin-right: 10px;\" src=\"http:\/\/www.korhanyilmaz.com\/wp-content\/uploads\/2011\/10\/3015.jpg\" alt=\"\" width=\"239\" height=\"360\" \/><\/a>NTV yay\u0131n\u0131na kat\u0131lan Van Belediye Ba\u015fkan\u0131 Bekir Kaya, Van&#8217;\u0131n pek \u00e7ok k\u00f6y\u00fcyle irtibat sa\u011flanamad\u0131\u011f\u0131n\u0131 ve bu y\u00fczden tahribat hakk\u0131nda kesin bir bilgilerinin olmad\u0131\u011f\u0131n\u0131 a\u00e7\u0131klad\u0131. Kaya, kent merkezinde uzun zamand\u0131r k\u00fc\u00e7\u00fck sars\u0131nt\u0131lar ya\u015fand\u0131\u011f\u0131n\u0131, depremin kent sakinlerinin bu sars\u0131nt\u0131lara al\u0131\u015ft\u0131\u011f\u0131 s\u0131rada geldi\u011fini s\u00f6yledi.<\/p>\n<p style=\"text-align: justify;\">Erci\u015f Belediye Ba\u015fkan\u0131 Z\u00fclfikar Arapo\u011flu da, il\u00e7edeki y\u0131k\u0131m\u0131n b\u00fcy\u00fck boyutlarda oldu\u011funu, \u00e7ok say\u0131da binan\u0131n y\u0131k\u0131ld\u0131\u011f\u0131n\u0131 s\u00f6yledi. Enkaz alt\u0131nda kalanlar oldu\u011funu s\u00f6yleyen Arapo\u011flu, \u00e7ok say\u0131da \u00f6l\u00fc ve yaral\u0131 oldu\u011funu, b\u00f6lgeye acil olarak kurtarma ekibi beklediklerini a\u00e7\u0131klad\u0131.<\/p>\n<p style=\"text-align: justify;\"><strong>KIZILAY: B\u0130R \u00d6\u011eRENC\u0130 YURDU \u00c7\u00d6KT\u00dc<\/strong><\/p>\n<p style=\"text-align: justify;\">T\u00fcrk K\u0131z\u0131lay\u0131\u2019ndan yap\u0131lan yaz\u0131l\u0131 a\u00e7\u0131klamada da, Ankara&#8217;daki T\u00fcrk K\u0131z\u0131lay\u0131 Afet Operasyon Merkezi&#8217;nde bir kriz masas\u0131 olu\u015fturuldu\u011fu bildirildi:<\/p>\n<p style=\"text-align: justify;\">\u201c\u0130lk olarak Erci\u015f&#8217;te b\u00fcy\u00fck hasar oldu\u011fu 25 apartman\u0131n ve bir \u00f6\u011frenci yurdunun \u00e7\u00f6kt\u00fc\u011f\u00fc tespit edildi. K\u0131z\u0131lay\u0131n yerel ekipleri \u00e7\u00f6ken \u00f6\u011frenci yurdundan \u00e7ok say\u0131da yaral\u0131 \u00e7\u0131kard\u0131. B\u00f6lgede arama kurtarma ekipleri, i\u015f makineleri ve i\u00e7me suyu ihtiyac\u0131 bulunuyor. T\u00fcrk K\u0131z\u0131lay\u0131 Genel M\u00fcd\u00fcr\u00fc \u00d6mer Ta\u015fl\u0131 da b\u00f6lgeye do\u011fru yola \u00e7\u0131kt\u0131.<\/p>\n<p style=\"text-align: justify;\">Yard\u0131m malzemelerinin b\u00f6lgeye ula\u015ft\u0131r\u0131labilmesi i\u00e7in t\u00fcm haz\u0131rl\u0131klar tamamland\u0131. T\u00fcrk K\u0131z\u0131lay\u0131 b\u00f6lgedeki geli\u015fmeleri yak\u0131ndan takip etmektedir.\u201d<\/p>\n<p style=\"text-align: justify;\"><strong>BA\u015eBAKAN ERDO\u011eAN VAN&#8217;A G\u0130D\u0130YOR<\/strong><\/p>\n<p style=\"text-align: justify;\">Van&#8217;da b\u00fcy\u00fck bir y\u0131k\u0131ma neden olan depremin hemen ard\u0131ndan, Ba\u015fbakan Recep Tayyip Erdo\u011fan&#8217;\u0131n Van&#8217;a gidece\u011fi \u00f6\u011frenildi. Ba\u015fbakan Erdo\u011fan, Pazartesi g\u00fcnk\u00fc t\u00fcm program\u0131n\u0131 iptal ederek \u0130stanbul&#8217;dan Van&#8217;a ge\u00e7ecek.<\/p>\n<p style=\"text-align: justify;\">B\u00f6lgedeki yard\u0131mlar\u0131 organize etmek i\u00e7in Van&#8217;da kriz merkezi kurulaca\u011f\u0131n\u0131 ifade eden Ba\u015fbakan Yard\u0131mc\u0131s\u0131 Be\u015fir Atalay ise, &#8220;Devletin t\u00fcm kurumlar\u0131n\u0131n alarma ge\u00e7irdik. B\u00f6lgeye yard\u0131m i\u00e7in ilde kriz merkezi de kurulacak&#8221; dedi. Ba\u015fbakan Erdo\u011fan&#8217;\u0131n yan\u0131s\u0131ra Atalay ile birikte Sa\u011fl\u0131k Bakan\u0131 Recep Akda\u011f da Van&#8217;a hareket etti.<\/p>\n<p style=\"text-align: justify;\"><a href=\"http:\/\/www.korhanyilmaz.com\/wp-content\/uploads\/2011\/10\/3016.jpg\"  class=\"lightview\"><img loading=\"lazy\" decoding=\"async\" class=\"aligncenter size-full wp-image-41603\" title=\"\" src=\"http:\/\/www.korhanyilmaz.com\/wp-content\/uploads\/2011\/10\/3016.jpg\" alt=\"\" width=\"400\" height=\"267\" \/><\/a><\/p>\n<p style=\"text-align: justify;\"><strong>AFAD: CAN KAYBI MEYDANA GET\u0130RM\u0130\u015eT\u0130R<\/strong><\/p>\n<p style=\"text-align: justify;\">Ba\u015fbakanl\u0131k Afet ve Acil Durum Y\u00f6netimi Ba\u015fkanl\u0131\u011f\u0131ndan (AFAD), Van ve il\u00e7elerinde \u00e7ok kuvvetli hissedilen depremin ilk belirlemelere g\u00f6re hasar ve can kayb\u0131 meydana getirdi\u011fi, depremde hayat\u0131n\u0131 kaybeden ve yaral\u0131 ki\u015fi say\u0131s\u0131n\u0131n hen\u00fcz kesinle\u015fmedi\u011fi bildirildi.<\/p>\n<p style=\"text-align: justify;\">AFAD Deprem Dairesi Ba\u015fkanl\u0131\u011f\u0131ndan yap\u0131lan yaz\u0131l\u0131 a\u00e7\u0131klamada, Van merkezli 7,2 b\u00fcy\u00fckl\u00fc\u011f\u00fcnde meydana gelen depremin ard\u0131ndan yo\u011fun bir art\u00e7\u0131 deprem aktivitesi ya\u015fand\u0131\u011f\u0131, b\u00fcy\u00fckl\u00fckleri 5.8-2.5 aras\u0131nda de\u011fi\u015fen 10 art\u00e7\u0131 deprem tespit edildi\u011fi ve art\u00e7\u0131 depremlerin devam etti\u011fi ifade edildi.<\/p>\n<p style=\"text-align: justify;\"><span style=\"text-decoration: underline;\">A\u00e7\u0131klamada, \u015funlar\u0131 kaydedildi:<\/span><\/p>\n<p style=\"text-align: justify;\">\u201cDeprem, Van ve il\u00e7elerinde \u00e7ok kuvvetli hissedilmi\u015f olup, ilk belirlemelere g\u00f6re hasar ve can kayb\u0131 meydana getirmi\u015ftir. Deprem Erzurum, A\u011fr\u0131, Mardin, Diyarbak\u0131r, Mu\u015f, Bitlis, I\u011fd\u0131r, Kars, Batman, Siirt illeri ve il\u00e7elerinde hissedilmi\u015ftir. Depremde hayat\u0131n\u0131 kaybeden ve yaral\u0131 ki\u015fi say\u0131s\u0131 hen\u00fcz kesinle\u015fmemi\u015ftir.<\/p>\n<p style=\"text-align: justify;\">Ana \u015fok ve daha sonra meydana gelen depremlerin Van ilinin kuzeydo\u011fusundaki do\u011frultu at\u0131l\u0131ml\u0131 faylarla ili\u015fkisi olabilece\u011fi d\u00fc\u015f\u00fcn\u00fclm\u00fc\u015ft\u00fcr. Deprem aktivitesi bak\u0131m\u0131ndan olduk\u00e7a aktif olan b\u00f6lgede bir \u00e7ok y\u0131k\u0131c\u0131 depremin meydana geldi\u011fi bilinmektedir.\u201d<\/p>\n<p style=\"text-align: justify;\">A\u00e7\u0131klamada, b\u00f6lgede 1945 y\u0131l\u0131nda \u00c7atak&#8217;ta 5.8, 1972 y\u0131l\u0131nda Van&#8217;da 5.2, 1976 y\u0131l\u0131nda \u00c7ald\u0131ran&#8217;da 7.2 ve 1977&#8217;de Erci\u015f&#8217;te 5.1 b\u00fcy\u00fckl\u00fc\u011f\u00fcnde meydana gelen depremlerin son y\u00fczy\u0131lda meydana gelen en b\u00fcy\u00fck deprem oldu\u011fu bildirildi.<\/p>\n<p style=\"text-align: justify;\">AFAD&#8217;dan yap\u0131lan a\u00e7\u0131klamada, deprem b\u00f6lgesindeki hasarl\u0131 yap\u0131lar\u0131n kullan\u0131lmamas\u0131 y\u00f6n\u00fcnde gerekli \u00f6nlemlerin al\u0131nmas\u0131 istendi.<\/p>\n<p style=\"text-align: justify;\"><strong>KAND\u0130LL\u0130\u2019DEN \u0130LK A\u00c7IKLAMA:<\/strong> Bin can kayb\u0131 tahmin ediyoruz<\/p>\n<p style=\"text-align: justify;\">Depremin b\u00fcy\u00fckl\u00fc\u011f\u00fcn\u00fc 7.2 olarak a\u00e7\u0131klayan Kandilli Rasathanesi, &#8221;Yakla\u015f\u0131k bin can kayb\u0131 olabilece\u011fini tahmin ediyoruz&#8221; a\u00e7\u0131klamas\u0131nda bulundu.<\/p>\n<p style=\"text-align: justify;\">Kandilli Rasathanesi, 6.6 olarak a\u00e7\u0131klanan depremin b\u00fcy\u00fckl\u00fc\u011f\u00fcn\u00fc 7.2 olarak a\u00e7\u0131klad\u0131.<\/p>\n<p style=\"text-align: justify;\">Kandilli&#8217;den yap\u0131lan di\u011fer a\u00e7\u0131klamalar \u015f\u00f6yle:<\/p>\n<p style=\"text-align: justify;\">Depremin s\u0131\u011f bir deprem oldu\u011funu, hasar\u0131n Van ve Erci\u015f aras\u0131nda yo\u011funla\u015ft\u0131\u011f\u0131n\u0131 tahmin ediyoruz.<\/p>\n<p style=\"text-align: justify;\">\u015eimdiye kadar g\u00f6r\u00fclen en b\u00fcy\u00fck art\u00e7\u0131 5.5 b\u00fcy\u00fckl\u00fc\u011f\u00fcnde.<\/p>\n<p style=\"text-align: justify;\">Depremin \u015fiddeti 8 ile 9 aras\u0131nda. depremin 9 \u015fiddetinde hissedildi\u011fi b\u00f6lgelerde hasar b\u00fcy\u00fck.<\/p>\n<p style=\"text-align: justify;\">Bin dolay\u0131nda evin hasar g\u00f6rd\u00fc\u011f\u00fcn\u00fc tahmin ediyoruz. Yakla\u015f\u0131k bin can kayb\u0131 tahmin ediyoruz. ama bu rakam daha fazla da \u00e7\u0131kabilir.<\/p>\n<p style=\"text-align: justify;\"><strong>B\u0130TL\u0130S&#8217;TE 1 \u00c7OCUK ERC\u0130\u015e&#8217;TE 28 K\u0130\u015e\u0130 HAYATINI KAYBETT\u0130<\/strong><\/p>\n<p style=\"text-align: justify;\">Bitlis Vali Nurettin Y\u0131lmaz yapt\u0131\u011f\u0131 a\u00e7\u0131klamada, Van&#8217;da meydana gelen ve Bitlis&#8217;te de \u015fiddetli \u015fekilde hissedilen depremde, Adilcevaz il\u00e7esine ba\u011fl\u0131 Ayd\u0131nlar Beldesinde 8 ya\u015f\u0131nda bir k\u0131z \u00e7ocu\u011funun enkaz alt\u0131nda kalarak hayat\u0131n\u0131 kaybetti\u011fini s\u00f6yledi. TRT Haber ise ilk belirlemelere g\u00f6re Erci\u015f\u2019te 28 ki\u015finin hayat\u0131n\u0131 kaybetti\u011fi a\u00e7\u0131klad\u0131.<\/p>\n<p style=\"text-align: justify;\"><strong>KIZILAY BA\u015eKANI&#8217;NDAN KORKUTAN A\u00c7IKLAMA<\/strong><\/p>\n<p style=\"text-align: justify;\">K\u0131z\u0131lay Ba\u015fkan\u0131 Ahmet L\u00fctfi Akar, ya\u015fanan depremle ilgili olarak &#8220;\u0130n\u015fallah az hasarla atlat\u0131l\u0131r ama korkar\u0131m ki biraz fazla \u00e7\u0131kacak&#8221; dedi<\/p>\n<p style=\"text-align: justify;\">\u00d6zellikle Van&#8217;\u0131n i\u00e7i ve Erci\u015f&#8217;te biraz fazla hasar oldu\u011funa dair haberler ald\u0131klar\u0131n\u0131 a\u00e7\u0131klayan Akar, &#8220;Biz K\u0131z\u0131lay olarak ilk operasyonu ba\u015flatt\u0131k. Elaz\u0131\u011f, Mu\u015f ve Erzurum&#8217;daki merkezlerimiziden y\u00f6netiyoruz&#8221; dedi.\u00d6te yandan K\u0131z\u0131lay&#8217;dan yap\u0131lan yaz\u0131l\u0131 a\u00e7\u0131klamada ise Ankara&#8217;daki T\u00fcrk K\u0131z\u0131lay\u0131 Afet Operasyon Merkezi&#8217;nde bir kriz masas\u0131 olu\u015fturuldu\u011fu bildirildi.<\/p>\n<p style=\"text-align: justify;\">Erzurum, Mu\u015f ve Elaz\u0131\u011f Yerel Afet M\u00fcdahale ve lojistik merkezlerinden \u00e7ok say\u0131da \u00e7ad\u0131r, battaniye ve g\u0131da malzemesinin b\u00f6lgeye do\u011fru yola \u00e7\u0131kar\u0131ld\u0131\u011f\u0131 ifade edilen a\u00e7\u0131klamada, T\u00fcrk K\u0131z\u0131lay\u0131 ekiplerinin de b\u00f6lgede durum ve ihtiya\u00e7 tespit \u00e7al\u0131\u015fmalar\u0131na devam etti\u011fi belirtildi.<\/p>\n<p style=\"text-align: justify;\"><strong>\u00d6\u011eRENC\u0130 YURDU \u00c7\u00d6KT\u00dc<\/strong><\/p>\n<p style=\"text-align: justify;\">B\u00f6lgedeki kan merkezlerinin de yaral\u0131lara gerekli kan\u0131 ula\u015ft\u0131rmak i\u00e7in \u00e7al\u0131\u015fmalar\u0131na ba\u015flad\u0131\u011f\u0131 vurgulanan a\u00e7\u0131klamada, \u015funlar kaydedildi:<\/p>\n<p style=\"text-align: justify;\">&#8220;\u0130lk olarak Erci\u015f&#8217;te b\u00fcy\u00fck hasar oldu\u011fu 25 apartman\u0131n ve bir \u00f6\u011frenci yurdunun \u00e7\u00f6kt\u00fc\u011f\u00fc tespit edildi. K\u0131z\u0131lay\u0131n yerel ekipleri \u00e7\u00f6ken \u00f6\u011frenci yurdundan \u00e7ok say\u0131da yaral\u0131 \u00e7\u0131kard\u0131. B\u00f6lgede arama kurtarma ekipleri, i\u015f makineleri ve i\u00e7me suyu ihtiyac\u0131 bulunuyor. T\u00fcrk K\u0131z\u0131lay\u0131 Genel M\u00fcd\u00fcr\u00fc \u00d6mer Ta\u015fl\u0131 da b\u00f6lgeye do\u011fru yola \u00e7\u0131kt\u0131.<\/p>\n<p style=\"text-align: justify;\">Yard\u0131m malzemelerinin b\u00f6lgeye ula\u015ft\u0131r\u0131labilmesi i\u00e7in t\u00fcm haz\u0131rl\u0131klar tamamland\u0131. T\u00fcrk K\u0131z\u0131lay\u0131 b\u00f6lgedeki geli\u015fmeleri yak\u0131ndan takip etmektedir.&#8221;<\/p>\n<p style=\"text-align: justify;\"><strong>I\u015eIKARA: H\u0130SSED\u0130LEN 10 \u015e\u0130DDET\u0130NDEND\u0130R<\/strong><\/p>\n<p style=\"text-align: justify;\"><a href=\"http:\/\/www.korhanyilmaz.com\/wp-content\/uploads\/2011\/10\/3017.jpg\"  class=\"lightview\"><img loading=\"lazy\" decoding=\"async\" class=\"alignright size-full wp-image-41604\" style=\"margin-left: 10px; margin-right: 10px;\" src=\"http:\/\/www.korhanyilmaz.com\/wp-content\/uploads\/2011\/10\/3017.jpg\" alt=\"\" width=\"250\" height=\"150\" \/><\/a>K\u0131z\u0131lay Genel Ba\u015fkan\u0131 Ba\u015fdan\u0131\u015fman\u0131 Ahmet Mete I\u015f\u0131kara, depreme ili\u015fkin a\u00e7\u0131klamalarda bulundu. Yapt\u0131\u011f\u0131 a\u00e7\u0131klamada; &#8220;6.6 yerel b\u00fcy\u00fckl\u00fc\u011f\u00fcn\u00fcn oldu\u011funu esas b\u00fcy\u00fckl\u00fc\u011f\u00fcn ise 7.3 oldu\u011funu Kandilli az \u00f6nce a\u00e7\u0131klad\u0131. 7.3 olduk\u00e7a b\u00fcy\u00fck bir depremdir. Hissedilen 10 \u015fiddetindedir. Beni korkutan oradaki yap\u0131 sto\u011fu. Burada vatanda\u015flar\u0131m\u0131za benim \u00f6nerim, hasarl\u0131 binalara girmesinler. T\u00fcrk K\u0131z\u0131lay&#8217;\u0131 hemen faaliyete ge\u00e7ti. t\u00fcm destekler deprem b\u00f6lgesine sunuluyor. Bu art\u00e7\u0131 \u015foklar uzun s\u00fcre devam edecek. 6 b\u00fcy\u00fckl\u00fc\u011f\u00fcnde bir \u015fok olabilir, ola\u011fan kar\u015f\u0131lamak laz\u0131m. Havaalan\u0131 hasarl\u0131 deniyor, pist hasarl\u0131ysa daha k\u00f6t\u00fc bir durum var. \u00c7\u00fcnk\u00fc pist hasarl\u0131 ise yard\u0131m ekipleri nas\u0131l b\u00f6lgeye ula\u015facak? 6- 6.9 civar\u0131ndaki deprem \u00fclkemizde y\u0131lda birkere olabilir demi\u015ftim. 7&#8217;nin \u00fczerindeki bir deprem 7-8 y\u0131lda olabilir demi\u015ftim. En son d\u00fczce depremi olmu\u015ftu. Ondan bu yana 7.&#8217;nin \u00fczerinde bir deprem yok demi\u015ftim. Bu durum T\u00fcrkiye&#8217;nin deprem ger\u00e7e\u011finin bir g\u00f6stergesi. Deprem olacak ger\u00e7e\u011fini kabul etmek gerekiyor. Ba\u015fka bir b\u00f6lgeyi tetikleyece\u011fini d\u00fc\u015f\u00fcnm\u00fcyorum. Art\u00e7\u0131 \u015foklar b\u00fcy\u00fck \u015fiddetlerde devam edecektir. Bunlar ola\u011fan durumlard\u0131r. Halk\u0131n d\u0131\u015far\u0131da beklemesi, hasarl\u0131 evlere girilmemesi gerekiyor. Halk\u0131n mobilyalar\u0131 sabitlemesi gerekiyordu, deprem s\u0131ras\u0131nda paniklememek de \u00e7ok \u00f6nemlidir. Ancak bu durumlara al\u0131\u015fmam\u0131z gerekiyor&#8221;<\/p>\n<p style=\"text-align: justify;\"><strong>YARALILAR HEL\u0130KOPTERLE NAKLED\u0130L\u0130YOR<\/strong><\/p>\n<p style=\"text-align: justify;\">Erci\u015f\u2019te hastanelerin yetersiz kalmas\u0131 nedeniyle, yaral\u0131lar askeri helikopterlerle b\u00f6lgedeki di\u011fer hastanelere naklediliyor. Pazar g\u00fcn\u00fc olmas\u0131 nedeniyle vatanda\u015flar\u0131n depreme evlerinde yakaland\u0131\u011f\u0131 ve bu durumunun \u00f6l\u00fc ve yaral\u0131 say\u0131s\u0131n\u0131n artmas\u0131ndan endi\u015fe ediliyor. Erci\u015f\u2019te binalar\u0131n yan\u0131 s\u0131ra kalabal\u0131k oldu\u011fu belirtilen bir kahvenin de \u00e7\u00f6kt\u00fc\u011f\u00fc belirtildi. Baz\u0131 camilerin de minarelerin y\u0131k\u0131ld\u0131\u011f\u0131 il\u00e7ede, arama kurtara \u00e7al\u0131\u015fmalar\u0131n\u0131n zor \u015fartlar alt\u0131nda s\u00fcrd\u00fc\u011f\u00fc kaydedildi.<\/p>\n<p style=\"text-align: justify;\"><strong>SEYYAR HASTANELER KURULDU<\/strong><\/p>\n<p style=\"text-align: justify;\">Van\u2019da meydana gelen Richter \u00f6l\u00e7e\u011fine g\u00f6re 7.2 b\u00fcy\u00fckl\u00fc\u011f\u00fcndeki depremde kurtarma \u00e7al\u0131\u015fmalar\u0131 ilerledik\u00e7e cay kayb\u0131 haberleri geliyor. \u00c7ok say\u0131da yaral\u0131 hastaneleri doldururken Van kent merkezindeki Y\u00fcz\u00fcnc\u00fc Y\u0131l \u00dcniversitesi T\u0131p Fak\u00fcltesi Hastanesi\u2019nin bah\u00e7esine seyyar hastane kuruldu.<\/p>\n<p style=\"text-align: justify;\">Van ve \u00e7evresindeki baz\u0131 devlet hastaneleri de depremde a\u011f\u0131r hasar g\u00f6rd\u00fc\u011f\u00fc i\u00e7in, hastalara ve yaral\u0131lar bah\u00e7e kurulan \u00e7ad\u0131rlarda m\u00fcdahale ediliyor.<\/p>\n<p style=\"text-align: justify;\">Genelkurmay Ba\u015fkanl\u0131\u011f\u0131, durumu a\u011f\u0131r olan hastalar\u0131n di\u011fer illere ta\u015f\u0131nmas\u0131 i\u00e7in 3 u\u00e7ak tahsis etti. Sa\u011fl\u0131k Bakanl\u0131\u011f\u0131 da b\u00fct\u00fcn ambulans u\u00e7ak ve helikopterlerini deprem b\u00f6lgesine sevk etti.<\/p>\n<p style=\"text-align: justify;\"><strong>KOCAELI VE ZONGULDAK\u2019TAN EK\u0130P G\u00d6NDER\u0130LD\u0130<\/strong><\/p>\n<p style=\"text-align: justify;\">Kocaeli, Zonguldak ve Konya\u2019dan Van\u2019a arama kurtarma ekipleri sevk edildi. 17 A\u011fustos Depremi\u2019nin ard\u0131ndan, ya\u015fananlardan al\u0131nan tecr\u00fcbelerle T\u00fcrkiye\u2019nin en donan\u0131ml\u0131 ve e\u011fitimli itfaiye birimlerinden biri haline gelen Kocaeli B\u00fcy\u00fck\u015fehir Belediyesi itfaiyecilerinden olu\u015fan kurtarma ekibi, Sivil Savunma, AKUT Kocaeli Ofisi ekibi, G\u00f6lc\u00fck\u2019te kurulan GESOT\u0130M Arama Kurtarma timinin de aralar\u0131nda bulundu\u011fu 300 ki\u015fi gruplar halinde b\u00f6lgeye hareket etti. Van Vali M\u00fcnir Karalo\u011flu\u2019nun da daha \u00f6nce Kocaeli B\u00fcy\u00fck\u015fehir Belediyesi Genel Sekreterli\u011fi g\u00f6revinde bulunmas\u0131 nedeniyle buradaki ekipleri \u00e7ok iyi bildi\u011finden \u00f6zellikle Kocaeli\u2019den destek istedi\u011fi \u00f6\u011frenildi.<\/p>\n<p style=\"text-align: justify;\">Zonguldak\u2019tan da \u0130l Afet ve Acil Durum M\u00fcd\u00fcrl\u00fc\u011f\u00fc\u2019ne ba\u011fl\u0131 9 ki\u015filik ekip, \u00f6zel e\u011fitimli k\u00f6pekle birlikte arama- kurtarma \u00e7al\u0131\u015fmalar\u0131na kat\u0131lmak \u00fczere Van\u2019a gitti. \u0130l Afet ve Acil Durum M\u00fcd\u00fcrl\u00fc\u011f\u00fc, Ba\u015fbakanl\u0131k Afet ve Acil Durum M\u00fcd\u00fcrl\u00fc\u011f\u00fc\u2019n\u00fcn talebi \u00fczerine 9 ki\u015filik ekibini Van\u2019a g\u00f6nderdi. Ekip te\u00e7hizatlar\u0131yla 2 ara\u00e7la saat 16.00\u2019da yola \u00e7\u0131kt\u0131.<\/p>\n<p style=\"text-align: justify;\">Konya \u0130l Sa\u011fl\u0131k M\u00fcd\u00fcrl\u00fc\u011f\u00fc 112 Acil Servis Hizmetlerine ba\u011fl\u0131 1 ambulans helikopter, 2 tam donan\u0131ml\u0131 kara ambulans\u0131, Ulusal Medikal Kurtarma (UMKE) birimine ba\u011fl\u0131 13 ki\u015filik 3 ekip ile Konya Sivil Savunma \u0130l M\u00fcd\u00fcrl\u00fc\u011f\u00fc\u2019ne ba\u011fl\u0131 1 ekip, Van\u2019a gitmek i\u00e7in yola \u00e7\u0131kt\u0131.<\/p>\n<p style=\"text-align: justify;\"><strong><a href=\"http:\/\/www.korhanyilmaz.com\/wp-content\/uploads\/2011\/10\/3018.jpg\"  class=\"lightview\"><img loading=\"lazy\" decoding=\"async\" class=\"alignleft size-full wp-image-41605\" style=\"margin-left: 10px; margin-right: 10px;\" src=\"http:\/\/www.korhanyilmaz.com\/wp-content\/uploads\/2011\/10\/3018.jpg\" alt=\"\" width=\"250\" height=\"167\" \/><\/a>\u0130SRA\u0130L&#8217;DEN YARDIM TEKL\u0130F\u0130<\/strong><\/p>\n<p style=\"text-align: justify;\">\u0130srail Savunma Bakan\u0131 Ehud Barak, Do\u011fu Anadolu\u2019da ger\u00e7ekle\u015fen 7.2 b\u00fcy\u00fckl\u00fc\u011f\u00fcndeki depremin ard\u0131ndan, \u201cher t\u00fcrl\u00fc yard\u0131mda bulunmak i\u00e7in haz\u0131r olduklar\u0131n\u0131\u201d belirtti.<\/p>\n<p style=\"text-align: justify;\">Barak, depremin ard\u0131ndan Savunma Bakanl\u0131\u011f\u0131\u2019n\u0131n diplomatik-g\u00fcvenlik b\u00fcrosu ba\u015fkan\u0131 Amos Gilad\u2019a talimat vererek, T\u00fcrk yetkililerle temasa ge\u00e7mesini ve \u201cgereken her t\u00fcrl\u00fc alanda yard\u0131mda bulunmak i\u00e7in haz\u0131r olduklar\u0131&#8221; mesaj\u0131n\u0131 iletmesini istedi. Ayn\u0131 zamanda, D\u0131\u015fi\u015fleri Bakanl\u0131\u011f\u0131 yetkilileri de Ankara\u2019yla temasa ge\u00e7erek gereken yard\u0131m konusunda de\u011ferlendirmelerde bulundu.<\/p>\n<p style=\"text-align: justify;\">Bakanl\u0131k s\u00f6zc\u00fcs\u00fc Yigal Palmor, D\u0131\u015fi\u015fleri Bakan\u0131 Avigdor Lieberman\u2019\u0131n talimat\u0131 do\u011frultusunda T\u00fcrk yetkililerle g\u00f6r\u00fc\u015ferek, \u201cAnkara\u2019daki \u0130srail b\u00fcy\u00fckel\u00e7ili\u011fi T\u00fcrk yetkililere yard\u0131m teklifinde bulundu\u201d dedi.<\/p>\n<p style=\"text-align: justify;\">\u0130srail G\u00fcvenlik G\u00fc\u00e7leri Genelkurmay Ba\u015fkan\u0131 Benny Gantz da, felaket b\u00f6lgesine \u00f6zel bir heyet g\u00f6nderilmesi konusunda haz\u0131r olunmas\u0131 emri verdi. \u0130srail Jeofizik Enstit\u00fcs\u00fc ise Do\u011fu Anadolu depreminin ba\u015fkent Tel Aviv&#8217;deki y\u00fcksek b\u00f6lgelerde de hissedildi\u011fini belirtti.<\/p>\n<p style=\"text-align: justify;\">\u0130srail\u2019in haricinde Yunanistan, Azerbaycan, , ABD, \u0130ngiltere, Almanya, Polonya, Macaristan ve \u0130svi\u00e7re\u2019den de yard\u0131m teklifi geldi.<\/p>\n<p style=\"text-align: justify;\"><strong>BA\u015eBAKAN ERDO\u011eAN VAN&#8217;A G\u0130TT\u0130<\/strong><\/p>\n<p style=\"text-align: justify;\">Ba\u015fbakan Recep Tayyip Erdo\u011fan, \u201cDAP\u201d adl\u0131 \u00f6zel u\u00e7ak ile saat 17.40&#8217;ta Van&#8217;a gitti. Ba\u015fbakan Erdo\u011fan&#8217;\u0131 Atat\u00fcrk Havaliman\u0131 VIP salonundan, B\u00fcy\u00fck\u015fehir Belediye Ba\u015fkan\u0131 Kadir Topba\u015f, \u0130stanbul Emniyet M\u00fcd\u00fcr\u00fc H\u00fcseyin \u00c7apk\u0131n ve di\u011fer ilgililer u\u011furlad\u0131.<\/p>\n<p style=\"text-align: justify;\">Ba\u015fbakan Erdo\u011fan ile birlikte \u0130\u00e7i\u015fleri Bakan\u0131 \u0130dris Naim \u015eahin, \u00c7evre ve \u015eehircilik Bakan\u0131 Erdo\u011fan Bayraktar, Ula\u015ft\u0131rma Bakan\u0131 Binali Y\u0131ld\u0131r\u0131m ve Milli E\u011fitim Bakan\u0131 \u00d6mer Din\u00e7er ile Ba\u015fbakan&#8217;\u0131n k\u0131z\u0131 S\u00fcmeyye Erdo\u011fan&#8217;da ayn\u0131 u\u00e7akla Van&#8217;a gitti.<\/p>\n<p style=\"text-align: justify;\"><strong><a href=\"http:\/\/www.korhanyilmaz.com\/wp-content\/uploads\/2011\/10\/3019.jpg\"  class=\"lightview\"><img loading=\"lazy\" decoding=\"async\" class=\"alignleft  wp-image-41606\" style=\"margin-left: 10px; margin-right: 10px;\" src=\"http:\/\/www.korhanyilmaz.com\/wp-content\/uploads\/2011\/10\/3019.jpg\" alt=\"\" width=\"268\" height=\"253\" \/><\/a>DEPREM SONRASI &#8216;VAN G\u00d6L\u00dc&#8217; KAYGISI<\/strong><\/p>\n<p style=\"text-align: justify;\">T\u00fcrkiye\u2019yi en az son 10 y\u0131l\u0131n en g\u00fc\u00e7l\u00fc depremin vurdu\u011funu belirten CNN International, Van G\u00f6l\u00fc\u2019nden su ta\u015fmas\u0131 olas\u0131l\u0131\u011f\u0131n\u0131n kayg\u0131 yaratt\u0131\u011f\u0131n\u0131 bildirdi. Van\u2019da meydana gelen g\u00fc\u00e7l\u00fc deprem, t\u00fcm d\u00fcnyada yank\u0131 buldu. CNN International\u2019\u0131n meteoroloji uzman\u0131 Reynolds Wolf, Van i\u00e7in &#8220;b\u00f6lge, bu t\u00fcr sismik hareketlere yabanc\u0131 de\u011fil&#8221; derken, yine Pazar g\u00fcn\u00fc meydana gelen depremin b\u00fcy\u00fck olarak de\u011ferlendirildi\u011fini s\u00f6yledi.<\/p>\n<p style=\"text-align: justify;\">T\u00fcrkiye\u2019de bundan \u00f6nceki b\u00fcy\u00fck depremlerin 1999 y\u0131l\u0131nda meydana geldi\u011fini ve toplam 17 bin 984 insan\u0131n \u00f6l\u00fcm\u00fcne yol a\u00e7t\u0131\u011f\u0131n\u0131 kaydeden CNN, yine Reynold Wolf\u2019un &#8220;Bir kayg\u0131 da, ba\u015fta Bat\u0131 taraf\u0131 olmak \u00fczere, yak\u0131n b\u00f6lgelere su ta\u015fmas\u0131na neden olabilecek, Van G\u00f6l\u00fc boyunca suyun yer de\u011fi\u015fmesidir&#8221; de\u011ferlendirmesini aktard\u0131.<\/p>\n<p style=\"text-align: justify;\"><strong>TSK: \u0130K\u0130 DO\u011eAL AFET ARAMA KURTARMA TABURU G\u00d6REVLEND\u0130R\u0130LD\u0130<\/strong><\/p>\n<p style=\"text-align: justify;\">Genelkurmay Ba\u015fkanl\u0131\u011f\u0131, Van&#8217;daki depreme acil m\u00fcdahale ve enkaz alt\u0131ndaki vatanda\u015flar\u0131n kurtar\u0131lmas\u0131 i\u00e7in iki do\u011fal afet arama kurtarma taburu g\u00f6revlendirildi\u011fini duyurdu.<\/p>\n<p style=\"text-align: justify;\">Genelkurmay Ba\u015fkanl\u0131\u011f\u0131n\u0131n internet sitesinden yap\u0131lan a\u00e7\u0131klamada, Van ve civar\u0131nda meydana gelen \u00fcz\u00fcc\u00fc deprem haberinin al\u0131nmas\u0131 \u00fczerine, deprem b\u00f6lgesine yard\u0131m i\u00e7in TSK&#8217;n\u0131n do\u011fal afet\/kurtarma birliklerine intikal i\u00e7in haz\u0131rl\u0131k emri verildi\u011fi, Genelkurmay \u00d6zel Kuvvetler Komutanl\u0131\u011f\u0131ndan bir Do\u011fal Afet Arama Kurtarma (DAK) Taburu ve Jandarma Genel Komutanl\u0131\u011f\u0131ndan bir Jandarma \u00d6zel Arama Kurtarma (J\u00d6AK) Taburunun deprem b\u00f6lgesine intikali i\u00e7in emir verildi\u011fi belirtildi.<\/p>\n<p style=\"text-align: justify;\"><strong>3 U\u00c7AK TAHS\u0130S ED\u0130LD\u0130<\/strong><\/p>\n<p style=\"text-align: justify;\">A\u00e7\u0131klamada ayr\u0131ca, Ba\u015fbakanl\u0131k Afet ve Acil Durum Y\u00f6netimi Ba\u015fkanl\u0131\u011f\u0131n\u0131n talebi \u00fczerine, Diyarbak\u0131r;dan bir Casa u\u00e7a\u011f\u0131, Ankara;dan iki nakliye u\u00e7a\u011f\u0131n\u0131n acil yard\u0131m malzemesi nakli i\u00e7in tahsis edildi\u011fi kaydedildi.<\/p>\n<p style=\"text-align: justify;\"><strong>KI\u015eLALARDA CAN KAYBI YOK<\/strong><\/p>\n<p style=\"text-align: justify;\">Genelkurmay a\u00e7\u0131klamas\u0131nda, TSK k\u0131\u015fla ve tesislerinde herhangi bir can kayb\u0131n\u0131n olmad\u0131\u011f\u0131, sadece baz\u0131 askeri binalarda hafif hasarlar meydana geldi\u011fi ifade edildi.<\/p>\n<p style=\"text-align: justify;\"><strong>\u00d6L\u00dc VE YARALI SAYISI ARTIYOR<\/strong><\/p>\n<p style=\"text-align: justify;\">Van\u2019da bug\u00fcn \u00f6\u011flede sonra meydana gelen Richter \u00f6l\u00e7e\u011fine g\u00f6re 7.2 b\u00fcy\u00fckl\u00fc\u011f\u00fcndeki depremin vurdu\u011fu yerle\u015fim yerlerinden Erci\u015f il\u00e7e merkezinde \u00f6l\u00fc say\u0131s\u0131 50\u2019yi, yaral\u0131 say\u0131s\u0131 200\u2019\u00fc buldu. Erci\u015f\u2019te y\u0131k\u0131lan binalar\u0131n enkaz kald\u0131rma \u00e7al\u0131\u015fmalar\u0131, yollar\u0131n \u00e7\u00f6kmesi y\u00fcz\u00fcnden kurtarma ekiplerinin gelmesi gecikti\u011fi i\u00e7in g\u00fc\u00e7l\u00fckle yap\u0131l\u0131yor. Enkaz kald\u0131r\u0131ld\u0131k\u00e7a \u00f6l\u00fc say\u0131s\u0131n\u0131n artmas\u0131ndan korkuluyor.<\/p>\n<p style=\"text-align: justify;\">Van kent merkezinde de y\u0131k\u0131lan binalar\u0131n enkaz\u0131ndan \u00f6lenlerin cesetleri \u00e7\u0131kmaya ba\u015flad\u0131. Enkazlarda arama kurtarma \u00e7al\u0131\u015fmas\u0131 yapan ekipler \u00f6l\u00fc say\u0131s\u0131n\u0131n 10\u2019u, yaral\u0131 say\u0131s\u0131n\u0131n da 100\u2019\u00fc bulabilece\u011fini s\u00f6yledi.<\/p>\n<p style=\"text-align: justify;\"><a href=\"http:\/\/www.radikal.com.tr\/Radikal.aspx?aType=RadikalDetayV3&amp;ArticleID=1067249&amp;Date=23.10.2011&amp;CategoryID=77\" target=\"_blank\">Kaynak : Radikal.com.tr<\/a><\/p>\n","protected":false},"excerpt":{"rendered":"<p style=\"text-align: center;\">\n<p style=\"text-align: justify;\">Van ve \u00e7evresi bug\u00fcn saat 13.40&#8217;ta \u015fiddetli depremle salland\u0131, 19:00&#8217;a kadarki belirlemelere g\u00f6re \u00f6l\u00fc say\u0131s\u0131 85&#8217;i, yaral\u0131 say\u0131s\u0131 500&#8217;\u00fc buldu<\/p>\n<p style=\"text-align: justify;\">Bo\u011fazi\u00e7i \u00dcniversitesi Kandilli Enstit\u00fcs\u00fc Deprem Ara\u015ft\u0131rma Enstit\u00fcs\u00fc\u2019nden yap\u0131lan a\u00e7\u0131klamaya g\u00f6re depremin merkez \u00fcss\u00fc Van&#8217;\u0131n Tabanl\u0131 k\u00f6y\u00fc. Depremin Richter \u00f6l\u00e7e\u011fine g\u00f6re 7,2 b\u00fcy\u00fckl\u00fc\u011f\u00fcnde oldu\u011fu bildirildi. Yerin yakla\u015f\u0131k 5 kilometre <\/p>\n","protected":false},"author":1,"featured_media":0,"comment_status":"open","ping_status":"open","sticky":false,"template":"","format":"standard","meta":{"footnotes":""},"categories":[105],"tags":[],"class_list":["post-41599","post","type-post","status-publish","format-standard","hentry","category-gundem","odd"],"_links":{"self":[{"href":"http:\/\/www.korhanyilmaz.com\/index.php?rest_route=\/wp\/v2\/posts\/41599","targetHints":{"allow":["GET"]}}],"collection":[{"href":"http:\/\/www.korhanyilmaz.com\/index.php?rest_route=\/wp\/v2\/posts"}],"about":[{"href":"http:\/\/www.korhanyilmaz.com\/index.php?rest_route=\/wp\/v2\/types\/post"}],"author":[{"embeddable":true,"href":"http:\/\/www.korhanyilmaz.com\/index.php?rest_route=\/wp\/v2\/users\/1"}],"replies":[{"embeddable":true,"href":"http:\/\/www.korhanyilmaz.com\/index.php?rest_route=%2Fwp%2Fv2%2Fcomments&post=41599"}],"version-history":[{"count":0,"href":"http:\/\/www.korhanyilmaz.com\/index.php?rest_route=\/wp\/v2\/posts\/41599\/revisions"}],"wp:attachment":[{"href":"http:\/\/www.korhanyilmaz.com\/index.php?rest_route=%2Fwp%2Fv2%2Fmedia&parent=41599"}],"wp:term":[{"taxonomy":"category","embeddable":true,"href":"http:\/\/www.korhanyilmaz.com\/index.php?rest_route=%2Fwp%2Fv2%2Fcategories&post=41599"},{"taxonomy":"post_tag","embeddable":true,"href":"http:\/\/www.korhanyilmaz.com\/index.php?rest_route=%2Fwp%2Fv2%2Ftags&post=41599"}],"curies":[{"name":"wp","href":"https:\/\/api.w.org\/{rel}","templated":true}]}}