{"id":41595,"date":"2011-10-23T09:25:12","date_gmt":"2011-10-23T06:25:12","guid":{"rendered":"http:\/\/www.korhanyilmaz.com\/?p=41595"},"modified":"2011-10-23T19:28:33","modified_gmt":"2011-10-23T16:28:33","slug":"sessiz-yuruyuse-provokasyon-uyarisi","status":"publish","type":"post","link":"http:\/\/www.korhanyilmaz.com\/?p=41595","title":{"rendered":"Sessiz y\u00fcr\u00fcy\u00fc\u015fe provokasyon uyar\u0131s\u0131"},"content":{"rendered":"<p style=\"text-align: center;\"><a href=\"http:\/\/www.korhanyilmaz.com\/wp-content\/uploads\/2011\/10\/3012.jpg\"  class=\"lightview\"><img loading=\"lazy\" decoding=\"async\" class=\"aligncenter  wp-image-41596\" src=\"http:\/\/www.korhanyilmaz.com\/wp-content\/uploads\/2011\/10\/3012.jpg\" alt=\"\" width=\"320\" height=\"214\" \/><\/a><\/p>\n<p style=\"text-align: justify;\">Devletin zirvesini ve partileri ziyaret eden sivil toplum kurulu\u015flar\u0131 7 ilde 7 milyon ki\u015fiyle eylem \u00f6nerdi. G\u00fcl ise &#8216;hassas duruma&#8217; dikkat \u00e7ekti.<\/p>\n<p style=\"text-align: justify;\">T\u00fcrkiye Odalar ve Borsalar Birli\u011fi (TOBB) ile de\u011fi\u015fik sivil toplum kurulu\u015flar\u0131n\u0131n (STK) ter\u00f6re kar\u015f\u0131 karde\u015fli\u011fi peki\u015ftirecek ortak eylem \u00e7a\u011fr\u0131s\u0131na devletin zirvesinden \u2018g\u00fcvenlik ve provokasyon\u2019 uyar\u0131s\u0131 geldi. CHP \u00f6neriye destek verirken, BDP, \u201cOrtak pankartta bar\u0131\u015f yazs\u0131n\u201d dedi.\u00a0<!--more--><\/p>\n<p style=\"text-align: justify;\">TOBB, T\u00dcRK-\u0130\u015e, TESK, TZOB, T\u0130SK, HAK-\u0130\u015e, MEMUR-SEN, KAMUSEN, T\u00fcrkiye Barolar Birli\u011fi, T\u00dcRMOB, T\u00fcrk Veteriner Hekimler Birli\u011fi Merkez Konseyi, Noterler Birli\u011fi, T\u00dcRSAB temsilcileri \u00f6nceki g\u00fcn, Cumhurba\u015fkan\u0131 Abdullah G\u00fcl, Meclis Ba\u015fkan\u0131 Cemil \u00c7i\u00e7ek, Ba\u015fbakan Recep Tayyip Erdo\u011fan, CHP lideri Kemal K\u0131l\u0131\u00e7daro\u011flu ve MHP lideri Devlet Bah\u00e7eli\u2019yi ziyaret etti. STK temsilcileri BDP\u2019de ise E\u015fba\u015fkanlar Ankara d\u0131\u015f\u0131nda oldu\u011fu i\u00e7in E\u015fba\u015fkan Yard\u0131mc\u0131lar\u0131 Hakim Geylani, Filiz Ko\u00e7ali ve Grup Ba\u015fkanvekili Pervin Buldan ile g\u00f6r\u00fc\u015ft\u00fcler. Ziyaretin ana amac\u0131n\u0131 artan ter\u00f6r olaylar\u0131na kar\u015f\u0131 nelerin yap\u0131labilece\u011fi konusu olu\u015fturdu.<\/p>\n<p style=\"text-align: justify;\">Ziyaret s\u0131ras\u0131nda STK temsilcileri, \u20187 ilde 7 milyon ki\u015fi\u2019 slogan\u0131yla 7 b\u00f6lgede 7 il belirleyerek, buralarda karde\u015fli\u011fi peki\u015ftirecek, ter\u00f6re kar\u015f\u0131 bir dizi sessiz eylem yapmay\u0131 planlad\u0131klar\u0131n\u0131 anlatt\u0131. Bu eylemlere \u2018karde\u015flik duygusunun peki\u015ftirilmesi, ter\u00f6r\u00fcn ise lanetlenmesinin\u2019 ama\u00e7land\u0131\u011f\u0131, yap\u0131lacak y\u00fcr\u00fcy\u00fc\u015fte slogan at\u0131lmayaca\u011f\u0131 ve ortak pankart d\u0131\u015f\u0131nda hi\u00e7bir sembol\u00fcn kullan\u0131lmayaca\u011f\u0131 ifade edildi.<\/p>\n<p style=\"text-align: justify;\">Cumhurba\u015fkan\u0131 Abdullah G\u00fcl\u2019\u00fcn, STK\u2019lar\u0131 uyararak, \u201cYapmay\u0131n demiyorum, ama \u00e7ok dikkatli planlay\u0131n, iyi organize olun\u201d dedi\u011fi, hassas duruma dikkat \u00e7ekerek, yap\u0131lacak bir eylemde, T\u00fcrkiye\u2019nin bu ko\u015fullar\u0131n\u0131n da dikkate al\u0131nmas\u0131n\u0131n, t\u00fcm T\u00fcrkiye\u2019nin faydas\u0131na olaca\u011f\u0131n\u0131 s\u00f6yledi\u011fi ifade edildi.<\/p>\n<p style=\"text-align: justify;\"><strong>Bah\u00e7eli de mesafeli<\/strong><\/p>\n<p style=\"text-align: justify;\">CHP\u2019liler destek vereceklerini belirterek, Diyarbak\u0131r\u2019\u0131n da eylem takvimine al\u0131nmas\u0131n\u0131 isterken, bir ba\u015fka uyar\u0131 da MHP lideri Devlet Bah\u00e7eli\u2019den geldi. Bah\u00e7eli\u2019nin, TOBB Ba\u015fkan\u0131 Rifat Hisarc\u0131kl\u0131o\u011flu\u2019nun \u2018Ba\u015fbakan ve siyasi parti liderlerinin en \u00f6nde STK y\u00f6neticileriyle birlikte y\u00fcr\u00fcmesi\u2019 teklifine mesafeli yakla\u015ft\u0131\u011f\u0131 \u00f6\u011frenildi. Bah\u00e7eli\u2019nin heyete, bu tip organizasyonlar\u0131n siyasetin d\u0131\u015f\u0131nda olmas\u0131 gerekti\u011fini belirterek, \u201cBiz parti te\u015fkilatlar\u0131m\u0131za ve mensuplar\u0131m\u0131za yap\u0131lacak y\u00fcr\u00fcy\u00fc\u015fe katk\u0131 koymalar\u0131 i\u00e7in izin veririz. Ancak siyasi partilerin i\u015fin i\u00e7inde olmas\u0131 s\u0131k\u0131nt\u0131 yarat\u0131r\u201d dedi\u011fi kaydedildi. Bah\u00e7eli\u2019nin Alparslan T\u00fcrke\u015f\u2019in i\u00e7inde yer ald\u0131\u011f\u0131 bir y\u00fcr\u00fcy\u00fc\u015fte ya\u015fananlar\u0131 anlatt\u0131ktan sonra \u201cAra sokaklarda ne oldu\u011funu bilemiyoruz. Bu tip eylemler, y\u00fcr\u00fcy\u00fc\u015fler provokasyona a\u00e7\u0131k olur\u201d uyar\u0131s\u0131nda bulundu\u011fu kaydedildi.<\/p>\n<p style=\"text-align: justify;\">BDP\u2019lilerin ise sivil toplum \u00f6rg\u00fctlerine, \u201cBu iklimi bozan sava\u015ft\u0131r ve diyalog ile m\u00fczakere ile \u00e7\u00f6z\u00fclmesi gerekir. B\u00f6yle bir iklim yaratacak y\u00fcr\u00fcy\u00fc\u015f anlaml\u0131 olur. Ama i\u00e7inde bar\u0131\u015f ve karde\u015flik temalar\u0131 olmal\u0131, ayr\u0131\u015ft\u0131r\u0131c\u0131 de\u011fil, kayna\u015ft\u0131r\u0131c\u0131 olmal\u0131\u201d yan\u0131t\u0131 verdi\u011fi \u00f6\u011frenildi. BDP\u2019lilerin ortak pankartta \u201cmutlaka \u2018bar\u0131\u015f\u2019 temas\u0131n\u0131n bulunmas\u0131 gerekti\u011fini\u201d s\u00f6yledi\u011fi belirtildi.<\/p>\n<p style=\"text-align: justify;\"><a href=\"http:\/\/www.radikal.com.tr\/Radikal.aspx?aType=RadikalHaberDetayV3&amp;ArticleID=1067215&amp;Date=23.10.2011&amp;CategoryID=78\" target=\"_blank\">Kaynak : Radikal.com.tr<\/a><\/p>\n","protected":false},"excerpt":{"rendered":"<p style=\"text-align: center;\">\n<p style=\"text-align: justify;\">Devletin zirvesini ve partileri ziyaret eden sivil toplum kurulu\u015flar\u0131 7 ilde 7 milyon ki\u015fiyle eylem \u00f6nerdi. G\u00fcl ise &#8216;hassas duruma&#8217; dikkat \u00e7ekti.<\/p>\n<p style=\"text-align: justify;\">T\u00fcrkiye Odalar ve Borsalar Birli\u011fi (TOBB) ile de\u011fi\u015fik sivil toplum kurulu\u015flar\u0131n\u0131n (STK) ter\u00f6re kar\u015f\u0131 karde\u015fli\u011fi peki\u015ftirecek ortak eylem \u00e7a\u011fr\u0131s\u0131na devletin zirvesinden \u2018g\u00fcvenlik ve provokasyon\u2019 uyar\u0131s\u0131 geldi. <\/p>\n","protected":false},"author":1,"featured_media":0,"comment_status":"open","ping_status":"open","sticky":false,"template":"","format":"standard","meta":{"footnotes":""},"categories":[105],"tags":[],"class_list":["post-41595","post","type-post","status-publish","format-standard","hentry","category-gundem","odd"],"_links":{"self":[{"href":"http:\/\/www.korhanyilmaz.com\/index.php?rest_route=\/wp\/v2\/posts\/41595","targetHints":{"allow":["GET"]}}],"collection":[{"href":"http:\/\/www.korhanyilmaz.com\/index.php?rest_route=\/wp\/v2\/posts"}],"about":[{"href":"http:\/\/www.korhanyilmaz.com\/index.php?rest_route=\/wp\/v2\/types\/post"}],"author":[{"embeddable":true,"href":"http:\/\/www.korhanyilmaz.com\/index.php?rest_route=\/wp\/v2\/users\/1"}],"replies":[{"embeddable":true,"href":"http:\/\/www.korhanyilmaz.com\/index.php?rest_route=%2Fwp%2Fv2%2Fcomments&post=41595"}],"version-history":[{"count":0,"href":"http:\/\/www.korhanyilmaz.com\/index.php?rest_route=\/wp\/v2\/posts\/41595\/revisions"}],"wp:attachment":[{"href":"http:\/\/www.korhanyilmaz.com\/index.php?rest_route=%2Fwp%2Fv2%2Fmedia&parent=41595"}],"wp:term":[{"taxonomy":"category","embeddable":true,"href":"http:\/\/www.korhanyilmaz.com\/index.php?rest_route=%2Fwp%2Fv2%2Fcategories&post=41595"},{"taxonomy":"post_tag","embeddable":true,"href":"http:\/\/www.korhanyilmaz.com\/index.php?rest_route=%2Fwp%2Fv2%2Ftags&post=41595"}],"curies":[{"name":"wp","href":"https:\/\/api.w.org\/{rel}","templated":true}]}}