{"id":41590,"date":"2011-10-23T13:55:59","date_gmt":"2011-10-23T10:55:59","guid":{"rendered":"http:\/\/www.korhanyilmaz.com\/?p=41590"},"modified":"2011-10-23T19:21:58","modified_gmt":"2011-10-23T16:21:58","slug":"stklardan-terore-karsi-buyuk-yuruyus","status":"publish","type":"post","link":"http:\/\/www.korhanyilmaz.com\/?p=41590","title":{"rendered":"STK&#8217;lardan ter\u00f6re kar\u015f\u0131 b\u00fcy\u00fck y\u00fcr\u00fcy\u00fc\u015f"},"content":{"rendered":"<p style=\"text-align: center;\"><a href=\"http:\/\/www.korhanyilmaz.com\/wp-content\/uploads\/2011\/10\/3011.jpg\"  class=\"lightview\"><img loading=\"lazy\" decoding=\"async\" class=\"aligncenter  wp-image-41591\" src=\"http:\/\/www.korhanyilmaz.com\/wp-content\/uploads\/2011\/10\/3011.jpg\" alt=\"\" width=\"346\" height=\"229\" \/><\/a><\/p>\n<p style=\"text-align: justify;\">Son d\u00f6nemde artan ter\u00f6r olaylar\u0131 nedeniyle 24 sivil toplum kurulu\u015fu taraf\u0131ndan olu\u015fturulan &#8220;Birli\u011fe \u00c7a\u011fr\u0131 Platformu&#8221; 30 Ekim 2011 tarihinde \u0130stanbul&#8217;da y\u00fcr\u00fcy\u00fc\u015f d\u00fczenleme karar\u0131 ald\u0131.<\/p>\n<p style=\"text-align: justify;\">ANKARA &#8211; Ge\u00e7en hafta Ankara&#8217;da Cumhurba\u015fkan\u0131 Abdullah G\u00fcl, TBMM Ba\u015fkan\u0131 Cemil \u00c7icek, Ba\u015fbakan Recep Tayyip Erdo\u011fan ve siyasi parti liderlerine bir dizi ziyaret ger\u00e7ekle\u015ftiren 24 sivil toplum kurulu\u015funun ba\u015fkanlar\u0131, isti\u015fareleri sonucunda alan\u0131n kararlar\u0131 bug\u00fcn T\u00fcrkiye Odalar ve Borsalar Birli\u011fi (TOBB) toplant\u0131 salonunda a\u00e7\u0131klad\u0131.\u00a0<!--more--><\/p>\n<p style=\"text-align: justify;\"><a href=\"http:\/\/www.korhanyilmaz.com\/wp-content\/uploads\/2011\/10\/3010.jpg\"  class=\"lightview\"><img loading=\"lazy\" decoding=\"async\" class=\"alignleft  wp-image-41592\" style=\"margin-left: 10px; margin-right: 10px;\" src=\"http:\/\/www.korhanyilmaz.com\/wp-content\/uploads\/2011\/10\/3010.jpg\" alt=\"\" width=\"280\" height=\"186\" \/><\/a>\u201cBirli\u011fe \u00c7a\u011fr\u0131 Platformu\u201d ad\u0131na konu\u015fan TOBB Ba\u015fkan\u0131 Rifat Hisarc\u0131kl\u0131o\u011flu, T\u00fcrkiye&#8217;nin her b\u00f6lgesinde \u00f6rg\u00fctl\u00fc, toplumun b\u00fct\u00fcn kesimlerini temsil eden 24 kurulu\u015f olarak bir araya geldiklerini s\u00f6yledi.<\/p>\n<p style=\"text-align: justify;\">T\u00fcrkiye&#8217;nin hassas bir s\u00fcre\u00e7ten ge\u00e7ti\u011fini, insanlar\u0131n i\u00e7ini yaralayan, ci\u011ferini yakan olaylar\u0131n ya\u015fand\u0131\u011f\u0131n\u0131 kaydeden Hisarc\u0131kl\u0131o\u011flu, artan ter\u00f6r olaylar\u0131 neticesinde \u015fehit d\u00fc\u015fen polis ve askerler ile hayat\u0131n\u0131 kaybeden insanlar\u0131n ac\u0131s\u0131n\u0131 toplumun her kesiminin derinden hissetti\u011fini s\u00f6yledi. Bu vahim olaylar\u0131n tek hedefinin milletin birli\u011fini ve b\u00fct\u00fcnl\u00fc\u011f\u00fcn\u00fc bozmak oldu\u011funu ifade eden Hisarc\u0131kl\u0131o\u011fllu, milletin birlik ve b\u00fct\u00fcnl\u00fc\u011f\u00fcn\u00fc hedef alan bu olaylar kar\u015f\u0131s\u0131nda sessiz kalmayacaklar\u0131n\u0131 ve ter\u00f6r\u00fc nefretle k\u0131nad\u0131klar\u0131n\u0131 bildirdi.<\/p>\n<p style=\"text-align: justify;\">Bug\u00fcn karde\u015flik ba\u011flar\u0131n\u0131 zay\u0131flatmak isteyenlerin, bu topraklar\u0131n mayas\u0131n\u0131n \u00e7ok g\u00fc\u00e7l\u00fc oldu\u011funu bilmeleri gerekti\u011fini belirten Hisarc\u0131kl\u0131o\u011flu, \u015f\u00f6yle konu\u015ftu:<\/p>\n<p style=\"text-align: justify;\">\u201c\u0130\u015f\u00e7iyiz, i\u015fvereniz, esnaf\u0131z, memuruz, emekliyiz, \u00e7ift\u00e7iyiz, do\u011fuyuz, bat\u0131y\u0131z, kuzeyiz, g\u00fcneyiz, biriz beraberiz. Oynanan kirli oyuna hep birlikte kar\u015f\u0131 duraca\u011f\u0131z. Birlikteli\u011fimizi savunaca\u011f\u0131z. Hepimiz biliyoruz ki bu milletin tarihinde kirli oyunlar eksik olmam\u0131\u015ft\u0131r. Bu kirli oyunlar\u0131, her zaman milletimizin azim ve kararl\u0131l\u0131\u011f\u0131 bozmu\u015ftur. Bizim en b\u00fcy\u00fck g\u00fcc\u00fcm\u00fcz karde\u015fli\u011fimiz olmu\u015ftur.\u201d<\/p>\n<p style=\"text-align: justify;\">Milleti derinden \u00fcz\u00fcnt\u00fcye bo\u011fan son sald\u0131r\u0131lar\u0131n toplulumuzda hassasiyeti art\u0131rd\u0131\u011f\u0131n\u0131 anlatan Hisarc\u0131kl\u0131o\u011flu, bu \u00fcz\u00fcnt\u00fc ve duyarl\u0131l\u0131\u011f\u0131 dikkate alarak neler yap\u0131labilece\u011fi konusunda isti\u015fareler yapt\u0131klar\u0131n\u0131, neler yap\u0131labilece\u011fini aralar\u0131nda de\u011ferlendirdiklerini kaydetti.<\/p>\n<p style=\"text-align: justify;\">Toplumun tamam\u0131n\u0131 temsil eden kesimler olarak temeli karde\u015flik olan \u201cBirli\u011fe \u00c7a\u011fr\u0131 Platformu\u201d kurduklar\u0131n\u0131 belirten TOBB Ba\u015fkan\u0131, platformun b\u00fct\u00fcn sivil toplum kurulu\u015flar\u0131na a\u00e7\u0131k oldu\u011funu vurgulad\u0131.<\/p>\n<p style=\"text-align: justify;\">Platform olarak Cumhurba\u015fkan\u0131 ile Meclis Ba\u015fkan\u0131 ile, Ba\u015fbakanla, siyasi partilerin genel ba\u015fkanlar\u0131yla g\u00f6r\u00fc\u015fmeler yapt\u0131klar\u0131n\u0131 hat\u0131rlatan Hisarc\u0131kl\u0131o\u011flu, \u201cG\u00f6rd\u00fck ki her t\u00fcrl\u00fc g\u00fcnl\u00fck tart\u0131\u015fmalara ra\u011fmen, T\u00fcrkiye&#8217;nin siyasi liderleri ter\u00f6r konusunda ayn\u0131 hassasiyete sahipler. Hepsinin ortak paydas\u0131 birli\u011fimiz, b\u00fct\u00fcnl\u00fc\u011f\u00fcm\u00fcz ve karde\u015fli\u011fimizdir. Kimse di\u011ferini \u00f6tekile\u015ftirmiyor, g\u00fcnl\u00fck siyasi ikballer beklemiyor, i\u015fte bu bizi umutland\u0131rd\u0131, liderlerimize te\u015fekk\u00fcr ediyoruz\u201d dedi.<\/p>\n<p style=\"text-align: justify;\"><strong>30 EK\u0130M&#8217;DE \u0130STANBUL&#8217;DA<\/strong><\/p>\n<p style=\"text-align: justify;\">Bu yakla\u015f\u0131mdan al\u0131nan g\u00fc\u00e7le, 30 Ekim pazar g\u00fcn\u00fc, toplumun tamam\u0131n\u0131 temsil eden meslek \u00f6rg\u00fctlerinin, sendika konfederasyonlar\u0131n\u0131n ve derneklerin \u00f6nc\u00fcl\u00fc\u011f\u00fcnde, siyasi partilerin de deste\u011fiyle, \u0130stanbul&#8217;da b\u00fcy\u00fck bir y\u00fcr\u00fcy\u00fc\u015f yap\u0131laca\u011f\u0131n\u0131 bildiren Hisarc\u0131kl\u0131o\u011flu, y\u00fcr\u00fcy\u00fc\u015fte, sadece, birli\u011fin ve b\u00fct\u00fcnl\u00fc\u011f\u00fcn simgesi ay y\u0131ld\u0131zl\u0131 bayra\u011f\u0131n ta\u015f\u0131naca\u011f\u0131n\u0131 bildirdi.<\/p>\n<p style=\"text-align: justify;\">Hisarc\u0131kl\u0131o\u011flu, \u201cBu b\u00fcy\u00fck y\u00fcr\u00fcy\u00fc\u015fe bizimle ayn\u0131 hissiyat\u0131 payla\u015fan herkesi davet ediyoruz. Kirli oyunlara inat birlikte y\u00fcr\u00fcyece\u011fiz. Herkesi bu y\u00fcr\u00fcy\u00fc\u015fe bekliyoruz\u201d dedi.<\/p>\n<p style=\"text-align: justify;\"><strong>\u201cK\u0130MSEY\u0130 DI\u015eLAMIYORUZ\u201d<\/strong><\/p>\n<p style=\"text-align: justify;\">Y\u00fcr\u00fcy\u00fc\u015fle ilgili detaylar\u0131n hafta i\u00e7inde payla\u015f\u0131laca\u011f\u0131n\u0131 belirten Hisarc\u0131kl\u0131o\u011flu, y\u00fcr\u00fcy\u00fc\u015fte kimsenin d\u0131\u015flanmad\u0131\u011f\u0131n\u0131, \u201cbayrak\u201d ortak bile\u015feni alt\u0131nda herkesin bu y\u00fcr\u00fcy\u00fc\u015fe davet edildi\u011fini bildirdi.<\/p>\n<p style=\"text-align: justify;\">Birli\u011fe \u00c7a\u011fr\u0131 Platformda KESK gibi baz\u0131 sivil toplum \u00f6rg\u00fctlerinin neden bulunmad\u0131\u011f\u0131n\u0131n sorulmas\u0131 \u00fczerine Rifat Hisarc\u0131kl\u0131o\u011flu, platformun herkese a\u00e7\u0131k oldu\u011funu, bug\u00fcnden sonra da \u00e7a\u011fr\u0131lar\u0131n\u0131n devam edece\u011fini s\u00f6yledi.<\/p>\n<p style=\"text-align: justify;\">Yeni Anayasa \u00e7al\u0131\u015fmalar\u0131na platform olarak katk\u0131 koyup koymayacaklar\u0131n\u0131n sorulmas\u0131 \u00fczerine de TOBB Ba\u015fkan\u0131, kat\u0131l\u0131mc\u0131 demokrasi \u00e7e\u00e7revesinde yeni bir anayasan\u0131n haz\u0131rlanmas\u0131 konusunda T\u00fcrkiye&#8217;de herkesin mutab\u0131k oldu\u011funu kaydetti.<\/p>\n<p style=\"text-align: justify;\"><strong><span style=\"text-decoration: underline;\">Birli\u011fe \u00c7a\u011fr\u0131 Platformu \u015fu sivil toplum kurulu\u015flar\u0131ndan olu\u015fuyor:<\/span><\/strong><\/p>\n<p style=\"text-align: justify;\">\u201cT\u00fcrkiye \u0130\u015f\u00e7i Sendikalar\u0131 Konfederasyonu (T\u00fcrk-\u0130\u015f), T\u00fcrkiye \u0130\u015fveren Sendikalar\u0131 Konfederasyonu (T\u0130SK), T\u00fcrkiye Esnaf ve Sanatkarlar\u0131 Konfederasyonu (TESK), T\u00fcrkiye Ziraat Odalar\u0131 Birli\u011fi (TZOB), Hak-\u0130\u015f Konfederasyonu, Memur Sendikalar\u0131 Konfederasyonu (MEMUR-SEN), T\u00fcrkiye Kamu \u00c7al\u0131\u015fanlar\u0131 Sendikalar\u0131 Konfederasyonu (T\u00fcrkiye KAMU-SEN), T\u00fcrkiye Barolar Birli\u011fi (TBB), T\u00fcrkiye Noterler Birli\u011fi (TNB), T\u00fcrkiye Serbest Muhasebeci Mali M\u00fc\u015favirler ve Yeminli Mali M\u00fc\u015favirler Odalar\u0131 Birli\u011fi (T\u00dcRMOB), T\u00fcrk Veteriner Hekimleri Birli\u011fi (TVHB), T\u00fcrkiye Seyahat Acenteleri Birli\u011fi (T\u00dcRSAB), T\u00fcrk Eczac\u0131lar\u0131 Birli\u011fi (TEB), T\u00fcrk Sanayici ve \u0130\u015fadamlar\u0131 Derne\u011fi (T\u00dcS\u0130AD), M\u00fcstakil Sanayici ve \u0130\u015fadamlar\u0131 Derne\u011fi (M\u00dcS\u0130AD), T\u00fcrkiye \u0130\u015fadamlar\u0131 ve Sanayiciler Konfederasyonu (TUSKON), T\u00fcm Sanayici ve \u0130\u015fadamlar\u0131 Derne\u011fi (T\u00dcMS\u0130AD), T\u00fcrkiye \u0130hracat\u00e7\u0131lar Meclisi (T\u0130M), Anadolu Aslanlar\u0131 \u0130\u015fadamlar\u0131 Derne\u011fi (ASKON), T\u00fcrk Giri\u015fim ve \u0130\u015f D\u00fcnyas\u0131 Konfederasyonu (T\u00dcRKONFED), Do\u011fu ve G\u00fcneydo\u011fu Sanayici ve \u0130\u015fadamlar\u0131 Dernekleri Federasyonu (DOG\u00dcNS\u0130FED), T\u00fcrkiye \u0130\u015fci Emeklileri Derne\u011fi (T\u0130ED), T\u00fcrkiye Odalar ve Borsalar Birli\u011fi.\u201d<\/p>\n<p style=\"text-align: justify;\"><a href=\"http:\/\/www.radikal.com.tr\/Radikal.aspx?aType=RadikalDetayV3&amp;ArticleID=1067248&amp;Date=23.10.2011&amp;CategoryID=77\" target=\"_blank\">Kaynak : Radikal.com.tr<\/a><\/p>\n","protected":false},"excerpt":{"rendered":"<p style=\"text-align: center;\">\n<p style=\"text-align: justify;\">Son d\u00f6nemde artan ter\u00f6r olaylar\u0131 nedeniyle 24 sivil toplum kurulu\u015fu taraf\u0131ndan olu\u015fturulan &#8220;Birli\u011fe \u00c7a\u011fr\u0131 Platformu&#8221; 30 Ekim 2011 tarihinde \u0130stanbul&#8217;da y\u00fcr\u00fcy\u00fc\u015f d\u00fczenleme karar\u0131 ald\u0131.<\/p>\n<p style=\"text-align: justify;\">ANKARA &#8211; Ge\u00e7en hafta Ankara&#8217;da Cumhurba\u015fkan\u0131 Abdullah G\u00fcl, TBMM Ba\u015fkan\u0131 Cemil \u00c7icek, Ba\u015fbakan Recep Tayyip Erdo\u011fan ve siyasi parti liderlerine bir dizi ziyaret ger\u00e7ekle\u015ftiren <\/p>\n","protected":false},"author":1,"featured_media":0,"comment_status":"open","ping_status":"open","sticky":false,"template":"","format":"standard","meta":{"footnotes":""},"categories":[105],"tags":[],"class_list":["post-41590","post","type-post","status-publish","format-standard","hentry","category-gundem","odd"],"_links":{"self":[{"href":"http:\/\/www.korhanyilmaz.com\/index.php?rest_route=\/wp\/v2\/posts\/41590","targetHints":{"allow":["GET"]}}],"collection":[{"href":"http:\/\/www.korhanyilmaz.com\/index.php?rest_route=\/wp\/v2\/posts"}],"about":[{"href":"http:\/\/www.korhanyilmaz.com\/index.php?rest_route=\/wp\/v2\/types\/post"}],"author":[{"embeddable":true,"href":"http:\/\/www.korhanyilmaz.com\/index.php?rest_route=\/wp\/v2\/users\/1"}],"replies":[{"embeddable":true,"href":"http:\/\/www.korhanyilmaz.com\/index.php?rest_route=%2Fwp%2Fv2%2Fcomments&post=41590"}],"version-history":[{"count":0,"href":"http:\/\/www.korhanyilmaz.com\/index.php?rest_route=\/wp\/v2\/posts\/41590\/revisions"}],"wp:attachment":[{"href":"http:\/\/www.korhanyilmaz.com\/index.php?rest_route=%2Fwp%2Fv2%2Fmedia&parent=41590"}],"wp:term":[{"taxonomy":"category","embeddable":true,"href":"http:\/\/www.korhanyilmaz.com\/index.php?rest_route=%2Fwp%2Fv2%2Fcategories&post=41590"},{"taxonomy":"post_tag","embeddable":true,"href":"http:\/\/www.korhanyilmaz.com\/index.php?rest_route=%2Fwp%2Fv2%2Ftags&post=41590"}],"curies":[{"name":"wp","href":"https:\/\/api.w.org\/{rel}","templated":true}]}}