{"id":41585,"date":"2011-10-23T17:50:50","date_gmt":"2011-10-23T14:50:50","guid":{"rendered":"http:\/\/www.korhanyilmaz.com\/?p=41585"},"modified":"2011-10-23T18:01:52","modified_gmt":"2011-10-23T15:01:52","slug":"iste-depremin-hasar-bilancosu","status":"publish","type":"post","link":"http:\/\/www.korhanyilmaz.com\/?p=41585","title":{"rendered":"\u0130\u015fte depremin hasar bilan\u00e7osu"},"content":{"rendered":"<p style=\"text-align: center;\"><a href=\"http:\/\/www.korhanyilmaz.com\/wp-content\/uploads\/2011\/10\/3009.jpg\"  class=\"lightview\"><img loading=\"lazy\" decoding=\"async\" class=\"aligncenter  wp-image-41586\" src=\"http:\/\/www.korhanyilmaz.com\/wp-content\/uploads\/2011\/10\/3009.jpg\" alt=\"\" width=\"307\" height=\"236\" \/><\/a><\/p>\n<p style=\"text-align: justify;\">Ba\u015fbakan Yard\u0131mc\u0131s\u0131 Be\u015fir Atalay, Van&#8217;da meydana gelen deprem nedeniyle il merkezinde 10 bina, Erci\u015f&#8217;te 25-30 bina ve bir \u00f6\u011frenci yurdunun y\u0131k\u0131ld\u0131\u011f\u0131n\u0131 bildirdi.<\/p>\n<p style=\"text-align: justify;\">Atalay, Ba\u015fbakanl\u0131k Merkez Bina&#8217;dan ayr\u0131l\u0131rken yapt\u0131\u011f\u0131 a\u00e7\u0131klamada, Van Valisi M\u00fcnir Karalo\u011flu ve Erci\u015f Kaymakam\u0131 Ramazan Fani&#8217;den ald\u0131klar\u0131 bilgileri gazetecilere aktard\u0131.\u00a0<!--more--><\/p>\n<p style=\"text-align: justify;\">Be\u015fir Atalay, &#8220;Van merkezde 10 civar\u0131nda bina y\u0131k\u0131lm\u0131\u015f, Erci\u015f&#8217;te 25-30 aras\u0131 bina, biri de yurt, y\u0131k\u0131lm\u0131\u015f durumda. Merkeze ba\u011fl\u0131 baz\u0131 k\u00f6ylerde Alak\u00f6y, Mollakas\u0131m k\u00f6y\u00fc gibi birka\u00e7 k\u00f6y\u00fcm\u00fczde belki biraz daha fazla hasar olabilir. K\u00f6ylerle ilgili hen\u00fcz tam bir tespit yap\u0131lm\u0131\u015f de\u011fil ama \u015fu anda Valimiz helikopterle k\u00f6ylerle ilgili \u00e7al\u0131\u015fmalar\u0131n\u0131 s\u00fcrd\u00fcr\u00fcyorlar&#8221; diye konu\u015ftu.<\/p>\n<p style=\"text-align: justify;\">\u0130lk andan itibaren yak\u0131n b\u00f6lge illeri ba\u015fta olmak \u00fczere hem AFAD&#8217;\u0131n hem sa\u011fl\u0131k te\u015fkilat\u0131n\u0131n hem de K\u0131z\u0131lay&#8217;\u0131n b\u00fct\u00fcn imkanlar\u0131n\u0131n seferber edildi\u011fini bildiren Atalay, T\u00fcrk K\u0131z\u0131lay\u0131&#8217;n\u0131n Mu\u015f, Elaz\u0131\u011f ve Erzurum&#8217;daki b\u00fcy\u00fck depolar\u0131ndan malzeme ta\u015f\u0131yan t\u0131rlar\u0131n b\u00f6lgeye hareket etti\u011fini bildirdi.<\/p>\n<p style=\"text-align: justify;\">Atalay, &#8220;Hava so\u011fuk oldu\u011fu i\u00e7in \u00f6ncelikle gerek \u015fehirde gerek k\u00f6ylerde \u00e7ad\u0131r, katalitik soba gibi ve g\u0131da gibi destekler \u00f6ncelikle g\u00f6t\u00fcr\u00fcl\u00fcyor&#8221; dedi.<\/p>\n<p style=\"text-align: justify;\">Ba\u015fbakan Recep Tayyip Erdo\u011fan&#8217;\u0131n k\u0131sa s\u00fcre sonra \u0130stanbul&#8217;dan Van&#8217;a hareket edece\u011fini, kendilerinin de Van&#8217;a gideceklerini a\u00e7\u0131klayan Atalay, s\u00f6zlerini \u015f\u00f6yle s\u00fcrd\u00fcrd\u00fc: &#8220;Sa\u011fl\u0131k Bakan\u0131m\u0131z \u015fu anda orada. \u0130ki tane u\u00e7a\u011f\u0131m\u0131z ve d\u00f6rt ambulans helikopterimiz de orada. Sa\u011fl\u0131kla ilgili hi\u00e7bir sorun yok. \u0130n\u015fallah hasar \u00e7ok fazla olmaz. O konuda \u015fu anda verece\u011fimiz bilgiler yan\u0131lt\u0131c\u0131 olabilir yani iyi bilgi almadan o konuda \u00e7ok ileri \u015feyler s\u00f6ylemiyorum ama Valimizin ve Kaymakam\u0131m\u0131z\u0131n, \u00f6zellikle hasar\u0131n en fazla oldu\u011fu Van ve Erci\u015f ile ilgili bilgileri aktarm\u0131\u015f oldum.&#8221;<\/p>\n<p style=\"text-align: justify;\"><strong>THY u\u00e7a\u011f\u0131 malzeme g\u00f6t\u00fcrecek<\/strong><\/p>\n<p style=\"text-align: justify;\">Atalay, k\u0131\u015f \u015fartlar\u0131na uygun haz\u0131rlanm\u0131\u015f malzemeler ve arama kurtarma ekiplerinin malzemelerini ta\u015f\u0131yan 2 adet C-130 u\u00e7a\u011f\u0131n\u0131n Etimesgut&#8217;tan kalkaca\u011f\u0131n\u0131, THY&#8217;nin 160 ki\u015filik b\u00fcy\u00fck bir u\u00e7a\u011f\u0131n\u0131n malzeme ve gidecek personeli b\u00f6lgeye g\u00f6t\u00fcrece\u011fini belirterek, &#8220;Her t\u00fcrl\u00fc imkanlar\u0131m\u0131z seferber oldu. Olay\u0131n b\u00fcy\u00fckl\u00fc\u011f\u00fcn\u00fc, hasar\u0131n kapsam\u0131n\u0131 verilen bilgiler d\u0131\u015f\u0131nda hen\u00fcz bilmiyoruz. Ama en azamisini dikkate alarak, kurtarma, yard\u0131m, bar\u0131nma ihtiya\u00e7lar\u0131yla ilgili hizmeti an\u0131nda ula\u015ft\u0131rmak istiyoruz&#8221;dedi.<\/p>\n<p style=\"text-align: justify;\">Vatanda\u015flar\u0131n ayr\u0131 ayr\u0131 numaralar\u0131 aramas\u0131n\u0131n telefonlar\u0131 kilitledi\u011fini ifade eden Atalay, &#8220;Van Valimizin de b\u00f6yle bir ricas\u0131 oldu. Bu durumun haberle\u015fmeyi &#8216;\u00e7ok aksatt\u0131\u011f\u0131n\u0131&#8217; ifade etti. Biraz sonra haberle\u015fme ile ilgili sistem kuruldu\u011funda daha net bir a\u00e7\u0131klamay\u0131 da yapaca\u011f\u0131z&#8221; diye konu\u015ftu. Sorular \u00fczerine, \u00f6l\u00fc ve yaral\u0131 konusunda \u015fu an i\u00e7in net bir bilgi olmad\u0131\u011f\u0131n\u0131 belirten Atalay, yanl\u0131\u015f bir bilgi vermek istemedi\u011fini s\u00f6yledi.<\/p>\n<p style=\"text-align: justify;\">Be\u015fir Atalay, son durumun tekrar sorulmas\u0131 \u00fczerine, Afet ve Acil Durum Koordinasyon Kurulu toplant\u0131s\u0131 yapt\u0131klar\u0131n\u0131, herkesin \u00fczerine d\u00fc\u015feni dikkatli \u015fekilde y\u00fcr\u00fctt\u00fc\u011f\u00fcn\u00fc belirtti.<\/p>\n<p style=\"text-align: justify;\"><a href=\"http:\/\/www.cnnturk.com\/2011\/turkiye\/10\/23\/iste.depremin.hasar.bilancosu\/634167.0\/index.html\" target=\"_blank\">Kaynak : CNN T\u00dcRK<\/a><\/p>\n","protected":false},"excerpt":{"rendered":"<p style=\"text-align: center;\">\n<p style=\"text-align: justify;\">Ba\u015fbakan Yard\u0131mc\u0131s\u0131 Be\u015fir Atalay, Van&#8217;da meydana gelen deprem nedeniyle il merkezinde 10 bina, Erci\u015f&#8217;te 25-30 bina ve bir \u00f6\u011frenci yurdunun y\u0131k\u0131ld\u0131\u011f\u0131n\u0131 bildirdi.<\/p>\n<p style=\"text-align: justify;\">Atalay, Ba\u015fbakanl\u0131k Merkez Bina&#8217;dan ayr\u0131l\u0131rken yapt\u0131\u011f\u0131 a\u00e7\u0131klamada, Van Valisi M\u00fcnir Karalo\u011flu ve Erci\u015f Kaymakam\u0131 Ramazan Fani&#8217;den ald\u0131klar\u0131 bilgileri gazetecilere aktard\u0131. <\/p>\n","protected":false},"author":1,"featured_media":0,"comment_status":"open","ping_status":"open","sticky":false,"template":"","format":"standard","meta":{"footnotes":""},"categories":[105],"tags":[],"class_list":["post-41585","post","type-post","status-publish","format-standard","hentry","category-gundem","odd"],"_links":{"self":[{"href":"http:\/\/www.korhanyilmaz.com\/index.php?rest_route=\/wp\/v2\/posts\/41585","targetHints":{"allow":["GET"]}}],"collection":[{"href":"http:\/\/www.korhanyilmaz.com\/index.php?rest_route=\/wp\/v2\/posts"}],"about":[{"href":"http:\/\/www.korhanyilmaz.com\/index.php?rest_route=\/wp\/v2\/types\/post"}],"author":[{"embeddable":true,"href":"http:\/\/www.korhanyilmaz.com\/index.php?rest_route=\/wp\/v2\/users\/1"}],"replies":[{"embeddable":true,"href":"http:\/\/www.korhanyilmaz.com\/index.php?rest_route=%2Fwp%2Fv2%2Fcomments&post=41585"}],"version-history":[{"count":0,"href":"http:\/\/www.korhanyilmaz.com\/index.php?rest_route=\/wp\/v2\/posts\/41585\/revisions"}],"wp:attachment":[{"href":"http:\/\/www.korhanyilmaz.com\/index.php?rest_route=%2Fwp%2Fv2%2Fmedia&parent=41585"}],"wp:term":[{"taxonomy":"category","embeddable":true,"href":"http:\/\/www.korhanyilmaz.com\/index.php?rest_route=%2Fwp%2Fv2%2Fcategories&post=41585"},{"taxonomy":"post_tag","embeddable":true,"href":"http:\/\/www.korhanyilmaz.com\/index.php?rest_route=%2Fwp%2Fv2%2Ftags&post=41585"}],"curies":[{"name":"wp","href":"https:\/\/api.w.org\/{rel}","templated":true}]}}