{"id":4158,"date":"2009-02-28T08:57:36","date_gmt":"2009-02-28T06:57:36","guid":{"rendered":"http:\/\/www.korhanyilmaz.com\/?p=4158"},"modified":"2009-02-28T08:57:36","modified_gmt":"2009-02-28T06:57:36","slug":"bizim-inanclarla-kavgamiz-yok","status":"publish","type":"post","link":"http:\/\/www.korhanyilmaz.com\/?p=4158","title":{"rendered":"Bizim inan\u00e7larla kavgam\u0131z yok"},"content":{"rendered":"<p style=\"text-align: center;\"><img loading=\"lazy\" decoding=\"async\" class=\"aligncenter size-full wp-image-4159\" title=\"Do\u011fan Holding Y\u00f6netim Kurulu Ba\u015fkan\u0131 Ayd\u0131n Do\u011fan\" src=\"http:\/\/www.korhanyilmaz.com\/wp-content\/uploads\/2009\/02\/zengin_emekli_1.jpg\" alt=\"zengin_emekli_1\" width=\"376\" height=\"224\" \/><\/p>\n<p style=\"text-align: justify;\"><strong>Ayd\u0131n Do\u011fan, Associated Press&#8217;e konu\u015ftu<\/strong><\/p>\n<p style=\"text-align: justify;\">500 milyon dolarl\u0131k vergi cezas\u0131 uluslararas\u0131 bas\u0131n\u0131n ilgisini \u00e7ekmeye devam ediyor. Son olarak Associated Press haber ajans\u0131, &#8220;\u0130ktidar\u0131 s\u0131k s\u0131k ele\u015ftiren medya grubuna kesilen bu b\u00fcy\u00fck vergi cezas\u0131, \u0130slami y\u00f6nelimli h\u00fck\u00fcmetin ba\u015fbakan\u0131yla, \u00fclkenin en zengin isimlerinden, sa\u011flam bir laik olan i\u015fadam\u0131 aras\u0131nda tart\u0131\u015fma yaratt\u0131&#8221; ifadesini kulland\u0131.<\/p>\n<p style=\"text-align: justify;\">Ajansa konu\u015fan Do\u011fan Holding Y\u00f6netim Kurulu Ba\u015fkan\u0131 Ayd\u0131n Do\u011fan, &#8220;Bana ni\u00e7in sald\u0131r\u0131yor? Ben siyasi bir parti de\u011filim. Bizim bir hatam\u0131z yok. \u0130nceleme tamamen siyasi ama\u00e7l\u0131yd\u0131. \u00c7\u00fcnk\u00fc yerel se\u00e7imler yakla\u015f\u0131rken h\u00fck\u00fcmet yanl\u0131s\u0131 medyaya hi\u00e7bir inceleme yap\u0131lmad\u0131. <!--more-->Bizi de kendilerini destekleyen medya gruplar\u0131na \u00e7evirmek istiyor. Ama biz onlar gibi de\u011filiz&#8221; dedi. Medya grubunun y\u00fczde 100 laik duru\u015funun, Erdo\u011fan&#8217;\u0131n \u00e7evresindeki fanatik anti-laikleri k\u0131zd\u0131rm\u0131\u015f olabilece\u011fini s\u00f6yleyen Do\u011fan, &#8220;Benim dini inan\u00e7larla bir kavgam yok. Benim derdim, ba\u015f\u00f6rt\u00fcs\u00fc takmayan ya da halka a\u00e7\u0131k yerlerde denize giren kad\u0131nlar\u0131n g\u00fcnah i\u015fledi\u011fini s\u00f6yleyenler gibi \u0130slami olmayan \u015feyleri benimseyip, bunlar\u0131n \u0130slami oldu\u011funu savunan fanatiklerle. Erdo\u011fan b\u00f6yle yapt\u0131k\u00e7a biz de editoryal \u00e7izgimizi devam ettirece\u011fiz&#8221; diye konu\u015ftu.<\/p>\n<p><span style=\"color: #888888;\">Kaynak : Vatan Gazetesi<\/span><\/p>\n","protected":false},"excerpt":{"rendered":"<p style=\"text-align: center;\">\n<p style=\"text-align: justify;\">Ayd\u0131n Do\u011fan, Associated Press&#8217;e konu\u015ftu<\/p>\n<p style=\"text-align: justify;\">500 milyon dolarl\u0131k vergi cezas\u0131 uluslararas\u0131 bas\u0131n\u0131n ilgisini \u00e7ekmeye devam ediyor. Son olarak Associated Press haber ajans\u0131, &#8220;\u0130ktidar\u0131 s\u0131k s\u0131k ele\u015ftiren medya grubuna kesilen bu b\u00fcy\u00fck vergi cezas\u0131, \u0130slami y\u00f6nelimli h\u00fck\u00fcmetin ba\u015fbakan\u0131yla, \u00fclkenin en zengin isimlerinden, sa\u011flam bir laik olan i\u015fadam\u0131 aras\u0131nda tart\u0131\u015fma <\/p>\n","protected":false},"author":1,"featured_media":0,"comment_status":"open","ping_status":"closed","sticky":false,"template":"","format":"standard","meta":{"footnotes":""},"categories":[105],"tags":[],"class_list":["post-4158","post","type-post","status-publish","format-standard","hentry","category-gundem","odd"],"_links":{"self":[{"href":"http:\/\/www.korhanyilmaz.com\/index.php?rest_route=\/wp\/v2\/posts\/4158","targetHints":{"allow":["GET"]}}],"collection":[{"href":"http:\/\/www.korhanyilmaz.com\/index.php?rest_route=\/wp\/v2\/posts"}],"about":[{"href":"http:\/\/www.korhanyilmaz.com\/index.php?rest_route=\/wp\/v2\/types\/post"}],"author":[{"embeddable":true,"href":"http:\/\/www.korhanyilmaz.com\/index.php?rest_route=\/wp\/v2\/users\/1"}],"replies":[{"embeddable":true,"href":"http:\/\/www.korhanyilmaz.com\/index.php?rest_route=%2Fwp%2Fv2%2Fcomments&post=4158"}],"version-history":[{"count":0,"href":"http:\/\/www.korhanyilmaz.com\/index.php?rest_route=\/wp\/v2\/posts\/4158\/revisions"}],"wp:attachment":[{"href":"http:\/\/www.korhanyilmaz.com\/index.php?rest_route=%2Fwp%2Fv2%2Fmedia&parent=4158"}],"wp:term":[{"taxonomy":"category","embeddable":true,"href":"http:\/\/www.korhanyilmaz.com\/index.php?rest_route=%2Fwp%2Fv2%2Fcategories&post=4158"},{"taxonomy":"post_tag","embeddable":true,"href":"http:\/\/www.korhanyilmaz.com\/index.php?rest_route=%2Fwp%2Fv2%2Ftags&post=4158"}],"curies":[{"name":"wp","href":"https:\/\/api.w.org\/{rel}","templated":true}]}}