{"id":41578,"date":"2011-10-23T16:34:26","date_gmt":"2011-10-23T13:34:26","guid":{"rendered":"http:\/\/www.korhanyilmaz.com\/?p=41578"},"modified":"2011-10-23T17:58:34","modified_gmt":"2011-10-23T14:58:34","slug":"kandilli-depermin-buyuklugu-6-6-degil-7-2","status":"publish","type":"post","link":"http:\/\/www.korhanyilmaz.com\/?p=41578","title":{"rendered":"Kandilli: Depremin b\u00fcy\u00fckl\u00fc\u011f\u00fc 6. 6 de\u011fil 7.2"},"content":{"rendered":"<p style=\"text-align: center;\"><a href=\"http:\/\/www.korhanyilmaz.com\/wp-content\/uploads\/2011\/10\/3008.jpg\"  class=\"lightview\"><img loading=\"lazy\" decoding=\"async\" class=\"aligncenter  wp-image-41579\" src=\"http:\/\/www.korhanyilmaz.com\/wp-content\/uploads\/2011\/10\/3008.jpg\" alt=\"\" width=\"343\" height=\"256\" \/><\/a><\/p>\n<p style=\"text-align: justify;\">Depremin hemen ard\u0131ndan 6.6 olarak a\u00e7\u0131klanan b\u00fcy\u00fckl\u00fck, Kandilli taraf\u0131ndan 7.2 olarak d\u00fczeltildi. Kandilli Rasathanesi ve Deprem Ara\u015ft\u0131rma Enstit\u00fcs\u00fc M\u00fcd\u00fcr\u00fc Prof. Dr. Erdik &#8216;Depremin b\u00fcy\u00fckl\u00fc\u011f\u00fcn\u00fc ve yerini do\u011fru verdik. B\u00fcy\u00fckl\u00fc\u011f\u00fcn\u00fc ilk olarak yerel olarak verdik, daha sonra revize ettik. Van&#8217;da \u015fiddet 8 mertebesinde, 9 \u015fiddetinin g\u00f6r\u00fcld\u00fc\u011f\u00fc yerler de var&#8217; dedi.<!--more--><\/p>\n<p style=\"text-align: justify;\">Bo\u011fazi\u00e7i \u00dcniversitesi Kandilli Rasathanesi ve Deprem Ara\u015ft\u0131rma Enstit\u00fcs\u00fc M\u00fcd\u00fcr\u00fc Prof. Dr. Mustafa Erdik, Van Tabanl\u0131&#8217;daki depremin b\u00fcy\u00fckl\u00fc\u011f\u00fcn\u00fc ve yerini do\u011fru verdiklerini dile getirerek, &#8220;B\u00fcy\u00fckl\u00fc\u011f\u00fcn\u00fc ilk olarak yerel olarak verdik, daha sonra revize ettik&#8221; dedi. Erdik, yapt\u0131\u011f\u0131 a\u00e7\u0131klamada, depremin b\u00fcy\u00fckl\u00fc\u011f\u00fc konusundaki farkl\u0131 bilgilere i\u015faret ederek, Enstit\u00fc olarak s\u00fcratle hareket ettiklerini ifade etti. &#8220;Depremin b\u00fcy\u00fckl\u00fc\u011f\u00fcn\u00fc ve yerini do\u011fru verdik. B\u00fcy\u00fckl\u00fc\u011f\u00fcn\u00fc ilk olarak yerel olarak verdik, daha sonra revize ettik&#8221; diyen Erdik, 6.6 b\u00fcy\u00fckl\u00fc\u011f\u00fcn yerel oldu\u011funu, daha sonra moment b\u00fcy\u00fckl\u00fc\u011f\u00fcn\u00fc 7.2 olarak revize ettiklerini s\u00f6yledi. Erdik, depremlerde \u00f6nemli olan\u0131n b\u00fcy\u00fckl\u00fck de\u011fil, \u015fiddet oldu\u011funa da dikkati \u00e7ekerek, &#8220;Van&#8217;da \u015fiddet 8 mertebesinde. 9 \u015fiddetinin g\u00f6r\u00fcld\u00fc\u011f\u00fc yerler de var&#8221; dedi.<\/p>\n<p style=\"text-align: justify;\"><strong>Hasarl\u0131 binalara girmeyin!\u00a0<\/strong><\/p>\n<p style=\"text-align: justify;\">Enstit\u00fc&#8217;n\u00fcn Ulusal Deprem \u0130zleme Merkezi M\u00fcd\u00fcr\u00fc Do\u011fan Kalafat da, Elaz\u0131\u011f&#8217;daki depremle Van&#8217;daki depremin birbiriyle ili\u015fkisinin bulunmad\u0131\u011f\u0131na i\u015faret ederek, Van&#8217;\u0131n kuzeyindeki bir depremin farkl\u0131 fay hatt\u0131nda oldu\u011funu ifade etti.<\/p>\n<p style=\"text-align: justify;\">Kalafat, art\u00e7\u0131 depremlerin 20&#8217;ye yak\u0131n oldu\u011funu ve 5.5 b\u00fcy\u00fckl\u00fc\u011f\u00fcnde de art\u00e7\u0131 depremin ya\u015fand\u0131\u011f\u0131n\u0131 dile getirerek, 7.2 b\u00fcy\u00fckl\u00fc\u011f\u00fcndeki bir depremin art\u00e7\u0131lar\u0131n\u0131n uzun s\u00fcrece\u011fini ve 5.7&#8217;ye kadar ula\u015fabilece\u011fini de s\u00f6yledi.<\/p>\n<p style=\"text-align: justify;\">&#8220;E\u011fer hasarl\u0131 yap\u0131lar\u0131 varsa vatanda\u015flar\u0131m\u0131za, \u00f6zellikle 5&#8217;in \u00fczerindeki art\u00e7\u0131larda dikkatli olmalar\u0131n\u0131 ve evlerine girmemelerini \u00f6neririz&#8221; diyen Kalafat, art\u00e7\u0131lar\u0131n 3 haftaya yak\u0131n s\u00fcrebilece\u011fini de belirtti.<\/p>\n<p style=\"text-align: justify;\">Enstit\u00fc M\u00fcd\u00fcr Yard\u0131mc\u0131s\u0131 Do\u00e7. Dr. Nurcan \u00d6zel de, b\u00fcy\u00fckl\u00fc\u011f\u00fc 4&#8217;\u00fcn \u00fczerine \u00e7\u0131kan depremlerde ilk de\u011ferlendirmelerin hemen verildi\u011fini, bunun da son 3 y\u0131ld\u0131ruyguland\u0131\u011f\u0131n\u0131 s\u00f6yledi.<\/p>\n<p style=\"text-align: justify;\"><a href=\"http:\/\/www.cnnturk.com\/2011\/turkiye\/10\/23\/kandilli.depermin.buyuklugu.6.6.degil.7.2\/634166.0\/index.html\" target=\"_blank\">Kaynak : CNN T\u00dcRK<\/a><\/p>\n","protected":false},"excerpt":{"rendered":"<p style=\"text-align: center;\">\n<p style=\"text-align: justify;\">Depremin hemen ard\u0131ndan 6.6 olarak a\u00e7\u0131klanan b\u00fcy\u00fckl\u00fck, Kandilli taraf\u0131ndan 7.2 olarak d\u00fczeltildi. Kandilli Rasathanesi ve Deprem Ara\u015ft\u0131rma Enstit\u00fcs\u00fc M\u00fcd\u00fcr\u00fc Prof. Dr. Erdik &#8216;Depremin b\u00fcy\u00fckl\u00fc\u011f\u00fcn\u00fc ve yerini do\u011fru verdik. B\u00fcy\u00fckl\u00fc\u011f\u00fcn\u00fc ilk olarak yerel olarak verdik, daha sonra revize ettik. Van&#8217;da \u015fiddet 8 mertebesinde, 9 \u015fiddetinin g\u00f6r\u00fcld\u00fc\u011f\u00fc yerler de var&#8217; dedi.<\/p>\n","protected":false},"author":1,"featured_media":0,"comment_status":"open","ping_status":"open","sticky":false,"template":"","format":"standard","meta":{"footnotes":""},"categories":[105],"tags":[],"class_list":["post-41578","post","type-post","status-publish","format-standard","hentry","category-gundem","odd"],"_links":{"self":[{"href":"http:\/\/www.korhanyilmaz.com\/index.php?rest_route=\/wp\/v2\/posts\/41578","targetHints":{"allow":["GET"]}}],"collection":[{"href":"http:\/\/www.korhanyilmaz.com\/index.php?rest_route=\/wp\/v2\/posts"}],"about":[{"href":"http:\/\/www.korhanyilmaz.com\/index.php?rest_route=\/wp\/v2\/types\/post"}],"author":[{"embeddable":true,"href":"http:\/\/www.korhanyilmaz.com\/index.php?rest_route=\/wp\/v2\/users\/1"}],"replies":[{"embeddable":true,"href":"http:\/\/www.korhanyilmaz.com\/index.php?rest_route=%2Fwp%2Fv2%2Fcomments&post=41578"}],"version-history":[{"count":0,"href":"http:\/\/www.korhanyilmaz.com\/index.php?rest_route=\/wp\/v2\/posts\/41578\/revisions"}],"wp:attachment":[{"href":"http:\/\/www.korhanyilmaz.com\/index.php?rest_route=%2Fwp%2Fv2%2Fmedia&parent=41578"}],"wp:term":[{"taxonomy":"category","embeddable":true,"href":"http:\/\/www.korhanyilmaz.com\/index.php?rest_route=%2Fwp%2Fv2%2Fcategories&post=41578"},{"taxonomy":"post_tag","embeddable":true,"href":"http:\/\/www.korhanyilmaz.com\/index.php?rest_route=%2Fwp%2Fv2%2Ftags&post=41578"}],"curies":[{"name":"wp","href":"https:\/\/api.w.org\/{rel}","templated":true}]}}