{"id":41573,"date":"2011-10-23T16:46:05","date_gmt":"2011-10-23T13:46:05","guid":{"rendered":"http:\/\/www.korhanyilmaz.com\/?p=41573"},"modified":"2011-10-23T17:52:25","modified_gmt":"2011-10-23T14:52:25","slug":"deprem-ercisi-vurdu","status":"publish","type":"post","link":"http:\/\/www.korhanyilmaz.com\/?p=41573","title":{"rendered":"Deprem Erci\u015f&#8217;i vurdu!"},"content":{"rendered":"<p style=\"text-align: center;\"><a href=\"http:\/\/www.korhanyilmaz.com\/wp-content\/uploads\/2011\/10\/3007.jpg\"  class=\"lightview\"><img loading=\"lazy\" decoding=\"async\" class=\"aligncenter  wp-image-41574\" src=\"http:\/\/www.korhanyilmaz.com\/wp-content\/uploads\/2011\/10\/3007.jpg\" alt=\"\" width=\"342\" height=\"266\" \/><\/a><\/p>\n<p style=\"text-align: justify;\">Van\u2019da ya\u015fanan 7,2 \u015fiddetindeki depremde en b\u00fcy\u00fck zarar Erci\u015f il\u00e7esinde ya\u015fand\u0131. \u0130l\u00e7ede 80 binan\u0131n y\u0131k\u0131ld\u0131\u011f\u0131 ve ilk gelen bilgilere g\u00f6re 30&#8217;dan fazla \u00f6l\u00fc oldu\u011fu bildirildi.<\/p>\n<p style=\"text-align: justify;\">Erci\u015f\u2019ten gelen ilk bilgilere g\u00f6re aralar\u0131nda \u00f6\u011frenci yurtlar\u0131, hastaneler ve h\u00fck\u00fcmet binalar\u0131 ve otellerin de aralar\u0131nda bulundu\u011fu \u00e7ok katl\u0131 binalar depremin \u015fiddetiyle y\u0131k\u0131ld\u0131.\u00a0<!--more--><\/p>\n<p style=\"text-align: justify;\">B\u00f6lgeye hen\u00fcz yard\u0131m ula\u015fmazken vatanda\u015flar kendi imkanlar\u0131 ile enkaz alt\u0131nda kalanlara yard\u0131m etmeye \u00e7al\u0131\u015f\u0131yor. Enkaz\u0131n alt\u0131ndaki yaral\u0131lar\u0131n imdat \u00e7\u0131\u011fl\u0131klar\u0131 duyulurken, vatanda\u015flar yaral\u0131lara ula\u015fmaya \u00e7al\u0131\u015f\u0131yor. Civar belediyelerden Erci\u015f\u2019e g\u00f6nderilen ambulanslar arac\u0131l\u0131\u011f\u0131 ile yaral\u0131lara ilk m\u00fcdahaleler yap\u0131l\u0131yor.<\/p>\n<p style=\"text-align: justify;\">Telefonlar\u0131n sustu\u011fu, elektriklerin kesildi\u011fi Erci\u015f\u2019te baz\u0131 yollar kapand\u0131. Erci\u015f Belediye Ba\u015fkan\u0131 Z\u00fclfikar Arapo\u011flu, &#8220;\u00c7ok say\u0131da bina y\u0131k\u0131ld\u0131, \u00f6l\u00fcm\u00fcz yaral\u0131m\u0131z var&#8221; dedi.<\/p>\n<p style=\"text-align: justify;\"><strong>Vatanda\u015flar kurtarma \u00e7al\u0131\u015fmalar\u0131nda\u00a0<\/strong><\/p>\n<p style=\"text-align: justify;\">Van&#8217;da meydana gelen depremin ard\u0131ndan, Erci\u015f il\u00e7esinde enkaz alt\u0131nda kalan yaral\u0131lar\u0131, vatanda\u015flar kendi \u00e7abalar\u0131yla kurtarmaya \u00e7al\u0131\u015f\u0131yor.<\/p>\n<p style=\"text-align: justify;\">Depremin ard\u0131ndan Erci\u015f Kaymakam\u0131 Ramazan Fani ba\u015fkanl\u0131\u011f\u0131nda kriz masas\u0131 olu\u015fturuldu. \u0130l\u00e7ede \u00e7ok katl\u0131 binalar\u0131n bir k\u0131sm\u0131n\u0131n y\u0131k\u0131ld\u0131\u011f\u0131 g\u00f6zlenirken, vatanda\u015flar enkaz alt\u0131nda kalan yaral\u0131lar\u0131 i\u015f makineleriyle kurtarmaya \u00e7al\u0131\u015f\u0131yor.<\/p>\n<p style=\"text-align: justify;\">Elektrik ve su verilemeyen il\u00e7ede, ileti\u015fim altyap\u0131s\u0131n\u0131n da \u00e7\u00f6kt\u00fc\u011f\u00fc belirtildi. Yaral\u0131lar, A\u011fr\u0131, Hakkari ve Mu\u015f gibi \u00e7evre illerden gelen ambulanslarla ta\u015f\u0131n\u0131yor.<\/p>\n<p style=\"text-align: justify;\">Zaman zaman art\u00e7\u0131 sars\u0131nt\u0131lar\u0131nda devam etti\u011fi il\u00e7ede, y\u0131k\u0131lan binalar\u0131n civar\u0131nda emniyet ekipleri \u00e7evre g\u00fcvenli\u011fini sa\u011flamaya \u00e7al\u0131\u015f\u0131rken, bir yandan da kan merkezi kurulmas\u0131 i\u00e7in \u00e7al\u0131\u015fma ba\u015flat\u0131ld\u0131.<\/p>\n<p style=\"text-align: justify;\">Bu arada, evlerinde hasar olmayan bir\u00e7ok vatanda\u015f, Erci\u015f Kaymakaml\u0131\u011f\u0131 \u00f6n\u00fcnde g\u00f6n\u00fcll\u00fc yard\u0131m ekipleriyle birlikte yap\u0131lan \u00e7al\u0131\u015fmalara destek olmak amac\u0131yla topland\u0131.<\/p>\n<p style=\"text-align: justify;\"><a href=\"http:\/\/www.cnnturk.com\/2011\/turkiye\/10\/23\/deprem.ercisi.vurdu\/634164.0\/index.html\" target=\"_blank\">Kaynak : CNN T\u00dcRK<\/a><\/p>\n","protected":false},"excerpt":{"rendered":"<p style=\"text-align: center;\">\n<p style=\"text-align: justify;\">Van\u2019da ya\u015fanan 7,2 \u015fiddetindeki depremde en b\u00fcy\u00fck zarar Erci\u015f il\u00e7esinde ya\u015fand\u0131. \u0130l\u00e7ede 80 binan\u0131n y\u0131k\u0131ld\u0131\u011f\u0131 ve ilk gelen bilgilere g\u00f6re 30&#8217;dan fazla \u00f6l\u00fc oldu\u011fu bildirildi.<\/p>\n<p style=\"text-align: justify;\">Erci\u015f\u2019ten gelen ilk bilgilere g\u00f6re aralar\u0131nda \u00f6\u011frenci yurtlar\u0131, hastaneler ve h\u00fck\u00fcmet binalar\u0131 ve otellerin de aralar\u0131nda bulundu\u011fu \u00e7ok katl\u0131 binalar depremin \u015fiddetiyle y\u0131k\u0131ld\u0131. <\/p>\n","protected":false},"author":1,"featured_media":0,"comment_status":"open","ping_status":"open","sticky":false,"template":"","format":"standard","meta":{"footnotes":""},"categories":[105],"tags":[],"class_list":["post-41573","post","type-post","status-publish","format-standard","hentry","category-gundem","odd"],"_links":{"self":[{"href":"http:\/\/www.korhanyilmaz.com\/index.php?rest_route=\/wp\/v2\/posts\/41573","targetHints":{"allow":["GET"]}}],"collection":[{"href":"http:\/\/www.korhanyilmaz.com\/index.php?rest_route=\/wp\/v2\/posts"}],"about":[{"href":"http:\/\/www.korhanyilmaz.com\/index.php?rest_route=\/wp\/v2\/types\/post"}],"author":[{"embeddable":true,"href":"http:\/\/www.korhanyilmaz.com\/index.php?rest_route=\/wp\/v2\/users\/1"}],"replies":[{"embeddable":true,"href":"http:\/\/www.korhanyilmaz.com\/index.php?rest_route=%2Fwp%2Fv2%2Fcomments&post=41573"}],"version-history":[{"count":0,"href":"http:\/\/www.korhanyilmaz.com\/index.php?rest_route=\/wp\/v2\/posts\/41573\/revisions"}],"wp:attachment":[{"href":"http:\/\/www.korhanyilmaz.com\/index.php?rest_route=%2Fwp%2Fv2%2Fmedia&parent=41573"}],"wp:term":[{"taxonomy":"category","embeddable":true,"href":"http:\/\/www.korhanyilmaz.com\/index.php?rest_route=%2Fwp%2Fv2%2Fcategories&post=41573"},{"taxonomy":"post_tag","embeddable":true,"href":"http:\/\/www.korhanyilmaz.com\/index.php?rest_route=%2Fwp%2Fv2%2Ftags&post=41573"}],"curies":[{"name":"wp","href":"https:\/\/api.w.org\/{rel}","templated":true}]}}