{"id":41569,"date":"2011-10-23T13:01:00","date_gmt":"2011-10-23T10:01:00","guid":{"rendered":"http:\/\/www.korhanyilmaz.com\/?p=41569"},"modified":"2011-10-23T16:34:50","modified_gmt":"2011-10-23T13:34:50","slug":"anneler-ciglik-atsa-o-daglar-ova-olur","status":"publish","type":"post","link":"http:\/\/www.korhanyilmaz.com\/?p=41569","title":{"rendered":"&#8216;Anneler \u00e7\u0131\u011fl\u0131k atsa o da\u011flar ova olur&#8217;"},"content":{"rendered":"<p style=\"text-align: center;\"><a href=\"http:\/\/www.korhanyilmaz.com\/wp-content\/uploads\/2011\/10\/3006.jpg\"  class=\"lightview\"><img loading=\"lazy\" decoding=\"async\" class=\"aligncenter  wp-image-41570\" src=\"http:\/\/www.korhanyilmaz.com\/wp-content\/uploads\/2011\/10\/3006.jpg\" alt=\"\" width=\"360\" height=\"190\" \/><\/a><\/p>\n<p style=\"text-align: justify;\">Oyuncu \u00d6zge \u00d6zberk \u015fehit annelerine b\u00f6yle seslendi<\/p>\n<p style=\"text-align: justify;\">TV8 ekranlar\u0131nda yay\u0131nlanan Medya Kral\u0131 program\u0131na konuk olan oyuncu \u00d6zge \u00d6zberk&#8217;in \u015fehit annelerine yapm\u0131\u015f oldu\u011fu \u00e7a\u011fr\u0131 payla\u015f\u0131m sitelerinde izlenme rekorlar\u0131 k\u0131r\u0131yor.\u00a0<!--more--><\/p>\n<p style=\"text-align: justify;\"><strong>SANAT CAM\u0130ASINDA \u015eEH\u0130TLER \u0130\u00c7\u0130N DUYARLILIK\u00a0<\/strong><\/p>\n<p style=\"text-align: justify;\">\u00c7ukurca sald\u0131r\u0131s\u0131 ile 24 vatan evlad\u0131n\u0131n \u015fehit olmas\u0131n\u0131n ard\u0131ndan medya ve sanat camias\u0131 konu ile ilgili duyarl\u0131l\u0131klar\u0131n\u0131 dile getirmeye devam ediyor. Bu isimlerden biri de \u00e7ocuklar\u0131n\u0131 kaybeden annelere yapm\u0131\u015f oldu\u011fu anlaml\u0131 \u00e7a\u011fr\u0131 ile oyuncu \u00d6zge \u00d6zberk oldu.<\/p>\n<p style=\"text-align: justify;\"><strong>&#8220;B\u0130R KARANLI\u011eA G\u00d6M\u00dcLD\u00dcK&#8221;\u00a0<\/strong><\/p>\n<p style=\"text-align: justify;\">Kendisinin de evlat yeti\u015ftiren bir anne oldu\u011funu belirten \u00d6zberk: &#8220;Ba\u015f\u0131m\u0131zdaki insanlara merhamet hormonu verilmesi gerekti\u011fini d\u00fc\u015f\u00fcn\u00fcyorum. Umutlu olmak istiyorum. Her anne gibi \u00e7ocu\u011fum g\u00fczel g\u00fcnler g\u00f6rs\u00fcn istiyorum. Bir karanl\u0131\u011fa g\u00f6m\u00fcld\u00fck. Ama \u015fu anda o \u0131\u015f\u0131k yok. O \u0131\u015f\u0131\u011f\u0131n \u00fcst\u00fc kapat\u0131lm\u0131\u015f. Koskoca bir soru i\u015faretinin i\u00e7inde ya\u015f\u0131yoruz ve o soru i\u015fareti \u00fczerimize geliyor. Kimse bir a\u00e7\u0131klama yapm\u0131yor&#8221; dedi.<\/p>\n<p style=\"text-align: justify;\"><strong>&#8220;O ANNELER \u00c7I\u011eLIK ATSA DA\u011eLAR OVA OLUR&#8221;\u00a0<\/strong><\/p>\n<p style=\"text-align: justify;\">\u015eehit cenazesinde g\u00f6rd\u00fc\u011f\u00fc tablonun kendisini \u00e7ok etkiledi\u011fini belirten \u00fcnl\u00fc oyuncu, duygular\u0131n\u0131 sesi titreyerek anlatt\u0131. Konu\u015fmas\u0131nda \u00e7ocuklar\u0131 \u00f6len annelere \u00e7a\u011fr\u0131 yapan \u00d6zberk \u015fu ifadelere yer verdi: &#8220;20 ya\u015f\u0131nda bir gencin Atak\u00f6y&#8217;de cenazesi vard\u0131. O \u00e7ocuk 5 ay boyunca elinde bir silahla sava\u015fmay\u0131 de\u011fil \u00f6nce korkuyu \u00f6\u011frendi. Ve bu korku ile ba\u015fa \u00e7\u0131kmay\u0131 \u00f6\u011frendi. Bu \u00e7ocuk ne yapmas\u0131 gerekti\u011fini bilmiyor. 5 ayda bu \u00e7ocu\u011fa nas\u0131l da\u011fa \u00e7\u0131k kendini savun ya da ba\u015fkas\u0131n\u0131 \u00f6ld\u00fcr diyebilirsin. Yemin ederim e\u011fer o \u00f6len bebeklerin annesi bir araya gelse ve \u00e7\u0131\u011fl\u0131k atsa o da\u011flar ova olur&#8221;<\/p>\n<p style=\"text-align: justify;\">[flv]http:\/\/video.gazetevatan.com\/video\/file\/231020111202214087657.flv[\/flv]<\/p>\n<p style=\"text-align: justify;\"><a href=\"http:\/\/haber.gazetevatan.com\/anneler-ciglik-atsa-o-daglar-ova-olur\/406557\/8\/Magazin\" target=\"_blank\">Kaynak : Vatan Gazetesi<\/a><\/p>\n","protected":false},"excerpt":{"rendered":"<p style=\"text-align: center;\">\n<p style=\"text-align: justify;\">Oyuncu \u00d6zge \u00d6zberk \u015fehit annelerine b\u00f6yle seslendi<\/p>\n<p style=\"text-align: justify;\">TV8 ekranlar\u0131nda yay\u0131nlanan Medya Kral\u0131 program\u0131na konuk olan oyuncu \u00d6zge \u00d6zberk&#8217;in \u015fehit annelerine yapm\u0131\u015f oldu\u011fu \u00e7a\u011fr\u0131 payla\u015f\u0131m sitelerinde izlenme rekorlar\u0131 k\u0131r\u0131yor. <\/p>\n","protected":false},"author":1,"featured_media":0,"comment_status":"open","ping_status":"open","sticky":false,"template":"","format":"standard","meta":{"footnotes":""},"categories":[105],"tags":[],"class_list":["post-41569","post","type-post","status-publish","format-standard","hentry","category-gundem","odd"],"_links":{"self":[{"href":"http:\/\/www.korhanyilmaz.com\/index.php?rest_route=\/wp\/v2\/posts\/41569","targetHints":{"allow":["GET"]}}],"collection":[{"href":"http:\/\/www.korhanyilmaz.com\/index.php?rest_route=\/wp\/v2\/posts"}],"about":[{"href":"http:\/\/www.korhanyilmaz.com\/index.php?rest_route=\/wp\/v2\/types\/post"}],"author":[{"embeddable":true,"href":"http:\/\/www.korhanyilmaz.com\/index.php?rest_route=\/wp\/v2\/users\/1"}],"replies":[{"embeddable":true,"href":"http:\/\/www.korhanyilmaz.com\/index.php?rest_route=%2Fwp%2Fv2%2Fcomments&post=41569"}],"version-history":[{"count":0,"href":"http:\/\/www.korhanyilmaz.com\/index.php?rest_route=\/wp\/v2\/posts\/41569\/revisions"}],"wp:attachment":[{"href":"http:\/\/www.korhanyilmaz.com\/index.php?rest_route=%2Fwp%2Fv2%2Fmedia&parent=41569"}],"wp:term":[{"taxonomy":"category","embeddable":true,"href":"http:\/\/www.korhanyilmaz.com\/index.php?rest_route=%2Fwp%2Fv2%2Fcategories&post=41569"},{"taxonomy":"post_tag","embeddable":true,"href":"http:\/\/www.korhanyilmaz.com\/index.php?rest_route=%2Fwp%2Fv2%2Ftags&post=41569"}],"curies":[{"name":"wp","href":"https:\/\/api.w.org\/{rel}","templated":true}]}}