{"id":41561,"date":"2011-10-23T15:17:28","date_gmt":"2011-10-23T12:17:28","guid":{"rendered":"http:\/\/www.korhanyilmaz.com\/?p=41561"},"modified":"2011-10-23T16:02:54","modified_gmt":"2011-10-23T13:02:54","slug":"ankaranin-kaddafi-ile-son-pazarligi","status":"publish","type":"post","link":"http:\/\/www.korhanyilmaz.com\/?p=41561","title":{"rendered":"Ankara&#8217;n\u0131n Kaddafi ile son pazarl\u0131\u011f\u0131"},"content":{"rendered":"<p style=\"text-align: center;\"><a href=\"http:\/\/www.korhanyilmaz.com\/wp-content\/uploads\/2011\/10\/3004.jpg\"  class=\"lightview\"><img loading=\"lazy\" decoding=\"async\" class=\"aligncenter  wp-image-41562\" src=\"http:\/\/www.korhanyilmaz.com\/wp-content\/uploads\/2011\/10\/3004.jpg\" alt=\"\" width=\"384\" height=\"220\" \/><\/a><\/p>\n<p style=\"text-align: justify;\">T\u00fcrkiye\u2019nin \u00f6l\u00fcm\u00fcne kadar gizli kalmas\u0131na b\u00fcy\u00fck \u00f6zen g\u00f6sterdi\u011fi, eski Libya lideri Muammer Kaddafi ile yap\u0131lan g\u00f6r\u00fc\u015fmeler, Kaddafi\u2019nin \u00f6ld\u00fcr\u00fclmesi sonras\u0131 ortaya \u00e7\u0131kt\u0131.<!--more--><\/p>\n<p style=\"text-align: justify;\"><strong>Ankara:<\/strong> G\u00f6revi ailenden birine b\u0131rak, bir kenara \u00e7ekil.<\/p>\n<p style=\"text-align: justify;\"><strong>Kaddafi:<\/strong> Ben Cumhurba\u015fkan\u0131 de\u011filim, devrim lideriyim. Devrim lideri g\u00f6revi b\u0131rakmaz.<\/p>\n<p style=\"text-align: justify;\"><strong>Ankara:<\/strong> Afrika\u2019da hi\u00e7bir \u00fclke seni istemiyor. Latin Amerika\u2019da Venezuela d\u0131\u015f\u0131nda veya Uzakdo\u011fu\u2019da kendine \u00fclke se\u00e7.<\/p>\n<p style=\"text-align: justify;\"><strong>Kaddafi:<\/strong> Hay\u0131r istemiyorum, beni oralarda da bulup \u00f6ld\u00fcr\u00fcrler.<\/p>\n<p style=\"text-align: justify;\"><strong>&#8216;\u00dcLKE DI\u015eINA \u00c7IKARSAM BEN\u0130 \u00d6LD\u00dcR\u00dcRLER&#8217;<\/strong><\/p>\n<p style=\"text-align: justify;\">H\u00fcrriyet&#8217;te yer alan habere g\u00f6re, tutanaklarda, Ankara\u2019n\u0131n \u00f6zellikle askeri operasyon ba\u015flad\u0131ktan sonra, \u201c\u00dclkeyi terk et. Sonun iyi olmayacak\u201d mesaj\u0131n\u0131 net \u015fekilde verdi\u011fi, Kaddafi\u2019nin ise buna kar\u015f\u0131l\u0131k \u201cdevrim liderli\u011fini\u201d \u00f6n planda tutup, \u201c\u00dclke d\u0131\u015f\u0131na da \u00e7\u0131ksam beni bulup \u00f6ld\u00fcr\u00fcrler\u201d dedi\u011fi ortaya \u00e7\u0131kt\u0131.<\/p>\n<p style=\"text-align: justify;\">Tutanaklar, Kaddafi ile y\u00fcr\u00fct\u00fclen s\u00fcre\u00e7 s\u0131ras\u0131nda ortaya at\u0131lan \u201cT\u00fcrkiye, Kaddafi\u2019yi kabul etmeye haz\u0131r\u201d gibi iddialar\u0131n hi\u00e7bir zaman g\u00fcndeme gelmedi\u011fini, Kaddafi i\u00e7in \u00fclkesinden \u00e7ok uzaklarda \u201cUluslararas\u0131 Ceza Mahkemesi\u2019ne taraf olmayan \u00fclkelerin\u201d d\u00fc\u015f\u00fcn\u00fcld\u00fc\u011f\u00fcn\u00fc ortaya koyuyor.<\/p>\n<p style=\"text-align: justify;\"><strong>&#8216;Y\u00d6NET\u0130MDEN \u00c7EK\u0130L,GARANT\u0130 VER\u0130R\u0130Z&#8217;<\/strong><\/p>\n<p style=\"text-align: justify;\">Ankara, \u201cArap Bahar\u0131\u201d Libya\u2019da da esmeye ba\u015flay\u0131nca Kaddafi\u2019ye \u015fu mesaj\u0131 vermi\u015f: \u201cDe\u011fi\u015fim istemini g\u00f6r ve buna g\u00f6re tav\u0131r al. \u00dclkede kimsenin seni rahats\u0131z etmeyece\u011fi bir yere \u00e7ekil. Sana bir\u015fey yap\u0131lmayaca\u011f\u0131 garantisini veriyoruz.<\/p>\n<p style=\"text-align: justify;\">Kendi ailenden birini iktidara getirebilirsin. Ancak o ki\u015fi (o\u011fullar\u0131ndan birisi veya kendisinin tercih edece\u011fi bir ba\u015fka yak\u0131n\u0131) belirli bir takvim i\u00e7inde \u00fclkeyi demokrasiye g\u00f6t\u00fcrecek s\u00fcreci ba\u015flatmal\u0131. Aksi takdirde de\u011fi\u015fen bir \u015fey olmaz.\u201d<\/p>\n<p style=\"text-align: justify;\">Devrim lideri g\u00f6revden ayr\u0131lmaz Kaddafi, bu teklifi \u015f\u00f6yle yan\u0131tlam\u0131\u015f: \u201cBen Cumhurba\u015fkan\u0131 de\u011filim, devrim lideriyim. Cumhurba\u015fkan\u0131 olsam g\u00f6revden ayr\u0131labilirim ama de\u011filim ki&#8230; Devrim liderleri g\u00f6rev b\u0131rakmaz, g\u00f6revlerinin ba\u015f\u0131nda kal\u0131rlar. Bunu anlayam\u0131yorsunuz.\u201d<\/p>\n<p style=\"text-align: justify;\"><strong>&#8216;UZAKLARDA \u00dcLKE BE\u011eEN&#8217;<\/strong><\/p>\n<p style=\"text-align: justify;\">Ankara, Fransa Cumhurba\u015fkan\u0131 Nicolas Sarkozy\u2019nin \u00f6n al\u0131p operasyon ba\u015flatmak istedi\u011fi konusunda da Kaddafi\u2019yi uyarm\u0131\u015f. Ankara\u2019n\u0131n daha sonra NATO \u015femsiyesi alt\u0131nda yap\u0131lan operasyonun ba\u015flamas\u0131ndan k\u0131sa s\u00fcre \u00f6nce ve operasyonun ba\u015f\u0131nda Kaddafi\u2019ye s\u00f6yledikleri de \u015f\u00f6yle: \u201c\u00dclkene yaz\u0131k olacak. Bat\u0131 d\u00fcnyas\u0131, senin i\u00e7in Uluslararas\u0131 Ceza Mahkemesi\u2019ne taraf olmayan Latin Amerika, Afrika ve Uzakdo\u011fu\u2019da baz\u0131 \u00fclkeleri d\u00fc\u015f\u00fcn\u00fcyor.<\/p>\n<p style=\"text-align: justify;\">Ancak Afrika\u2019da hi\u00e7bir \u00fclke seni istemiyor. Latin Amerika\u2019da da Venezuela\u2019ya ABD s\u0131cak bakm\u0131yor. Venezuela d\u0131\u015f\u0131nda bir ba\u015fka G\u00fcney Amerika \u00fclkesi veya Uzakdo\u011fu\u2019da Endonezya veya Malezya olabilir.\u201d Kaddafi bu teklife de \u201cHay\u0131r istemiyorum. Beni oralarda da bulup \u00f6ld\u00fcr\u00fcrler\u201d diye kar\u015f\u0131 \u00e7\u0131k\u0131nca, Ankara, Libya\u2019n\u0131n eski lideriyle ipleri tamemen koparm\u0131\u015f.<\/p>\n<p style=\"text-align: justify;\"><a href=\"http:\/\/www.ntvmsnbc.com\/id\/25291268\" target=\"_blank\">Kaynak : NTVMSNBC<\/a><\/p>\n","protected":false},"excerpt":{"rendered":"<p style=\"text-align: center;\">\n<p style=\"text-align: justify;\">T\u00fcrkiye\u2019nin \u00f6l\u00fcm\u00fcne kadar gizli kalmas\u0131na b\u00fcy\u00fck \u00f6zen g\u00f6sterdi\u011fi, eski Libya lideri Muammer Kaddafi ile yap\u0131lan g\u00f6r\u00fc\u015fmeler, Kaddafi\u2019nin \u00f6ld\u00fcr\u00fclmesi sonras\u0131 ortaya \u00e7\u0131kt\u0131.<\/p>\n","protected":false},"author":1,"featured_media":0,"comment_status":"open","ping_status":"open","sticky":false,"template":"","format":"standard","meta":{"footnotes":""},"categories":[105],"tags":[],"class_list":["post-41561","post","type-post","status-publish","format-standard","hentry","category-gundem","odd"],"_links":{"self":[{"href":"http:\/\/www.korhanyilmaz.com\/index.php?rest_route=\/wp\/v2\/posts\/41561","targetHints":{"allow":["GET"]}}],"collection":[{"href":"http:\/\/www.korhanyilmaz.com\/index.php?rest_route=\/wp\/v2\/posts"}],"about":[{"href":"http:\/\/www.korhanyilmaz.com\/index.php?rest_route=\/wp\/v2\/types\/post"}],"author":[{"embeddable":true,"href":"http:\/\/www.korhanyilmaz.com\/index.php?rest_route=\/wp\/v2\/users\/1"}],"replies":[{"embeddable":true,"href":"http:\/\/www.korhanyilmaz.com\/index.php?rest_route=%2Fwp%2Fv2%2Fcomments&post=41561"}],"version-history":[{"count":0,"href":"http:\/\/www.korhanyilmaz.com\/index.php?rest_route=\/wp\/v2\/posts\/41561\/revisions"}],"wp:attachment":[{"href":"http:\/\/www.korhanyilmaz.com\/index.php?rest_route=%2Fwp%2Fv2%2Fmedia&parent=41561"}],"wp:term":[{"taxonomy":"category","embeddable":true,"href":"http:\/\/www.korhanyilmaz.com\/index.php?rest_route=%2Fwp%2Fv2%2Fcategories&post=41561"},{"taxonomy":"post_tag","embeddable":true,"href":"http:\/\/www.korhanyilmaz.com\/index.php?rest_route=%2Fwp%2Fv2%2Ftags&post=41561"}],"curies":[{"name":"wp","href":"https:\/\/api.w.org\/{rel}","templated":true}]}}