{"id":41556,"date":"2011-10-23T14:49:16","date_gmt":"2011-10-23T11:49:16","guid":{"rendered":"http:\/\/www.korhanyilmaz.com\/?p=41556"},"modified":"2011-10-23T15:45:42","modified_gmt":"2011-10-23T12:45:42","slug":"hakkaride-3-sehit-6-yarali","status":"publish","type":"post","link":"http:\/\/www.korhanyilmaz.com\/?p=41556","title":{"rendered":"Hakkari&#8217;de 3 \u015fehit 6 yaral\u0131"},"content":{"rendered":"<p style=\"text-align: center;\"><a href=\"http:\/\/www.korhanyilmaz.com\/wp-content\/uploads\/2011\/10\/3003.jpg\"  class=\"lightview\"><img loading=\"lazy\" decoding=\"async\" class=\"aligncenter  wp-image-41557\" src=\"http:\/\/www.korhanyilmaz.com\/wp-content\/uploads\/2011\/10\/3003.jpg\" alt=\"\" width=\"345\" height=\"199\" \/><\/a><\/p>\n<p style=\"text-align: justify;\">Hakkari&#8217;de may\u0131n patlamas\u0131 sonucu 2 asker \u015fehit oldu. \u00d6te yandan PKK&#8217;l\u0131larla sa\u011flanan s\u0131cak temasta da 1 astsubay \u015fehit oldu, 6 asker yaraland\u0131.<\/p>\n<p style=\"text-align: justify;\">HAKKAR\u0130 &#8211; Hakkari&#8217;nin \u015eemdinli il\u00e7esi Tekerli s\u0131n\u0131r jandarma taburunda ke\u015fif yapan askerlerden 2&#8217;si may\u0131n patlamas\u0131 sonucu \u015fehit oldu.\u00a0<!--more--><\/p>\n<p style=\"text-align: justify;\">\u00d6te yandan Hakkari&#8217;nin \u00c7ukurca il\u00e7esi Kazan Vadisi&#8217;nde s\u00fcrd\u00fcr\u00fclen operasyonlarda PKK&#8217;l\u0131larla sa\u011flanan s\u0131cak temasta 1 astsubay \u015fehit oldu, 6 asker yaraland\u0131.<\/p>\n<p style=\"text-align: justify;\"><a href=\"http:\/\/www.ntvmsnbc.com\/id\/25291262\" target=\"_blank\">Kaynak : NTVMSNBC<\/a><\/p>\n","protected":false},"excerpt":{"rendered":"<p style=\"text-align: center;\">\n<p style=\"text-align: justify;\">Hakkari&#8217;de may\u0131n patlamas\u0131 sonucu 2 asker \u015fehit oldu. \u00d6te yandan PKK&#8217;l\u0131larla sa\u011flanan s\u0131cak temasta da 1 astsubay \u015fehit oldu, 6 asker yaraland\u0131.<\/p>\n<p style=\"text-align: justify;\">HAKKAR\u0130 &#8211; Hakkari&#8217;nin \u015eemdinli il\u00e7esi Tekerli s\u0131n\u0131r jandarma taburunda ke\u015fif yapan askerlerden 2&#8217;si may\u0131n patlamas\u0131 sonucu \u015fehit oldu. <\/p>\n","protected":false},"author":1,"featured_media":0,"comment_status":"open","ping_status":"open","sticky":false,"template":"","format":"standard","meta":{"footnotes":""},"categories":[105],"tags":[],"class_list":["post-41556","post","type-post","status-publish","format-standard","hentry","category-gundem","odd"],"_links":{"self":[{"href":"http:\/\/www.korhanyilmaz.com\/index.php?rest_route=\/wp\/v2\/posts\/41556","targetHints":{"allow":["GET"]}}],"collection":[{"href":"http:\/\/www.korhanyilmaz.com\/index.php?rest_route=\/wp\/v2\/posts"}],"about":[{"href":"http:\/\/www.korhanyilmaz.com\/index.php?rest_route=\/wp\/v2\/types\/post"}],"author":[{"embeddable":true,"href":"http:\/\/www.korhanyilmaz.com\/index.php?rest_route=\/wp\/v2\/users\/1"}],"replies":[{"embeddable":true,"href":"http:\/\/www.korhanyilmaz.com\/index.php?rest_route=%2Fwp%2Fv2%2Fcomments&post=41556"}],"version-history":[{"count":0,"href":"http:\/\/www.korhanyilmaz.com\/index.php?rest_route=\/wp\/v2\/posts\/41556\/revisions"}],"wp:attachment":[{"href":"http:\/\/www.korhanyilmaz.com\/index.php?rest_route=%2Fwp%2Fv2%2Fmedia&parent=41556"}],"wp:term":[{"taxonomy":"category","embeddable":true,"href":"http:\/\/www.korhanyilmaz.com\/index.php?rest_route=%2Fwp%2Fv2%2Fcategories&post=41556"},{"taxonomy":"post_tag","embeddable":true,"href":"http:\/\/www.korhanyilmaz.com\/index.php?rest_route=%2Fwp%2Fv2%2Ftags&post=41556"}],"curies":[{"name":"wp","href":"https:\/\/api.w.org\/{rel}","templated":true}]}}