{"id":41548,"date":"2011-10-23T13:56:39","date_gmt":"2011-10-23T10:56:39","guid":{"rendered":"http:\/\/www.korhanyilmaz.com\/?p=41548"},"modified":"2011-10-23T15:30:02","modified_gmt":"2011-10-23T12:30:02","slug":"vanda-siddetli-deprem-2","status":"publish","type":"post","link":"http:\/\/www.korhanyilmaz.com\/?p=41548","title":{"rendered":"Van&#8217;da \u015fiddetli deprem"},"content":{"rendered":"<p style=\"text-align: center;\"><a href=\"http:\/\/www.korhanyilmaz.com\/wp-content\/uploads\/2011\/10\/3002.jpg\"  class=\"lightview\"><img loading=\"lazy\" decoding=\"async\" class=\"aligncenter  wp-image-41549\" src=\"http:\/\/www.korhanyilmaz.com\/wp-content\/uploads\/2011\/10\/3002.jpg\" alt=\"\" width=\"329\" height=\"218\" \/><\/a><\/p>\n<p style=\"text-align: justify;\">Van&#8217;da 6.6 b\u00fcy\u00fckl\u00fc\u011f\u00fcnde deprem meydana geldi. Kentte baz\u0131 evler y\u0131k\u0131ld\u0131, bir \u00e7ok ev hasar g\u00f6rd\u00fc. \u015eiddetli deprem Diyarbak\u0131r, Batman, \u015e\u0131rnak, Mu\u015f, Erzurum, Bing\u00f6l, Bitlis, Siirt, Mardin&#8217;den de hissedildi.<\/p>\n<p style=\"text-align: justify;\">Van&#8217;da 6.6 b\u00fcy\u00fckl\u00fc\u011f\u00fcnde deprem meydana geldi. Ba\u015fbakanl\u0131k Afet ve Acil Durum Y\u00f6netimi Ba\u015fkanl\u0131\u011f\u0131ndan yap\u0131lan a\u00e7\u0131klamada, &#8221;Deprem, Van ve il\u00e7elerinde \u00e7ok kuvvetli hissedilmi\u015f olup, ilk belirlemelere g\u00f6re hasar ve can kayb\u0131 meydana getirmi\u015ftir&#8221; denildi.\u00a0<!--more--><\/p>\n<p style=\"text-align: justify;\">Merkez \u00fcss\u00fc Tabanl\u0131 il\u00e7esi olan deprem 13:41&#8217;de meydana geldi. Kentte baz\u0131 evler y\u0131k\u0131ld\u0131, bir \u00e7ok ev hasar g\u00f6rd\u00fc. Telefonlar sustu, elektrikler kesildi.<\/p>\n<p style=\"text-align: justify;\">Art\u00e7\u0131 sars\u0131nt\u0131lar nedeniyle \u00e7evre illerdeki vatanda\u015flar da evlerini terk ederek sokaklara \u00e7\u0131kt\u0131. Depremde kent merkezinde \u00e7ok say\u0131da binan\u0131n \u00e7\u00f6kt\u00fc\u011f\u00fc belirtildi. Kaz\u0131m Karabekir Caddesi&#8217;nde bulunan 7 katl\u0131 binan\u0131n \u00e7\u00f6kmesi sonucu baz\u0131 vatanda\u015flar enkaz alt\u0131nda kald\u0131. \u0130tfaiye ekipleri enkaz alt\u0131ndaki vatanda\u015flar\u0131 kurtarmaya \u00e7al\u0131\u015f\u0131yor.<\/p>\n<p style=\"text-align: justify;\"><strong>YARALANAN 50 K\u0130\u015e\u0130 HASTANEYE GET\u0130R\u0130LD\u0130<\/strong><\/p>\n<p style=\"text-align: justify;\">Baz\u0131 ev ve i\u015f yeri enkaz\u0131ndan \u00e7\u0131kar\u0131lan yaral\u0131lar, hastanelere ula\u015ft\u0131r\u0131lmaya ba\u015fland\u0131.<\/p>\n<p style=\"text-align: justify;\">Van Y\u00fcz\u00fcnc\u00fc Y\u0131l \u00dcniversitesi T\u0131p Fak\u00fcltesi Hastanesi&#8217;nde, art\u00e7\u0131 sars\u0131nt\u0131lar\u0131n devam etmesi nedeniyle hastalar bah\u00e7eye ta\u015f\u0131nd\u0131. Depremdeki enkazdan yaral\u0131 kurtar\u0131lan yakla\u015f\u0131k 50 ki\u015fiye ilk m\u00fcdahaleleri hastane bah\u00e7esinde yap\u0131l\u0131yor. Yaral\u0131lar aras\u0131nda emniyet ve jandarma g\u00f6revlileri de bulunuyor.<\/p>\n<p style=\"text-align: justify;\">Enkazdan \u00e7\u0131kar\u0131lan ve hen\u00fcz say\u0131lar\u0131 tespit edilemeyen di\u011fer yaral\u0131lar ise askeri ve sivil ambulanslarla \u00e7evre illere sevk ediliyor.<\/p>\n<p style=\"text-align: justify;\">\u0130l merkezinde jandarma ile \u00e7evik kuvvet ekipleri, y\u0131k\u0131lan binalara vatanda\u015flar\u0131n girmesini engellemek i\u00e7in g\u00fcvenlik \u00f6nlemi ald\u0131.<\/p>\n<p style=\"text-align: justify;\">Deprem Diyarbak\u0131r, Batman, \u015e\u0131rnak, Mu\u015f, Erzurum, Bing\u00f6l, Bitlis, Siirt, Mardin ile Irak&#8217;\u0131n kuzeyindeki Duhok ve \u00e7evre yerle\u015fim birimlerinde de hissedildi.<\/p>\n<p style=\"text-align: justify;\"><strong>I\u011eDIR<\/strong><\/p>\n<p style=\"text-align: justify;\">I\u011fd\u0131r Valisi Amir \u00c7i\u00e7ek, Van&#8217;daki depremin I\u011fd\u0131r&#8217;da da hissedildi\u011fini belirterek, k\u00f6ylerde ve \u015fehir merkezinde ara\u015ft\u0131rmalar\u0131n devam etti\u011fini s\u00f6yledi. \u00c7i\u00e7ek, &#8221;\u0130lk belirlemelerimize g\u00f6re can ve mal kayb\u0131 olmad\u0131. Biz yine de her konuyu ara\u015ft\u0131r\u0131yoruz&#8221; dedi.<\/p>\n<p style=\"text-align: justify;\"><strong>KARS<\/strong><\/p>\n<p style=\"text-align: justify;\">Kars Valisi Ahmet Kara da Van&#8217;daki depremin Kars&#8217;\u0131n Sar\u0131kam\u0131\u015f il\u00e7esinde hissedildi\u011fini ifade ederek, &#8221;Zarar ziyan\u0131m\u0131z yok. Deprem Sar\u0131kam\u0131\u015f il\u00e7emizde hissedildi. Ben de \u015fu an il\u00e7ede Sar\u0131kam\u0131\u015f Kaymakam\u0131m\u0131z ile gerekli incelemeyi yap\u0131yoruz&#8221; diye konu\u015ftu.<\/p>\n<p style=\"text-align: justify;\"><strong>ARDAHAN<\/strong><\/p>\n<p style=\"text-align: justify;\">Ardahan Valisi Mustafa Tekmen de, \u015fu ana kadar kendisine ula\u015fan olumsuz bir durumun olmad\u0131\u011f\u0131n\u0131 belirterek, &#8221;\u0130n\u015fallah depremin merkezi olan Van b\u00f6lgesinde de \u00f6nemli bir sorun olmam\u0131\u015ft\u0131r&#8221; dedi.<\/p>\n<p style=\"text-align: justify;\"><strong>ERZURUM<\/strong><\/p>\n<p style=\"text-align: justify;\">Van&#8217;daki deprem, Erzurum merkez ve il\u00e7elerinde de hissedildi. Horasan Kaymakam\u0131 Emre \u00c7\u0131nar, sars\u0131nt\u0131 nedeniyle vatanda\u015flar\u0131n evden sokaklara \u00e7\u0131kt\u0131\u011f\u0131n\u0131 anlatarak, ilk belirlemelere g\u00f6re herhangi bir can ve mal kayb\u0131n\u0131n ya\u015fanmad\u0131\u011f\u0131n\u0131 bildirdi.<\/p>\n<p style=\"text-align: justify;\">H\u0131n\u0131s Kaymakam\u0131 Hakan \u00d6zarslan ise merkezi Van olan depremin H\u0131n\u0131s ve Karayaz\u0131&#8217;da da hissedildi\u011fini belirtti. \u00d6zarslan, &#8221;Depremi 10-15 saniye hissettik. \u015euanda bize ula\u015fan bir olumsuzluk yok. Arkada\u015flar\u0131m\u0131z sahada ara\u015ft\u0131rma yap\u0131yor. Karayaz\u0131&#8217;da herhangi bir s\u0131k\u0131nt\u0131 yok. K\u00f6ylerde ara\u015ft\u0131rmalar\u0131 ba\u015flatt\u0131k. Hastanelere de intikal eden bir durum yok. \u0130l\u00e7e merkezinde de olumsuz bir durum yok&#8221; diye konu\u015ftu.<\/p>\n<p style=\"text-align: justify;\">Bu arada Erzurum Valisi Sebahattin \u00d6zt\u00fcrk, Erzurum&#8217;dan 30 ki\u015filik arama kurtarma ekibi ile sa\u011fl\u0131k ekiplerinin Van&#8217;a do\u011fru yola \u00e7\u0131kar\u0131ld\u0131\u011f\u0131n\u0131 s\u00f6yledi. Vali \u00d6zt\u00fcrk, ayr\u0131ca ikinci ekibin haz\u0131rland\u0131\u011f\u0131n\u0131, havaliman\u0131nda ise haz\u0131rl\u0131klar\u0131n s\u00fcrd\u00fc\u011f\u00fcn\u00fc kaydetti.<\/p>\n<p style=\"text-align: justify;\"><strong>DEPREM\u0130N B\u00dcY\u00dcKL\u00dc\u011e\u00dc<\/strong><\/p>\n<p style=\"text-align: justify;\">Bu arada, depremin b\u00fcy\u00fckl\u00fc\u011f\u00fc, Atat\u00fcrk \u00dcniversitesi Deprem Ara\u015ft\u0131rma Merkezi&#8217;nde 7.0 olarak \u00f6l\u00e7\u00fcld\u00fc. Merkez \u00fcss\u00fc ise Van ile Muradiye aras\u0131nda Er\u00e7ek G\u00f6l\u00fc&#8217;n\u00fcn kuzeyinde Ak\u00e7ift k\u00f6y\u00fc olarak tespit edildi.<\/p>\n<p style=\"text-align: justify;\">ABD Jeolojik Ara\u015ft\u0131rmalar Merkezi&#8217;ne g\u00f6re ise depremin b\u00fcy\u00fckl\u00fc\u011f\u00fc 7,3.<\/p>\n<p style=\"text-align: justify;\"><strong>PAN\u0130KTEN YOLLAR KAPANDI<\/strong><\/p>\n<p style=\"text-align: justify;\">NTV&#8217;ye konu\u015fan Van Belediye Ba\u015fkan\u0131 Kaya, kentte b\u00fcy\u00fck bir panik havas\u0131 oldu\u011funu ve yollar\u0131n kapand\u0131\u011f\u0131n\u0131 s\u00f6yledi. \u015eu ana kadar ciddi bir kay\u0131p bilgisi olu\u015fmad\u0131\u011f\u0131n\u0131 s\u00f6yleyen Kaya, kent merkezinde 2 binada \u00e7\u00f6kme meydana geldi\u011fini de ekledi. Kaya, k\u00f6ylerden hen\u00fcz bilgi alamad\u0131\u011f\u0131n\u0131 belirtti.<\/p>\n<p style=\"text-align: justify;\"><strong>YARDIM \u00c7A\u011eRISINDA BULUNDU<\/strong><\/p>\n<p style=\"text-align: justify;\">Erci\u015f Belediye Ba\u015fkan\u0131 Z\u00fclfikar Arapo\u011flu, NTV canl\u0131 yay\u0131n\u0131nda yard\u0131m \u00e7a\u011fr\u0131s\u0131nda bulundu. Kurtarma ve sa\u011fl\u0131k ekibi ile \u00e7ad\u0131r g\u00f6nderilmesini isteyen Arapo\u011flu, il\u00e7elerinde \u00e7ok say\u0131da binan\u0131n y\u0131k\u0131ld\u0131\u011f\u0131n\u0131, \u00f6l\u00fc ve yaral\u0131lar\u0131n oldu\u011funu s\u00f6yledi.<\/p>\n<p style=\"text-align: justify;\"><strong>ART\u00c7I DEPREMLER<\/strong><\/p>\n<p style=\"text-align: justify;\">Kandilli Rasathanesi, Van Tabanl\u0131 k\u00f6y\u00fcndeki 6,6 b\u00fcy\u00fckl\u00fc\u011f\u00fcndeki depremin ard\u0131ndan Il\u0131kaynak ve Gedikbulak k\u00f6yleri merkezli iki deprem daha \u00f6l\u00e7\u00fcld\u00fc\u011f\u00fcn\u00fc bildirdi.<\/p>\n<p style=\"text-align: justify;\">Kandilli Rasathanesi&#8217;nin internet sitesinde yer alan bilgiye g\u00f6re, Merkeze ba\u011fl\u0131 Il\u0131kkaynak k\u00f6y\u00fcnde saat 13.48&#8217;de 5.4, merkeze ba\u011fl\u0131 Gedikbulak k\u00f6y\u00fcnde ise saat 13.56 itibariyle 5.5 b\u00fcy\u00fckl\u00fc\u011f\u00fcnde iki deprem daha \u00f6l\u00e7\u00fcld\u00fc.<\/p>\n<p style=\"text-align: justify;\">Halkal\u0131 ve Kuruba\u015f k\u00f6yleri merkezli de iki deprem daha \u00f6l\u00e7\u00fcld\u00fc\u011f\u00fc bildirildi. Kandilli Rasathanesi&#8217;nin internet sitesinde yer alan bilgiye g\u00f6re, Halkal\u0131 k\u00f6y\u00fcnde saat 14.32&#8217;de 5.5, Kuruba\u015f k\u00f6y\u00fcnde ise saat 14.10 itibariyle 4.7 b\u00fcy\u00fckl\u00fc\u011f\u00fcnde iki deprem daha \u00f6l\u00e7\u00fcld\u00fc.<\/p>\n<p style=\"text-align: justify;\"><strong>BA\u015eBAKAN VAN&#8217;A G\u0130D\u0130YOR<\/strong><\/p>\n<p style=\"text-align: justify;\">Depremin ard\u0131ndan Ba\u015fbakan Erdo\u011fan Van&#8217;a gitmek \u00fczere yola \u00e7\u0131kt\u0131. Be\u015fir Atalay ise, &#8221;T\u00fcm kurumlar\u0131 alarma getirdik. Afet y\u00f6netimi Van&#8217;da toplanacak.&#8221; a\u00e7\u0131klamas\u0131n\u0131 yapt\u0131.<\/p>\n<p style=\"text-align: justify;\"><a href=\"http:\/\/www.ntvmsnbc.com\/id\/25291238\/\" target=\"_blank\">Kaynak : NTVMSNBC<\/a><\/p>\n","protected":false},"excerpt":{"rendered":"<p style=\"text-align: center;\">\n<p style=\"text-align: justify;\">Van&#8217;da 6.6 b\u00fcy\u00fckl\u00fc\u011f\u00fcnde deprem meydana geldi. Kentte baz\u0131 evler y\u0131k\u0131ld\u0131, bir \u00e7ok ev hasar g\u00f6rd\u00fc. \u015eiddetli deprem Diyarbak\u0131r, Batman, \u015e\u0131rnak, Mu\u015f, Erzurum, Bing\u00f6l, Bitlis, Siirt, Mardin&#8217;den de hissedildi.<\/p>\n<p style=\"text-align: justify;\">Van&#8217;da 6.6 b\u00fcy\u00fckl\u00fc\u011f\u00fcnde deprem meydana geldi. Ba\u015fbakanl\u0131k Afet ve Acil Durum Y\u00f6netimi Ba\u015fkanl\u0131\u011f\u0131ndan yap\u0131lan a\u00e7\u0131klamada, &#8221;Deprem, Van ve il\u00e7elerinde \u00e7ok <\/p>\n","protected":false},"author":1,"featured_media":0,"comment_status":"open","ping_status":"open","sticky":false,"template":"","format":"standard","meta":{"footnotes":""},"categories":[105],"tags":[],"class_list":["post-41548","post","type-post","status-publish","format-standard","hentry","category-gundem","odd"],"_links":{"self":[{"href":"http:\/\/www.korhanyilmaz.com\/index.php?rest_route=\/wp\/v2\/posts\/41548","targetHints":{"allow":["GET"]}}],"collection":[{"href":"http:\/\/www.korhanyilmaz.com\/index.php?rest_route=\/wp\/v2\/posts"}],"about":[{"href":"http:\/\/www.korhanyilmaz.com\/index.php?rest_route=\/wp\/v2\/types\/post"}],"author":[{"embeddable":true,"href":"http:\/\/www.korhanyilmaz.com\/index.php?rest_route=\/wp\/v2\/users\/1"}],"replies":[{"embeddable":true,"href":"http:\/\/www.korhanyilmaz.com\/index.php?rest_route=%2Fwp%2Fv2%2Fcomments&post=41548"}],"version-history":[{"count":0,"href":"http:\/\/www.korhanyilmaz.com\/index.php?rest_route=\/wp\/v2\/posts\/41548\/revisions"}],"wp:attachment":[{"href":"http:\/\/www.korhanyilmaz.com\/index.php?rest_route=%2Fwp%2Fv2%2Fmedia&parent=41548"}],"wp:term":[{"taxonomy":"category","embeddable":true,"href":"http:\/\/www.korhanyilmaz.com\/index.php?rest_route=%2Fwp%2Fv2%2Fcategories&post=41548"},{"taxonomy":"post_tag","embeddable":true,"href":"http:\/\/www.korhanyilmaz.com\/index.php?rest_route=%2Fwp%2Fv2%2Ftags&post=41548"}],"curies":[{"name":"wp","href":"https:\/\/api.w.org\/{rel}","templated":true}]}}