{"id":4153,"date":"2009-02-28T09:02:24","date_gmt":"2009-02-28T07:02:24","guid":{"rendered":"http:\/\/www.korhanyilmaz.com\/?p=4153"},"modified":"2009-02-28T09:02:24","modified_gmt":"2009-02-28T07:02:24","slug":"kilicdaroglundan-vakit-muhabirine-ilginc-davet","status":"publish","type":"post","link":"http:\/\/www.korhanyilmaz.com\/?p=4153","title":{"rendered":"K\u0131l\u0131\u00e7daro\u011flu&#039;ndan Vakit muhabirine ilgin\u00e7 davet"},"content":{"rendered":"<p><img loading=\"lazy\" decoding=\"async\" class=\"aligncenter size-full wp-image-4154\" title=\"K\u0131l\u0131\u00e7daro\u011flu'ndan Vakit muhabirine ilgin\u00e7 davet \" src=\"http:\/\/www.korhanyilmaz.com\/wp-content\/uploads\/2009\/02\/280220090444511840528.jpg\" alt=\"K\u0131l\u0131\u00e7daro\u011flu'ndan Vakit muhabirine ilgin\u00e7 davet \" width=\"320\" height=\"100\" \/><\/p>\n<p style=\"text-align: justify;\"><strong>Bir g\u00fcn eve gelin \u00e7ay\u0131m\u0131 i\u00e7in<\/strong><\/p>\n<p style=\"text-align: justify;\">CHP&#8217;N\u0130N \u0130stanbul aday\u0131 Kemal K\u0131l\u0131\u00e7daro\u011flu, Bah\u00e7e\u015fehir \u00dcniversitesi&#8217;nde d\u00fczenlenen ve moderat\u00f6rl\u00fc\u011f\u00fcn\u00fc Milliyet Gazetesi Ba\u015fyazar\u0131 G\u00fcneri C\u0131vao\u011flu&#8217;nun yapt\u0131\u011f\u0131 &#8220;Se\u00e7im ve \u0130leti\u015fim&#8221; adl\u0131 konferasta konu\u015ftu.<\/p>\n<p style=\"text-align: justify;\">Konferans\u0131n son b\u00f6l\u00fcm\u00fcnde salonda bulunan Vakit gazetesinin muhabir H\u00fcseyin Kulo\u011flu&#8217;nun Kemal K\u0131l\u0131\u00e7daro\u011flu&#8217;na y\u00f6neltti\u011fi soru gerginli\u011fe neden oldu. &#8220;K\u0131l\u0131\u00e7daro\u011flu&#8217;nun ikamet olarak Ka\u011f\u0131thane Merkez Mahallesi&#8217;ndeki \u015eelale Evleri&#8217;ndeki bir evi g\u00f6sterdi\u011fini ama gazetecilere G\u00fcrsel Mahallesi&#8217;ndeki bir evi gezdirdi\u011fini fakat iki adreste de ikamet etmedi\u011fini&#8221; sormas\u0131 \u00fczerine K\u0131l\u0131\u00e7daro\u011flu, &#8220;I\u015f\u0131\u011f\u0131 yanm\u0131yor diyorlar. I\u015f\u0131\u011f\u0131m yan\u0131yor. E\u015fim gazetecilerle g\u00f6r\u00fc\u015fmeye \u00e7ok s\u0131cak bakmad\u0131\u011f\u0131 i\u00e7in kap\u0131y\u0131 a\u00e7mam\u0131\u015f olabilir. Bug\u00fcn gelin \u00e7ay\u0131m\u0131 i\u00e7in&#8221; yan\u0131t\u0131n\u0131 verdi. <!--more--><\/p>\n<p style=\"text-align: justify;\"><strong>&#8216;Hareketi do\u011fru de\u011fil&#8217;<\/strong><\/p>\n<p style=\"text-align: justify;\">Muhabirin sorusunda \u0131srar etmesi \u00fczerine devreye giren G\u00fcrsel Tekin, Vakit Gazetesi&#8217;nin CHP ile ilgili yalan yanl\u0131\u015f haber yapt\u0131\u011f\u0131n\u0131 belirterek, &#8220;\u00d6nce bunlar\u0131n cevab\u0131n\u0131 verin&#8221; dedi.<\/p>\n<p style=\"text-align: justify;\">Bu s\u0131rada salondakilerin de muhabire tepki g\u00f6stermeleri \u00fczerine Tekin ve K\u0131l\u0131\u00e7daro\u011flu&#8217;nun &#8220;B\u0131rak\u0131n kals\u0131n&#8221; diye engellemelerine kar\u015f\u0131n \u00fcniversitenin g\u00f6revlileri muhabiri salondan \u00e7\u0131kard\u0131. \u00c7\u0131k\u0131\u015fta gazetecilerin ya\u015fananlar\u0131 sormas\u0131 \u00fczerine de K\u0131l\u0131\u00e7daro\u011flu, &#8220;Bir gazetecinin b\u00f6yle bir harekette bulunmas\u0131 do\u011fru de\u011fil. Gazeteci soru sorarak cevab\u0131n\u0131 al\u0131r. B\u00f6yle bir hareket i\u00e7ine girmesi do\u011fru de\u011fil&#8221; diye yan\u0131tlad\u0131.<\/p>\n<p style=\"text-align: justify;\"><span style=\"color: #888888;\">Kaynak : Vatan Gazetesi<\/span><\/p>\n","protected":false},"excerpt":{"rendered":"<\/p>\n<p style=\"text-align: justify;\">Bir g\u00fcn eve gelin \u00e7ay\u0131m\u0131 i\u00e7in<\/p>\n<p style=\"text-align: justify;\">CHP&#8217;N\u0130N \u0130stanbul aday\u0131 Kemal K\u0131l\u0131\u00e7daro\u011flu, Bah\u00e7e\u015fehir \u00dcniversitesi&#8217;nde d\u00fczenlenen ve moderat\u00f6rl\u00fc\u011f\u00fcn\u00fc Milliyet Gazetesi Ba\u015fyazar\u0131 G\u00fcneri C\u0131vao\u011flu&#8217;nun yapt\u0131\u011f\u0131 &#8220;Se\u00e7im ve \u0130leti\u015fim&#8221; adl\u0131 konferasta konu\u015ftu.<\/p>\n<p style=\"text-align: justify;\">Konferans\u0131n son b\u00f6l\u00fcm\u00fcnde salonda bulunan Vakit gazetesinin muhabir H\u00fcseyin Kulo\u011flu&#8217;nun Kemal K\u0131l\u0131\u00e7daro\u011flu&#8217;na y\u00f6neltti\u011fi soru gerginli\u011fe neden oldu. &#8220;K\u0131l\u0131\u00e7daro\u011flu&#8217;nun ikamet olarak <\/p>\n","protected":false},"author":1,"featured_media":0,"comment_status":"open","ping_status":"closed","sticky":false,"template":"","format":"standard","meta":{"footnotes":""},"categories":[105],"tags":[],"class_list":["post-4153","post","type-post","status-publish","format-standard","hentry","category-gundem","odd"],"_links":{"self":[{"href":"http:\/\/www.korhanyilmaz.com\/index.php?rest_route=\/wp\/v2\/posts\/4153","targetHints":{"allow":["GET"]}}],"collection":[{"href":"http:\/\/www.korhanyilmaz.com\/index.php?rest_route=\/wp\/v2\/posts"}],"about":[{"href":"http:\/\/www.korhanyilmaz.com\/index.php?rest_route=\/wp\/v2\/types\/post"}],"author":[{"embeddable":true,"href":"http:\/\/www.korhanyilmaz.com\/index.php?rest_route=\/wp\/v2\/users\/1"}],"replies":[{"embeddable":true,"href":"http:\/\/www.korhanyilmaz.com\/index.php?rest_route=%2Fwp%2Fv2%2Fcomments&post=4153"}],"version-history":[{"count":0,"href":"http:\/\/www.korhanyilmaz.com\/index.php?rest_route=\/wp\/v2\/posts\/4153\/revisions"}],"wp:attachment":[{"href":"http:\/\/www.korhanyilmaz.com\/index.php?rest_route=%2Fwp%2Fv2%2Fmedia&parent=4153"}],"wp:term":[{"taxonomy":"category","embeddable":true,"href":"http:\/\/www.korhanyilmaz.com\/index.php?rest_route=%2Fwp%2Fv2%2Fcategories&post=4153"},{"taxonomy":"post_tag","embeddable":true,"href":"http:\/\/www.korhanyilmaz.com\/index.php?rest_route=%2Fwp%2Fv2%2Ftags&post=4153"}],"curies":[{"name":"wp","href":"https:\/\/api.w.org\/{rel}","templated":true}]}}