{"id":41528,"date":"2011-10-21T19:48:12","date_gmt":"2011-10-21T16:48:12","guid":{"rendered":"http:\/\/www.korhanyilmaz.com\/?p=41528"},"modified":"2011-10-22T03:30:55","modified_gmt":"2011-10-22T00:30:55","slug":"pkk-ak-partiyi-bitirecek-mi","status":"publish","type":"post","link":"http:\/\/www.korhanyilmaz.com\/?p=41528","title":{"rendered":"PKK, AK Parti&#8217;yi bitirecek mi?"},"content":{"rendered":"<p style=\"text-align: center;\"><a href=\"http:\/\/www.korhanyilmaz.com\/wp-content\/uploads\/2011\/10\/9134.jpg\"  class=\"lightview\"><img loading=\"lazy\" decoding=\"async\" class=\"aligncenter  wp-image-41529\" src=\"http:\/\/www.korhanyilmaz.com\/wp-content\/uploads\/2011\/10\/9134.jpg\" alt=\"\" width=\"396\" height=\"180\" \/><\/a><\/p>\n<p style=\"text-align: justify;\">Taraf gazetesi yazar\u0131 Emre Uslu sald\u0131r\u0131lar\u0131n AK Parti&#8217;yi bitirmeye y\u00f6nelik \u00e7abalar oldu\u011funu dile getirdi. Ayr\u0131ca yap\u0131lan operasyonlarda PKK&#8217;n\u0131n \u00fcst d\u00fczey 7 yetkilisinin \u00f6ld\u00fcr\u00fcld\u00fc\u011f\u00fcn\u00fc a\u00e7\u0131klad\u0131.<!--more--><\/p>\n<p style=\"text-align: justify;\">Ak\u015fam Raporu program\u0131nda konu\u015fan Emre Uslu, PKK&#8217;n\u0131n Hakkari sald\u0131r\u0131s\u0131n\u0131n bir yarma harekat oldu\u011funu s\u00f6ylerken; \u00f6zellikle Bayram \u00f6ncesi ya\u015fanabilecek ter\u00f6r sald\u0131r\u0131lar\u0131n\u0131n AK Parti&#8217;yi bitirme plan\u0131n\u0131n devreye sokulabilece\u011fi d\u00f6nemler oldu\u011funu belirtti.<\/p>\n<p style=\"text-align: justify;\">Uslu, Bahoz Erdal&#8217;\u0131n telsiz konu\u015fmalar\u0131na g\u00f6re Akdeniz b\u00f6lgesinde bir sald\u0131r\u0131 ger\u00e7ekle\u015ftirilebilece\u011finin de alt\u0131n\u0131 \u00e7izdi.<\/p>\n<p style=\"text-align: justify;\">[flv]http:\/\/ciner.mncdn.net\/2A595DB425733B58A9511E57E0767DF3_c.mp4[\/flv]<\/p>\n<p style=\"text-align: justify;\"><a href=\"http:\/\/www.gazeteport.com.tr\/haber\/58886\/pkk_ak_partiyi_bitirecek_mi\" target=\"_blank\">Kaynak : GAZETEPORT<\/a><\/p>\n","protected":false},"excerpt":{"rendered":"<p style=\"text-align: center;\">\n<p style=\"text-align: justify;\">Taraf gazetesi yazar\u0131 Emre Uslu sald\u0131r\u0131lar\u0131n AK Parti&#8217;yi bitirmeye y\u00f6nelik \u00e7abalar oldu\u011funu dile getirdi. Ayr\u0131ca yap\u0131lan operasyonlarda PKK&#8217;n\u0131n \u00fcst d\u00fczey 7 yetkilisinin \u00f6ld\u00fcr\u00fcld\u00fc\u011f\u00fcn\u00fc a\u00e7\u0131klad\u0131.<\/p>\n","protected":false},"author":1,"featured_media":0,"comment_status":"open","ping_status":"open","sticky":false,"template":"","format":"standard","meta":{"footnotes":""},"categories":[105],"tags":[],"class_list":["post-41528","post","type-post","status-publish","format-standard","hentry","category-gundem","odd"],"_links":{"self":[{"href":"http:\/\/www.korhanyilmaz.com\/index.php?rest_route=\/wp\/v2\/posts\/41528","targetHints":{"allow":["GET"]}}],"collection":[{"href":"http:\/\/www.korhanyilmaz.com\/index.php?rest_route=\/wp\/v2\/posts"}],"about":[{"href":"http:\/\/www.korhanyilmaz.com\/index.php?rest_route=\/wp\/v2\/types\/post"}],"author":[{"embeddable":true,"href":"http:\/\/www.korhanyilmaz.com\/index.php?rest_route=\/wp\/v2\/users\/1"}],"replies":[{"embeddable":true,"href":"http:\/\/www.korhanyilmaz.com\/index.php?rest_route=%2Fwp%2Fv2%2Fcomments&post=41528"}],"version-history":[{"count":0,"href":"http:\/\/www.korhanyilmaz.com\/index.php?rest_route=\/wp\/v2\/posts\/41528\/revisions"}],"wp:attachment":[{"href":"http:\/\/www.korhanyilmaz.com\/index.php?rest_route=%2Fwp%2Fv2%2Fmedia&parent=41528"}],"wp:term":[{"taxonomy":"category","embeddable":true,"href":"http:\/\/www.korhanyilmaz.com\/index.php?rest_route=%2Fwp%2Fv2%2Fcategories&post=41528"},{"taxonomy":"post_tag","embeddable":true,"href":"http:\/\/www.korhanyilmaz.com\/index.php?rest_route=%2Fwp%2Fv2%2Ftags&post=41528"}],"curies":[{"name":"wp","href":"https:\/\/api.w.org\/{rel}","templated":true}]}}