{"id":41525,"date":"2011-10-21T21:26:42","date_gmt":"2011-10-21T18:26:42","guid":{"rendered":"http:\/\/www.korhanyilmaz.com\/?p=41525"},"modified":"2011-10-22T03:03:54","modified_gmt":"2011-10-22T00:03:54","slug":"kaddafinin-esi-harekete-gecti","status":"publish","type":"post","link":"http:\/\/www.korhanyilmaz.com\/?p=41525","title":{"rendered":"Kaddafi&#8217;nin e\u015fi harekete ge\u00e7ti"},"content":{"rendered":"<p style=\"text-align: center;\"><a href=\"http:\/\/www.korhanyilmaz.com\/wp-content\/uploads\/2011\/10\/9133.jpg\"  class=\"lightview\"><img loading=\"lazy\" decoding=\"async\" class=\"aligncenter  wp-image-41526\" src=\"http:\/\/www.korhanyilmaz.com\/wp-content\/uploads\/2011\/10\/9133.jpg\" alt=\"\" width=\"307\" height=\"236\" \/><\/a><\/p>\n<p style=\"text-align: justify;\">Devrik Libya lideri Muammer Kaddafi&#8217;nin e\u015fi Safiye Kaddafi, e\u015finin \u00f6ld\u00fcr\u00fclmesiyle ilgili BM&#8217;den soru\u015fturma a\u00e7mas\u0131n\u0131 talep etti.<\/p>\n<p style=\"text-align: justify;\">AFP&#8217;nin haberine g\u00f6re, merkezi Suriye&#8217;nin ba\u015fkenti \u015eam&#8217;da bulunan Errai televizyonunun haberinde, Safiye Kaddafi, &#8220;Muammer Kaddafi&#8217;nin \u00f6l\u00fcm\u00fcyle ilgili BM&#8217;ye soru\u015fturma a\u00e7ma \u00e7a\u011fr\u0131s\u0131nda bulunduklar\u0131n\u0131&#8221; belirtti.\u00a0<!--more--><\/p>\n<p style=\"text-align: justify;\">Safiye Kaddafi, &#8220;6 ay boyunca 40 \u00fclkenin sald\u0131rganl\u0131\u011f\u0131na kar\u015f\u0131 koyan Kaddafi ve o\u011fullar\u0131n\u0131n cesaretinden dolay\u0131 gurur duydu\u011funu&#8221; ifade etti.<\/p>\n<p style=\"text-align: justify;\">Safiye ve Muammer Kaddafi&#8217;nin \u00fc\u00e7 \u00e7ocu\u011fu Ay\u015fe, Hannibal ve Muhammed&#8217;in Cezayir&#8217;e s\u0131\u011f\u0131nd\u0131klar\u0131, Kaddafi&#8217;nin bir di\u011fer o\u011flu Saadi&#8217;nin de Nijer&#8217;e s\u0131\u011f\u0131nd\u0131\u011f\u0131 belirtilmi\u015fti.<\/p>\n<p style=\"text-align: justify;\">Rusya da, Muammer Kaddafi&#8217;nin \u00f6ld\u00fcr\u00fclmesinin, Cenevre Konvansiyonu&#8217;nun ihlali oldu\u011funu bildirdi.<\/p>\n<p style=\"text-align: justify;\">Rusya D\u0131\u015fi\u015fleri Bakan\u0131 Sergey Lavrov, Kaddafi&#8217;nin \u00f6ld\u00fcr\u00fclmesi konusunda radyoda yay\u0131nlanan s\u00f6yle\u015fisinde, hakikatlere ve uluslararas\u0131 yasalara uyulmas\u0131 gerekti\u011fini belirterek, Cenevre Konvansiyonu&#8217;nda, silahl\u0131 \u00e7at\u0131\u015fmalarda uygulanmas\u0131 gereken uluslararas\u0131 insani kurallar\u0131n yaz\u0131l\u0131 oldu\u011funu hat\u0131rlatt\u0131.<\/p>\n<p style=\"text-align: justify;\">Lavrov, bu kurallara g\u00f6re, sava\u015f mahkumunun hi\u00e7bir ko\u015ful alt\u0131nda \u00f6ld\u00fcr\u00fclmemesi ve bu ki\u015fiye belli bi\u00e7imde muamele edilmesi gerekti\u011fini ifade ederek, Kaddafi&#8217;nin \u00f6ld\u00fcr\u00fclmesiyle ilgili olarak uluslararas\u0131 soru\u015fturma a\u00e7\u0131lmas\u0131 \u00e7a\u011fr\u0131s\u0131nda bulundu.<\/p>\n<p style=\"text-align: justify;\"><a href=\"http:\/\/www.cnnturk.com\/2011\/dunya\/10\/21\/kaddafinin.esi.harekete.gecti\/634021.0\/index.html\" target=\"_blank\">Kaynak : CNN T\u00dcRK<\/a><\/p>\n","protected":false},"excerpt":{"rendered":"<p style=\"text-align: center;\">\n<p style=\"text-align: justify;\">Devrik Libya lideri Muammer Kaddafi&#8217;nin e\u015fi Safiye Kaddafi, e\u015finin \u00f6ld\u00fcr\u00fclmesiyle ilgili BM&#8217;den soru\u015fturma a\u00e7mas\u0131n\u0131 talep etti.<\/p>\n<p style=\"text-align: justify;\">AFP&#8217;nin haberine g\u00f6re, merkezi Suriye&#8217;nin ba\u015fkenti \u015eam&#8217;da bulunan Errai televizyonunun haberinde, Safiye Kaddafi, &#8220;Muammer Kaddafi&#8217;nin \u00f6l\u00fcm\u00fcyle ilgili BM&#8217;ye soru\u015fturma a\u00e7ma \u00e7a\u011fr\u0131s\u0131nda bulunduklar\u0131n\u0131&#8221; belirtti. <\/p>\n","protected":false},"author":1,"featured_media":0,"comment_status":"open","ping_status":"open","sticky":false,"template":"","format":"standard","meta":{"footnotes":""},"categories":[105],"tags":[],"class_list":["post-41525","post","type-post","status-publish","format-standard","hentry","category-gundem","odd"],"_links":{"self":[{"href":"http:\/\/www.korhanyilmaz.com\/index.php?rest_route=\/wp\/v2\/posts\/41525","targetHints":{"allow":["GET"]}}],"collection":[{"href":"http:\/\/www.korhanyilmaz.com\/index.php?rest_route=\/wp\/v2\/posts"}],"about":[{"href":"http:\/\/www.korhanyilmaz.com\/index.php?rest_route=\/wp\/v2\/types\/post"}],"author":[{"embeddable":true,"href":"http:\/\/www.korhanyilmaz.com\/index.php?rest_route=\/wp\/v2\/users\/1"}],"replies":[{"embeddable":true,"href":"http:\/\/www.korhanyilmaz.com\/index.php?rest_route=%2Fwp%2Fv2%2Fcomments&post=41525"}],"version-history":[{"count":0,"href":"http:\/\/www.korhanyilmaz.com\/index.php?rest_route=\/wp\/v2\/posts\/41525\/revisions"}],"wp:attachment":[{"href":"http:\/\/www.korhanyilmaz.com\/index.php?rest_route=%2Fwp%2Fv2%2Fmedia&parent=41525"}],"wp:term":[{"taxonomy":"category","embeddable":true,"href":"http:\/\/www.korhanyilmaz.com\/index.php?rest_route=%2Fwp%2Fv2%2Fcategories&post=41525"},{"taxonomy":"post_tag","embeddable":true,"href":"http:\/\/www.korhanyilmaz.com\/index.php?rest_route=%2Fwp%2Fv2%2Ftags&post=41525"}],"curies":[{"name":"wp","href":"https:\/\/api.w.org\/{rel}","templated":true}]}}