{"id":41514,"date":"2011-10-21T14:49:42","date_gmt":"2011-10-21T11:49:42","guid":{"rendered":"http:\/\/www.korhanyilmaz.com\/?p=41514"},"modified":"2011-10-22T02:19:10","modified_gmt":"2011-10-21T23:19:10","slug":"baskinin-ve-sansurun-baska-bir-sekli","status":"publish","type":"post","link":"http:\/\/www.korhanyilmaz.com\/?p=41514","title":{"rendered":"Bask\u0131n\u0131n ve sans\u00fcr\u00fcn ba\u015fka bir \u015fekli"},"content":{"rendered":"<p style=\"text-align: center;\"><a href=\"http:\/\/www.korhanyilmaz.com\/wp-content\/uploads\/2011\/10\/9131.jpg\"  class=\"lightview\"><img loading=\"lazy\" decoding=\"async\" class=\"aligncenter  wp-image-41515\" src=\"http:\/\/www.korhanyilmaz.com\/wp-content\/uploads\/2011\/10\/9131.jpg\" alt=\"\" width=\"420\" height=\"210\" \/><\/a><\/p>\n<p style=\"text-align: justify;\">K\u0131l\u0131\u00e7daro\u011flu: Medya toplant\u0131s\u0131 bask\u0131n\u0131n, sans\u00fcr\u00fcn ba\u015fka bir \u015fekli<\/p>\n<p style=\"text-align: justify;\">CHP Genel Ba\u015fkan\u0131 Kemal K\u0131l\u0131\u00e7daro\u011flu, Ba\u015fbakan Recep Tayyip Erdo\u011fan\u2019\u0131n \u2018muhalefet kolayc\u0131l\u0131\u011fa ka\u00e7\u0131yor\u2019 \u015feklindeki s\u00f6zlerini ele\u015ftirerek, h\u00fck\u00fcmetin ter\u00f6r sorununa \u00e7\u00f6z\u00fcm \u00fcretemedi\u011fini ileri s\u00fcrd\u00fc ve &#8216;Sorunlar\u0131 \u00e7\u00f6zmek i\u00e7in iktidar olacaks\u0131n, sonra da kalkacaks\u0131n sanki yeni iktidar olmu\u015f gibi ba\u015flayacaks\u0131n muhalefeti su\u00e7lamaya&#8217; dedi.<!--more--><\/p>\n<p style=\"text-align: justify;\">Ba\u015fbakan Erdo\u011fan\u2019\u0131n gazete patron ve y\u00f6neticileriyle yapt\u0131\u011f\u0131 toplant\u0131y\u0131 \u201cBask\u0131n\u0131n ve sans\u00fcr\u00fcn ba\u015fka bir \u015fekli\u201d olarak niteleyen K\u0131l\u0131\u00e7daro\u011flu, TBMM Ba\u015fkan\u0131 Cemil \u00c7i\u00e7ek&#8217;e ter\u00f6r sorununun \u00e7\u00f6z\u00fcm\u00fcne ili\u015fkin mecliste komisyon kurulmas\u0131 talebini hat\u0131rlatarak, &#8216;E\u011fer say\u0131n ba\u015fkan ka\u00e7\u0131n\u0131rsa komisyon kurmaktan, \u00e7\u00f6z\u00fcm \u00fcreten bir komisyon kurmaktan ka\u00e7\u0131n\u0131rsa bu sorumlulu\u011fa ortak olur, \u00e7\u00f6z\u00fcms\u00fczl\u00fc\u011fe ortak olur&#8217; diye konu\u015ftu.<\/p>\n<p style=\"text-align: justify;\">CHP Parti Meclisi (PM), Genel Ba\u015fkan K\u0131l\u0131\u00e7daro\u011flu ba\u015fkanl\u0131\u011f\u0131nda topland\u0131.<\/p>\n<p style=\"text-align: justify;\">K\u0131l\u0131\u00e7daro\u011flu, toplant\u0131n\u0131n a\u00e7\u0131l\u0131\u015f\u0131nda yapt\u0131\u011f\u0131 konu\u015fmada, ter\u00f6r olaylar\u0131n\u0131n son g\u00fcnlerde artt\u0131\u011f\u0131na dikkati \u00e7ekerek, iktidar\u0131n 9 y\u0131ld\u0131r \u00e7o\u011funlu\u011fu elinde bulundurmas\u0131na ra\u011fmen bu soruna \u00e7\u00f6z\u00fcm \u00fcretemedi\u011fini, tutarl\u0131 politikalar izlenmesi gerekirken &#8216;b\u00fcy\u00fck zikzaklar \u00e7izdi\u011fini&#8217; s\u00f6yledi.<\/p>\n<p style=\"text-align: justify;\">En son h\u00fck\u00fcmet program\u0131nda ter\u00f6r konusunun yer almad\u0131\u011f\u0131n\u0131 ifade eden K\u0131l\u0131\u00e7daro\u011flu, T\u00fcrkiye&#8217;nin en temel sorununun h\u00fck\u00fcmet program\u0131nda yer almamas\u0131n\u0131n anla\u015f\u0131lamaz oldu\u011funu, bunun halk\u0131yla yabanc\u0131la\u015fma anlam\u0131na geldi\u011fini savundu.<\/p>\n<p style=\"text-align: justify;\">Hakkari&#8217;nin \u00c7ukurca il\u00e7esindeki ter\u00f6r sald\u0131r\u0131s\u0131n\u0131n ard\u0131ndan Ba\u015fbakan Recep Tayyip Erdo\u011fan&#8217;\u0131n yapt\u0131\u011f\u0131 a\u00e7\u0131klamada, muhalefete y\u00f6nelik ele\u015ftirilerini hat\u0131rlatan K\u0131l\u0131\u00e7daro\u011flu, &#8216;Ba\u015fbakan\u0131n ilk yapt\u0131\u011f\u0131 i\u015flerden birisi muhalefeti su\u00e7lamak oldu. Daha biz konu\u015fmam\u0131\u015f\u0131z, bir \u015fey s\u00f6ylememi\u015fiz. Hepimiz \u00fcz\u00fcnt\u00fc i\u00e7indeyiz, beyefendinin yapt\u0131\u011f\u0131 muhalefeti su\u00e7lamak&#8217; diye konu\u015ftu.<\/p>\n<p style=\"text-align: justify;\"><strong>Bask\u0131n\u0131n bir ba\u015fka \u015fekli&#8230;\u00a0<\/strong><\/p>\n<p style=\"text-align: justify;\">Ba\u015fbakan Erdo\u011fan&#8217;\u0131n d\u00fcn bas\u0131n yay\u0131n kurulu\u015flar\u0131n\u0131n sahipleri ve genel yay\u0131n y\u00f6neticileriyle yapt\u0131\u011f\u0131 toplant\u0131y\u0131 da de\u011ferlendiren K\u0131l\u0131\u00e7daro\u011flu, \u015f\u00f6yle konu\u015ftu:<\/p>\n<p style=\"text-align: justify;\">&#8216;Bask\u0131n\u0131n bir ba\u015fka \u015fekli, sans\u00fcr\u00fcn bir ba\u015fka \u015fekli. Hadi genel yay\u0131n y\u00f6netmelerini \u00e7a\u011f\u0131rd\u0131n\u0131z, medya patronlar\u0131n\u0131n ne i\u015fi var orada. Hat\u0131rlars\u0131n\u0131z bir ara say\u0131n ba\u015fbakan demi\u015fti ki medya patronlar\u0131na &#8216;o k\u00f6\u015fe yazarlar\u0131 sizin \u00e7al\u0131\u015fan elemanlar\u0131n\u0131z de\u011fil mi? Onlar madem \u00f6yle yaz\u0131 yaz\u0131yorlar, sen sorumlususun. Konu\u015fturma onlar\u0131&#8217;. Bu toplant\u0131 onun ba\u015fka bir versiyonudur. Demokrasiye yak\u0131\u015fan bir tablo de\u011fildir bu tablo. Medya patronlar\u0131n\u0131 kar\u015f\u0131n\u0131za alacaks\u0131n\u0131z ve onlara dolayl\u0131 sans\u00fcr nas\u0131l uygulan\u0131r onu anlatacaks\u0131n\u0131z. Sonra da o toplant\u0131dan \u00e7\u0131kacaks\u0131n\u0131z yine CHP&#8217;ye sald\u0131racaks\u0131n\u0131z. Efendim neymi\u015f &#8216;\u015fehitlerimiz var CHP bizi sorumlu tutuyor&#8217;. Kimi sorumlu tutaca\u011f\u0131z, Almanya&#8217;y\u0131 m\u0131, Fransa&#8217;y\u0131 m\u0131, Rusya&#8217;y\u0131 m\u0131 sorumlu tutaca\u011f\u0131z? Onlar m\u0131 bu \u00fclkeyi y\u00f6netiyorlar. E\u011fer bu \u00fclkede bir h\u00fck\u00fcmet varsa sa\u011fl\u0131kl\u0131 \u00e7al\u0131\u015fan demokrasilerde, olumsuzluklar ger\u00e7ekle\u015fmi\u015fse, \u015fehitler varsa do\u011fal olarak siyaseten onu sorumlu tutacaks\u0131n\u0131z&#8230;<\/p>\n<p style=\"text-align: justify;\">Niye iktidar oldular? sorunlar\u0131 \u00e7\u00f6zmek i\u00e7in. Sorunlar\u0131 \u00e7\u00f6zmek i\u00e7in iktidar olacaks\u0131n, halktan oy isteyeceksin. Sonra da kalkacaks\u0131n sanki yeni iktidar olmu\u015f gibi ba\u015flayacaks\u0131n muhalefeti su\u00e7lamaya. Sonra d\u00f6n\u00fcp diyeceksin ki &#8216;muhalefet kolayc\u0131l\u0131k yap\u0131yor&#8217;. Kolayc\u0131l\u0131\u011f\u0131 sen yap\u0131yorsun say\u0131n ba\u015fbakan. Her t\u00fcrl\u00fc g\u00f6r\u00fc\u015fmeyi yapt\u0131n. Ni\u00e7in yapt\u0131n o g\u00f6r\u00fc\u015fmeleri? Se\u00e7imler s\u0131ras\u0131nda ter\u00f6r olaylar\u0131 olmas\u0131n diye. PKK \u00fc\u00e7 kez ate\u015fkes ilan etti. Senin g\u00f6r\u00fc\u015fmelerin sonunda o ate\u015fkes ilan edildi. Senin \u00f6zel temsilcin Oslo&#8217;da &#8216;Biz y\u00fczde 95 g\u00f6r\u00fc\u015f birli\u011fi sa\u011flad\u0131k&#8217; dedi. Nedir bu y\u00fczde 95? Bizim bilmeye hakk\u0131m\u0131z yok mu? O g\u00f6r\u00fc\u015fmelerde diyor ki &#8216;be\u011fenmedi\u011finiz valiler var m\u0131? Onu g\u00f6revden alal\u0131m&#8217;. Sen bu noktadas\u0131n say\u0131n ba\u015fbakan. Muhalefeti su\u00e7layaca\u011f\u0131na o metinleri bir oku bakal\u0131m.&#8217;<\/p>\n<p style=\"text-align: justify;\">Ba\u015fbakan Erdo\u011fan&#8217;\u0131n, Hakkari&#8217;nin \u00c7ukurca il\u00e7esindeki ter\u00f6r sald\u0131r\u0131s\u0131n\u0131n ard\u0131ndan d\u00fczenledi\u011fi bas\u0131n toplant\u0131s\u0131nda &#8216;bir davaya ili\u015fkin belgenin sahte olup olmad\u0131\u011f\u0131n\u0131&#8217; anlatt\u0131\u011f\u0131n\u0131 ifade eden K\u0131l\u0131\u00e7daro\u011flu, &#8216;Bu kadar d\u00fczeysiz, bu kadar s\u0131\u011f bir politika olabilir mi? \u00dclke kan g\u00f6l\u00fcne d\u00f6nm\u00fc\u015f onun derdi ba\u015fka bir \u015fey&#8217; dedi.<\/p>\n<p style=\"text-align: justify;\">K\u0131l\u0131\u00e7daro\u011flu, Parti Meclisi (PM) toplant\u0131s\u0131 \u00f6ncesinde yapt\u0131\u011f\u0131 a\u00e7\u0131klamalarda d\u00fcn TBMM ger\u00e7ekle\u015ftirilen ter\u00f6r konulu kapal\u0131 oturuma da de\u011findi.<\/p>\n<p style=\"text-align: justify;\">Kapal\u0131 oturumda h\u00fck\u00fcmet yetkililerinin &#8216;gazetelerde yazan, vatanda\u015f\u0131n da bildi\u011fi konular\u0131n d\u0131\u015f\u0131nda hi\u00e7bir bilgiyi milletvekilleriyle payla\u015fmad\u0131\u011f\u0131n\u0131&#8217; ifade eden K\u0131l\u0131\u00e7daro\u011flu, bu yolla vatanda\u015f\u0131n bilgilenmesinin de engellendi\u011fini iddia etti. K\u0131l\u0131\u00e7daro\u011flu, Ba\u015fbakan Recep Tayyip Erdo\u011fan ile baz\u0131 bakanlar\u0131n dahi bu oturuma kat\u0131lmad\u0131\u011f\u0131n\u0131, bunun da vahim bir olay oldu\u011funu s\u00f6yledi. K\u0131l\u0131\u00e7daro\u011flu, &#8216;Ba\u015fbakan gelip bilgi vermez mi? \u00dclke kan g\u00f6l\u00fc, gelip anlatacaks\u0131n. Neden oldu bu olaylar? Vatanda\u015flar\u0131n telefonunu dinleyece\u011fine bir de bak bakal\u0131m yahu bu ter\u00f6ristler nedir? Bir de onlar\u0131n telefonlar\u0131n\u0131 dinle. \u00dclke bu haldeyken parlamentoya gelip bilgi vermiyorlar. Bu bizim i\u00e7in ciddi bir olay, arkas\u0131n\u0131 b\u0131rakmayaca\u011f\u0131z. Ba\u015fbakan o parlamentoya gelecek, bilgi verecek&#8217; dedi.<\/p>\n<p style=\"text-align: justify;\">Ter\u00f6r oturumunda Ba\u015fbakan Yard\u0131mc\u0131s\u0131 Be\u015fir Atalay&#8217;\u0131n bilgi vermesini de ele\u015ftiren K\u0131l\u0131\u00e7daro\u011flu, &#8216;Ad\u0131 k\u00f6stebe\u011fe \u00e7\u0131km\u0131\u015f bir bakan gelip bilgi veriyor. O bakan\u0131n o k\u00fcrs\u00fcye \u00e7\u0131kmas\u0131 ay\u0131p. Deniz Feneri olay\u0131nda arama yap\u0131laca\u011f\u0131 \u00f6nceden haber verilecek, bu ki\u015fi \u0130\u00e7i\u015fleri Bakan\u0131 olacak, gelecek o k\u00fcrs\u00fcde milletvekillerine bilgi verecek&#8230;&#8217; dedi. K\u0131l\u0131\u00e7daro\u011flu, Deniz Feneri soru\u015fturmas\u0131na ili\u015fkin iddialar\u0131n\u0131 da yineledi.<\/p>\n<p style=\"text-align: justify;\"><strong>&#8216;Biz \u00e7\u00f6z\u00fcm getiriyoruz senin kula\u011f\u0131n duymuyor&#8217;\u00a0<\/strong><\/p>\n<p style=\"text-align: justify;\">Ba\u015fbakan Erdo\u011fan&#8217;\u0131n, ter\u00f6r sorununa ili\u015fkin muhalefetin \u00e7\u00f6z\u00fcm \u00f6nerisinde bulunmad\u0131\u011f\u0131, muhalefetin alternatifli \u00e7\u00f6z\u00fcm \u00f6nerilerine ihtiya\u00e7lar\u0131 oldu\u011fu y\u00f6n\u00fcnde a\u00e7\u0131klamalar yapt\u0131\u011f\u0131n\u0131 ifade eden K\u0131l\u0131\u00e7daro\u011flu, CHP&#8217;nin 1989 y\u0131l\u0131nda konuya ili\u015fkin ilk raporu haz\u0131rlayan parti oldu\u011funu kaydetti. &#8216;Biz \u00e7\u00f6z\u00fcmler getiriyoruz da senin kula\u011f\u0131n duymuyor&#8217; diyen K\u0131l\u0131\u00e7daro\u011flu, iktidar\u0131n \u00e7\u00f6z\u00fcmlerini ise kimsenin bilmedi\u011fini ileri s\u00fcrd\u00fc. K\u0131l\u0131\u00e7daro\u011flu, \u015f\u00f6yle devam etti:<\/p>\n<p style=\"text-align: justify;\">&#8216;Muhalefetten \u00e7\u00f6z\u00fcm istiyorsan \u00e7\u00f6z\u00fcms\u00fczl\u00fckle kar\u015f\u0131 kar\u015f\u0131yas\u0131n sen. \u00c7\u00f6z\u00fcm \u00fcretemiyorsan iktidarda olmaman gerekir. Biz iktidar\u0131n \u00e7\u00f6z\u00fcms\u00fczl\u00fc\u011f\u00fcn\u00fc bildi\u011fimiz i\u00e7in parlamentoyu ve onun ba\u015fkan\u0131n\u0131 g\u00f6reve davet ettik.<\/p>\n<p style=\"text-align: justify;\">Say\u0131n Cemil \u00c7i\u00e7ek bug\u00fcn bir gazeteye deme\u00e7 vermi\u015f &#8216;ben y\u00fcr\u00fctme organ\u0131n\u0131n yetkilisi de\u011filim. Biz yasama organ\u0131y\u0131z, bu konuda bir \u015fey yapamay\u0131z&#8217; diye. Biz Ergene&#8217;nin kirlili\u011fini de parlamentoda g\u00f6r\u00fc\u015f\u00fcyoruz de\u011fil mi? Ara\u015ft\u0131rma komisyonlar\u0131 kuruyoruz, y\u00fcr\u00fctme organ\u0131n\u0131n i\u015fine m\u00fcdahale mi ediyoruz? \u0130klimle ilgili, yoksullukla ilgili, yolsuzlukla ilgili ara\u015ft\u0131rma komisyonu kurduk. Nas\u0131l oluyor da bu kadar temel bir sorunla ilgili bir komisyon kurmaktan say\u0131n ba\u015fkan ka\u00e7\u0131n\u0131yor. E\u011fer say\u0131n ba\u015fkan ka\u00e7\u0131n\u0131rsa komisyon kurmaktan, \u00e7\u00f6z\u00fcm \u00fcreten bir komisyon kurmaktan ka\u00e7\u0131n\u0131rsa bu sorumlulu\u011fa ortak olur, \u00e7\u00f6z\u00fcms\u00fczl\u00fc\u011fe ortak olur.<\/p>\n<p style=\"text-align: justify;\">Bizim \u00e7a\u011fr\u0131lar\u0131m\u0131z, \u00f6nerilerimiz \u00e7ok a\u00e7\u0131k. Biz T\u00fcrkiye&#8217;nin en temel sorununa \u00e7\u00f6z\u00fcm \u00fcretmek istiyoruz. Yeri geldi\u011finde k\u00fcrs\u00fcye \u00e7\u0131k\u0131p konu\u015fuyorlar &#8216;Kurtulu\u015f Sava\u015f\u0131n\u0131 y\u00f6neten parlamento&#8217; diye. Bu parlamento Kurtulu\u015f Sava\u015f\u0131&#8217;n\u0131 y\u00f6netmi\u015fse bu soruna da \u00e7\u00f6z\u00fcm \u00fcretebilir. Say\u0131n Cemil \u00c7i\u00e7ek ka\u00e7mas\u0131n. AKP \u00e7\u00f6z\u00fcm \u00fcretemez, \u00e7\u00f6z\u00fcm \u00fcretecek merci, organ parlamentodur.&#8217;<\/p>\n<p style=\"text-align: justify;\"><strong>&#8216;Gensoru verece\u011fiz&#8217;\u00a0<\/strong><\/p>\n<p style=\"text-align: justify;\">Ba\u015fbakan Erdo\u011fan&#8217;\u0131n CHP&#8217;li belediyeler ve Alman vak\u0131flar\u0131na ili\u015fkin s\u00f6zlerini de hat\u0131rlatan K\u0131l\u0131\u00e7daro\u011flu, kendisine iddialar\u0131n\u0131 a\u00e7\u0131k\u00e7a anlatmas\u0131 y\u00f6n\u00fcnde \u00e7a\u011fr\u0131da bulundu\u011funu, ancak \u015fu ana kadar bir yan\u0131t alamad\u0131\u011f\u0131n\u0131 s\u00f6yledi. K\u0131l\u0131\u00e7daro\u011flu, &#8216;Gensoru verece\u011fiz. Meclis&#8217;e gelecek b\u00fct\u00fcn CHP&#8217;li belediyelerden \u00f6z\u00fcr dileyecek. Senin belediyelerin yapabilir ama hi\u00e7bir CHP&#8217;li belediye bunu yapmaz. Sen yapabilirsin ama hi\u00e7bir CHP&#8217;li belediye bunu yapmaz. A\u011fz\u0131ndan \u00e7\u0131kan\u0131 \u00f6nce kula\u011f\u0131n duyacak. Sen ba\u015fbakans\u0131n \u00fclkeyi y\u00f6netiyorsun. Senin sorumluluklar\u0131n var. Yeri gelince bize sorumluluklar\u0131m\u0131z\u0131 hat\u0131rlat\u0131yorsun. Biz sorumluluklar\u0131m\u0131z\u0131n bilincindeyiz. Sen de sorumluluklar\u0131n\u0131n bilincinde olacaks\u0131n&#8217; diye konu\u015ftu.<\/p>\n<p style=\"text-align: justify;\">K\u0131l\u0131\u00e7daro\u011flu&#8217;nun konu\u015fmas\u0131n\u0131n ard\u0131ndan bas\u0131na kapal\u0131 devam eden PM toplant\u0131s\u0131nda, yeni anayasa \u00e7al\u0131\u015fmas\u0131 ve ter\u00f6r gibi g\u00fcndemdeki konular ele al\u0131nacak. Toplant\u0131da CHP&#8217;nin 2012 May\u0131s ay\u0131nda yap\u0131lmas\u0131 planlanan ola\u011fan kurultay\u0131n\u0131n ertelenmesine ili\u015fkin taleplerin de g\u00fcndeme gelerek g\u00f6r\u00fc\u015f\u00fclmesi bekleniyor.<\/p>\n<p style=\"text-align: justify;\"><a href=\"http:\/\/haber.gazetevatan.com\/baskinin-ve-sansurun-baska-bir-sekli\/406311\/9\/Siyaset\" target=\"_blank\">Kaynak : Vatan Gazetesi<\/a><\/p>\n","protected":false},"excerpt":{"rendered":"<p style=\"text-align: center;\">\n<p style=\"text-align: justify;\">K\u0131l\u0131\u00e7daro\u011flu: Medya toplant\u0131s\u0131 bask\u0131n\u0131n, sans\u00fcr\u00fcn ba\u015fka bir \u015fekli<\/p>\n<p style=\"text-align: justify;\">CHP Genel Ba\u015fkan\u0131 Kemal K\u0131l\u0131\u00e7daro\u011flu, Ba\u015fbakan Recep Tayyip Erdo\u011fan\u2019\u0131n \u2018muhalefet kolayc\u0131l\u0131\u011fa ka\u00e7\u0131yor\u2019 \u015feklindeki s\u00f6zlerini ele\u015ftirerek, h\u00fck\u00fcmetin ter\u00f6r sorununa \u00e7\u00f6z\u00fcm \u00fcretemedi\u011fini ileri s\u00fcrd\u00fc ve &#8216;Sorunlar\u0131 \u00e7\u00f6zmek i\u00e7in iktidar olacaks\u0131n, sonra da kalkacaks\u0131n sanki yeni iktidar olmu\u015f gibi ba\u015flayacaks\u0131n muhalefeti su\u00e7lamaya&#8217; dedi.<\/p>\n","protected":false},"author":1,"featured_media":0,"comment_status":"open","ping_status":"open","sticky":false,"template":"","format":"standard","meta":{"footnotes":""},"categories":[105],"tags":[],"class_list":["post-41514","post","type-post","status-publish","format-standard","hentry","category-gundem","odd"],"_links":{"self":[{"href":"http:\/\/www.korhanyilmaz.com\/index.php?rest_route=\/wp\/v2\/posts\/41514","targetHints":{"allow":["GET"]}}],"collection":[{"href":"http:\/\/www.korhanyilmaz.com\/index.php?rest_route=\/wp\/v2\/posts"}],"about":[{"href":"http:\/\/www.korhanyilmaz.com\/index.php?rest_route=\/wp\/v2\/types\/post"}],"author":[{"embeddable":true,"href":"http:\/\/www.korhanyilmaz.com\/index.php?rest_route=\/wp\/v2\/users\/1"}],"replies":[{"embeddable":true,"href":"http:\/\/www.korhanyilmaz.com\/index.php?rest_route=%2Fwp%2Fv2%2Fcomments&post=41514"}],"version-history":[{"count":0,"href":"http:\/\/www.korhanyilmaz.com\/index.php?rest_route=\/wp\/v2\/posts\/41514\/revisions"}],"wp:attachment":[{"href":"http:\/\/www.korhanyilmaz.com\/index.php?rest_route=%2Fwp%2Fv2%2Fmedia&parent=41514"}],"wp:term":[{"taxonomy":"category","embeddable":true,"href":"http:\/\/www.korhanyilmaz.com\/index.php?rest_route=%2Fwp%2Fv2%2Fcategories&post=41514"},{"taxonomy":"post_tag","embeddable":true,"href":"http:\/\/www.korhanyilmaz.com\/index.php?rest_route=%2Fwp%2Fv2%2Ftags&post=41514"}],"curies":[{"name":"wp","href":"https:\/\/api.w.org\/{rel}","templated":true}]}}