{"id":41510,"date":"2011-10-21T20:11:38","date_gmt":"2011-10-21T17:11:38","guid":{"rendered":"http:\/\/www.korhanyilmaz.com\/?p=41510"},"modified":"2011-10-22T02:37:26","modified_gmt":"2011-10-21T23:37:26","slug":"hukumetin-istifasini-istemek-saflik","status":"publish","type":"post","link":"http:\/\/www.korhanyilmaz.com\/?p=41510","title":{"rendered":"H\u00fck\u00fcmetin istifas\u0131n\u0131 istemek &#8216;safl\u0131k&#8217;"},"content":{"rendered":"<p style=\"text-align: center;\"><a href=\"http:\/\/www.korhanyilmaz.com\/wp-content\/uploads\/2011\/10\/9130.jpg\"  class=\"lightview\"><img loading=\"lazy\" decoding=\"async\" class=\"aligncenter  wp-image-41511\" src=\"http:\/\/www.korhanyilmaz.com\/wp-content\/uploads\/2011\/10\/9130.jpg\" alt=\"\" width=\"368\" height=\"230\" \/><\/a><\/p>\n<p style=\"text-align: justify;\">Ba\u015fbakan Recep Tayyip Erdo\u011fan, h\u00fck\u00fcmetin istifas\u0131n\u0131n istenmesiyle ilgili olarak &#8221;B\u00f6yle saf\u00e7a, b\u00f6yle d\u00fc\u015f\u00fcnceden mahrum, akl\u0131selimden uzak bir yakla\u015f\u0131m tarz\u0131 olabilir mi? Bu nas\u0131l bir yakla\u015f\u0131m tarz\u0131d\u0131r? Ondan sonra da &#8216;Ter\u00f6rle m\u00fccadelede yan\u0131n\u0131zday\u0131z&#8217;&#8230; Nas\u0131l yan\u0131m\u0131zdas\u0131n\u0131z? Bir taraftan h\u00fck\u00fcmetin istifas\u0131n\u0131 isteyeceksin, bir taraftan yan\u0131n\u0131zday\u0131z diyeceksin&#8221; dedi.<!--more--><\/p>\n<p style=\"text-align: justify;\">Ankara- Ba\u015fbakan Tayyip Erdo\u011fan, Hak-\u0130\u015f Konfederasyonu 12. Ola\u011fan Genel Kurulu&#8217;nda bir konu\u015fma yapt\u0131. Erdo\u011fan, yapt\u0131\u011f\u0131 konu\u015fmada ter\u00f6r sorunu ile ilgili de\u011ferlendirmeler yapt\u0131. Ba\u015fbakan Erdo\u011fan, \u015funlar\u0131 s\u00f6yledi:<\/p>\n<p style=\"text-align: justify;\">&#8221;Mesele zor bir meseledir, karma\u015f\u0131k bir meseledir ve hari\u00e7ten gazel okuman\u0131n kabul edilemeyece\u011fi bir meseledir. \u00c7\u00fcnk\u00fc bu mesele milli bir meseledir, o h\u00fck\u00fcmetin, bu iktidar\u0131n de\u011fil, T\u00fcrkiye&#8217;nin meselesidir.<\/p>\n<p style=\"text-align: justify;\">Bug\u00fcn muhalefette olanlar da ge\u00e7mi\u015f iktidarlar\u0131nda bu m\u00fccadelenin i\u00e7inde olmu\u015flar, bu g\u00fc\u00e7l\u00fckleri ya\u015fam\u0131\u015flard\u0131r. Bu meselenin ya\u015fanan her ac\u0131 hadiseden sonra h\u00fck\u00fcmetin istifas\u0131n\u0131 istemekle ya da ola\u011fan\u00fcst\u00fc hal talep etmekle \u00e7\u00f6z\u00fclemeyece\u011fini de asl\u0131nda gayet iyi bilirler. 4 ay \u00f6nce bu \u00fclkede se\u00e7im yap\u0131ld\u0131. &#8216;Egemenlik kay\u0131ts\u0131z \u015farts\u0131z milletindir&#8217; diyorsan\u0131z, buna inan\u0131yorsan\u0131z, millet y\u00fczde 50 oy vermek suretiyle partimizi iktidara ta\u015f\u0131m\u0131\u015ft\u0131r. Bu iktidara inand\u0131\u011f\u0131, g\u00fcvendi\u011fi i\u00e7indir. H\u00fck\u00fcmetin istifas\u0131n\u0131 isteyenler ise y\u00fczde 25 oy ald\u0131. Demek ki milletin size g\u00fcveni yok, size itimad\u0131 yok, size inanc\u0131 yok. \u00d6nce milletin g\u00fcvenini kazan\u0131n, ondan sonra b\u00f6yle bir talepte bulunun.<\/p>\n<p style=\"text-align: justify;\">Bu hadise nedir biliyor musunuz? B\u00f6yle bir talepte bulunmak, ter\u00f6r \u00f6rg\u00fct\u00fcn\u00fc nereye ta\u015f\u0131makt\u0131r? Ter\u00f6r \u00f6rg\u00fct\u00fcn\u00fcn g\u00fcc\u00fcn\u00fc kabullenmektir. B\u00f6yle saf\u00e7a, b\u00f6yle d\u00fc\u015f\u00fcnceden mahrum, akl\u0131selimden uzak bir yakla\u015f\u0131m tarz\u0131 olabilir mi? Bu nas\u0131l bir yakla\u015f\u0131m tarz\u0131d\u0131r? Ondan sonra da &#8216;Ter\u00f6rle m\u00fccadelede yan\u0131n\u0131zday\u0131z&#8217;&#8230; Nas\u0131l yan\u0131m\u0131zdas\u0131n\u0131z? Bir taraftan h\u00fck\u00fcmetin istifas\u0131n\u0131 isteyeceksin, bir taraftan &#8216;yan\u0131n\u0131zday\u0131z&#8217; diyeceksin&#8230; H\u00fck\u00fcmet istifa etti\u011finde ne olacak? Bu bir koalisyon h\u00fck\u00fcmeti de\u011fil ki. Bu \u00fclkede iki ki\u015fiden bir ki\u015finin oy verdi\u011fi iktidar\u0131n iktidar\u0131d\u0131r. \u015eu anda Parlamentonun y\u00fczde 63&#8217;\u00fc AK Parti milletvekillerinden olu\u015fuyor. Yap\u0131lan nedir Mecliste? Sadece g\u00f6r\u00fcld\u00fc\u011f\u00fc gibi kavga, g\u00fcr\u00fclt\u00fc ve bunun i\u00e7ine AK Parti&#8217;yi \u00e7ekmek. Ter\u00f6r\u00fc hedefine koy, AK Parti&#8217;yi de\u011fil. \u015eunu a\u00e7\u0131k ve net ifade edeyim. Bug\u00fcn T\u00fcrkiye&#8217;nin ihtiyac\u0131 olan siyaset dili, dili siyaset anlay\u0131\u015f\u0131, siyaset\u00e7i modeli bu de\u011fildir. Milletimiz siyasetten ve siyaset\u00e7iden bu hassas meseleye yap\u0131c\u0131, olgun, \u00e7\u00f6z\u00fcme d\u00f6n\u00fck katk\u0131lar vermesini bekliyor. \u015eu bir ger\u00e7ek ki; s\u00f6ylene s\u00f6ylene art\u0131k \u00f6nceden tahmin edilebilen, \u00e7\u00f6z\u00fcms\u00fcz, meseleden \u00e7ok h\u00fck\u00fcmeti y\u0131pratmaya yo\u011funla\u015fm\u0131\u015f a\u00e7\u0131klamalar\u0131n ne siyasete ne bu \u00fclkenin ter\u00f6rle m\u00fccadelesine bir faydas\u0131 yoktur, olmayacakt\u0131r.&#8221;<\/p>\n<p style=\"text-align: justify;\"><strong>&#8221;Ge\u00e7mi\u015fte bu m\u00fccadelede kurunun yan\u0131nda ya\u015f\u0131n da yand\u0131\u011f\u0131, yak\u0131ld\u0131\u011f\u0131 olmu\u015ftur&#8221;\u00a0<\/strong><\/p>\n<p style=\"text-align: justify;\">T\u00fcrkiye&#8217;nin, tarihi tecr\u00fcbelerle dolu, g\u00fc\u00e7l\u00fc bir \u00fclke oldu\u011funu vurgulayan Ba\u015fbakan Erdo\u011fan, T\u00fcrk milletinin \u00e7ok b\u00fcy\u00fck badireler atlatm\u0131\u015f ve bu badirelerin hepsinden aln\u0131n\u0131n ak\u0131yla dimdik \u00e7\u0131km\u0131\u015f bir \u00fclke oldu\u011funu dile getirdi.<\/p>\n<p style=\"text-align: justify;\"><span style=\"text-decoration: underline;\">Ba\u015fbakan Erdo\u011fan, \u015f\u00f6yle konu\u015ftu:<\/span><\/p>\n<p style=\"text-align: justify;\">&#8221;Herkes emin olsun ki; ter\u00f6r belas\u0131n\u0131 er ya da ge\u00e7 bu milletin yakas\u0131ndan s\u00f6k\u00fcp ataca\u011f\u0131z. Bunu insanlar\u0131m\u0131z\u0131n birbirine ba\u011fl\u0131l\u0131\u011f\u0131ndan, dostluk ve karde\u015fli\u011finden, birlik beraberli\u011finden zerre miktar\u0131 taviz vermeden yapaca\u011f\u0131z. Yine bu m\u00fccadeleyi demokrasiden, hukuk ve hakkaniyetten, insaf ve insanl\u0131ktan asla geri ad\u0131m atmadan kazanaca\u011f\u0131z.<\/p>\n<p style=\"text-align: justify;\">Bunu her zaman s\u00f6yledik, yine s\u00f6yl\u00fcyoruz; ge\u00e7mi\u015fte bu m\u00fccadelede kurunun yan\u0131nda ya\u015f\u0131n da yand\u0131\u011f\u0131, yak\u0131ld\u0131\u011f\u0131 olmu\u015ftur. Sadece stratejik hesaplar bak\u0131m\u0131ndan de\u011fil, hukukun zedelenmesi, dikkat isteyen, itina isteyen bir m\u00fccadelenin toptanc\u0131 ve hoyrat\u00e7a yakla\u015f\u0131mlarla g\u00f6lgelenmesi bak\u0131m\u0131ndan da yanl\u0131\u015flar yap\u0131lm\u0131\u015ft\u0131r. Biz b\u00fct\u00fcn bu yanl\u0131\u015f hesaplar\u0131n da muhasebesini hakk\u0131yla yap\u0131yor, insani dikkatimizi korumak noktas\u0131nda da b\u00fcy\u00fck hassasiyet g\u00f6steriyoruz. Gereken her \u015fey bir hukuk devletinin ta\u015f\u0131mas\u0131 gereken ciddiyet i\u00e7inde yap\u0131l\u0131yor, bundan kimsenin \u015f\u00fcphesi olmas\u0131n.<\/p>\n<p style=\"text-align: justify;\">H\u00fck\u00fcmet olarak hem hukuku ve demokrasiyi, hem insanlar\u0131m\u0131z\u0131n birlik ve dirli\u011fini korumakta, hem de ter\u00f6rle \u00f6d\u00fcns\u00fcz m\u00fccadeleyi s\u00fcrd\u00fcrmekte kararl\u0131y\u0131z.&#8221;<\/p>\n<p style=\"text-align: justify;\"><a href=\"http:\/\/www.cumhuriyet.com.tr\/?hn=287372\" target=\"_blank\">Kaynak : Cumhuriyet Haber Portal\u0131<\/a><\/p>\n","protected":false},"excerpt":{"rendered":"<p style=\"text-align: center;\">\n<p style=\"text-align: justify;\">Ba\u015fbakan Recep Tayyip Erdo\u011fan, h\u00fck\u00fcmetin istifas\u0131n\u0131n istenmesiyle ilgili olarak &#8221;B\u00f6yle saf\u00e7a, b\u00f6yle d\u00fc\u015f\u00fcnceden mahrum, akl\u0131selimden uzak bir yakla\u015f\u0131m tarz\u0131 olabilir mi? Bu nas\u0131l bir yakla\u015f\u0131m tarz\u0131d\u0131r? Ondan sonra da &#8216;Ter\u00f6rle m\u00fccadelede yan\u0131n\u0131zday\u0131z&#8217;&#8230; Nas\u0131l yan\u0131m\u0131zdas\u0131n\u0131z? Bir taraftan h\u00fck\u00fcmetin istifas\u0131n\u0131 isteyeceksin, bir taraftan yan\u0131n\u0131zday\u0131z diyeceksin&#8221; dedi.<\/p>\n","protected":false},"author":1,"featured_media":0,"comment_status":"open","ping_status":"open","sticky":false,"template":"","format":"standard","meta":{"footnotes":""},"categories":[105],"tags":[],"class_list":["post-41510","post","type-post","status-publish","format-standard","hentry","category-gundem","odd"],"_links":{"self":[{"href":"http:\/\/www.korhanyilmaz.com\/index.php?rest_route=\/wp\/v2\/posts\/41510","targetHints":{"allow":["GET"]}}],"collection":[{"href":"http:\/\/www.korhanyilmaz.com\/index.php?rest_route=\/wp\/v2\/posts"}],"about":[{"href":"http:\/\/www.korhanyilmaz.com\/index.php?rest_route=\/wp\/v2\/types\/post"}],"author":[{"embeddable":true,"href":"http:\/\/www.korhanyilmaz.com\/index.php?rest_route=\/wp\/v2\/users\/1"}],"replies":[{"embeddable":true,"href":"http:\/\/www.korhanyilmaz.com\/index.php?rest_route=%2Fwp%2Fv2%2Fcomments&post=41510"}],"version-history":[{"count":0,"href":"http:\/\/www.korhanyilmaz.com\/index.php?rest_route=\/wp\/v2\/posts\/41510\/revisions"}],"wp:attachment":[{"href":"http:\/\/www.korhanyilmaz.com\/index.php?rest_route=%2Fwp%2Fv2%2Fmedia&parent=41510"}],"wp:term":[{"taxonomy":"category","embeddable":true,"href":"http:\/\/www.korhanyilmaz.com\/index.php?rest_route=%2Fwp%2Fv2%2Fcategories&post=41510"},{"taxonomy":"post_tag","embeddable":true,"href":"http:\/\/www.korhanyilmaz.com\/index.php?rest_route=%2Fwp%2Fv2%2Ftags&post=41510"}],"curies":[{"name":"wp","href":"https:\/\/api.w.org\/{rel}","templated":true}]}}