{"id":41505,"date":"2011-10-21T21:56:31","date_gmt":"2011-10-21T18:56:31","guid":{"rendered":"http:\/\/www.korhanyilmaz.com\/?p=41505"},"modified":"2011-10-22T01:58:14","modified_gmt":"2011-10-21T22:58:14","slug":"chpde-kurultay-tarihi-ertelendi","status":"publish","type":"post","link":"http:\/\/www.korhanyilmaz.com\/?p=41505","title":{"rendered":"CHP&#8217;de kurultay tarihi ertelendi"},"content":{"rendered":"<p style=\"text-align: center;\"><a href=\"http:\/\/www.korhanyilmaz.com\/wp-content\/uploads\/2011\/10\/9129.jpg\"  class=\"lightview\"><img loading=\"lazy\" decoding=\"async\" class=\"aligncenter  wp-image-41506\" src=\"http:\/\/www.korhanyilmaz.com\/wp-content\/uploads\/2011\/10\/9129.jpg\" alt=\"\" width=\"336\" height=\"223\" \/><\/a><\/p>\n<p style=\"text-align: justify;\">CHP Genel Ba\u015fkan\u0131 Kemal K\u0131l\u0131\u00e7daro\u011flu&#8217;nun ba\u015fkanl\u0131\u011f\u0131nda toplanan CHP PM toplant\u0131s\u0131 sona erdi. Toplant\u0131 yakla\u015f\u0131k 10 saat s\u00fcrd\u00fc.<\/p>\n<p style=\"text-align: justify;\">Edinilen bilgilere g\u00f6re, toplant\u0131da ola\u011fan kurultay takvimince 2012\u2019nin May\u0131s ay\u0131nda yap\u0131lmas\u0131 gereken CHP 34. Ola\u011fan Kurultay tarihinin ba\u015fka bir tarihe ertelenmesi g\u00f6r\u00fc\u015f\u00fcld\u00fc. Oylama sonucu CHP\u2019nin 34. Ola\u011fan Kurultay\u0131n\u0131n 6 ay ertelenmesine karar verildi.\u00a0<!--more--><\/p>\n<p style=\"text-align: justify;\">Toplant\u0131da CHP t\u00fcz\u00fc\u011f\u00fcn\u00fcn 75. maddesi uyar\u0131nca \u201cba\u011f\u0131\u015flanma\u201d istekleri g\u00f6r\u00fc\u015f\u00fclerek, eski CHP Genel Ba\u015fkan\u0131 Deniz Baykal d\u00f6neminde partiden ihra\u00e7 edilen eski K\u00fclt\u00fcr Bakan\u0131 Fikri Sa\u011flar ile eski Esenyurt Belediye Ba\u015fkan\u0131 G\u00fcrb\u00fcz \u00c7apan\u2019\u0131n durumu da ele ald\u0131nd\u0131. Yap\u0131lan oylama sonucunda \u00c7apan ve Sa\u011flar\u2019\u0131n aralar\u0131nda bulundu\u011fu 14 ki\u015fi CHP\u2019ye geri d\u00f6nd\u00fc. Buna g\u00f6re Sa\u011flar ve \u00c7apan yeniden CHP de siyaset yapabilecek. Ter\u00f6r olaylar\u0131n\u0131n ek g\u00fcndem maddesi olarak g\u00f6r\u00fc\u015f\u00fcld\u00fc\u011f\u00fc toplant\u0131da ter\u00f6rle ilgili bildiri yay\u0131nlanmas\u0131na da karar verildi.<\/p>\n<p style=\"text-align: justify;\"><a href=\"http:\/\/www.radikal.com.tr\/Radikal.aspx?aType=RadikalDetayV3&amp;ArticleID=1067132&amp;Date=22.10.2011&amp;CategoryID=78\" target=\"_blank\">Kaynak : Radikal.com.tr<\/a><\/p>\n","protected":false},"excerpt":{"rendered":"<p style=\"text-align: center;\">\n<p style=\"text-align: justify;\">CHP Genel Ba\u015fkan\u0131 Kemal K\u0131l\u0131\u00e7daro\u011flu&#8217;nun ba\u015fkanl\u0131\u011f\u0131nda toplanan CHP PM toplant\u0131s\u0131 sona erdi. Toplant\u0131 yakla\u015f\u0131k 10 saat s\u00fcrd\u00fc.<\/p>\n<p style=\"text-align: justify;\">Edinilen bilgilere g\u00f6re, toplant\u0131da ola\u011fan kurultay takvimince 2012\u2019nin May\u0131s ay\u0131nda yap\u0131lmas\u0131 gereken CHP 34. Ola\u011fan Kurultay tarihinin ba\u015fka bir tarihe ertelenmesi g\u00f6r\u00fc\u015f\u00fcld\u00fc. Oylama sonucu CHP\u2019nin 34. Ola\u011fan Kurultay\u0131n\u0131n 6 ay ertelenmesine <\/p>\n","protected":false},"author":1,"featured_media":0,"comment_status":"open","ping_status":"open","sticky":false,"template":"","format":"standard","meta":{"footnotes":""},"categories":[105],"tags":[],"class_list":["post-41505","post","type-post","status-publish","format-standard","hentry","category-gundem","odd"],"_links":{"self":[{"href":"http:\/\/www.korhanyilmaz.com\/index.php?rest_route=\/wp\/v2\/posts\/41505","targetHints":{"allow":["GET"]}}],"collection":[{"href":"http:\/\/www.korhanyilmaz.com\/index.php?rest_route=\/wp\/v2\/posts"}],"about":[{"href":"http:\/\/www.korhanyilmaz.com\/index.php?rest_route=\/wp\/v2\/types\/post"}],"author":[{"embeddable":true,"href":"http:\/\/www.korhanyilmaz.com\/index.php?rest_route=\/wp\/v2\/users\/1"}],"replies":[{"embeddable":true,"href":"http:\/\/www.korhanyilmaz.com\/index.php?rest_route=%2Fwp%2Fv2%2Fcomments&post=41505"}],"version-history":[{"count":0,"href":"http:\/\/www.korhanyilmaz.com\/index.php?rest_route=\/wp\/v2\/posts\/41505\/revisions"}],"wp:attachment":[{"href":"http:\/\/www.korhanyilmaz.com\/index.php?rest_route=%2Fwp%2Fv2%2Fmedia&parent=41505"}],"wp:term":[{"taxonomy":"category","embeddable":true,"href":"http:\/\/www.korhanyilmaz.com\/index.php?rest_route=%2Fwp%2Fv2%2Fcategories&post=41505"},{"taxonomy":"post_tag","embeddable":true,"href":"http:\/\/www.korhanyilmaz.com\/index.php?rest_route=%2Fwp%2Fv2%2Ftags&post=41505"}],"curies":[{"name":"wp","href":"https:\/\/api.w.org\/{rel}","templated":true}]}}