{"id":41501,"date":"2011-10-21T20:58:05","date_gmt":"2011-10-21T17:58:05","guid":{"rendered":"http:\/\/www.korhanyilmaz.com\/?p=41501"},"modified":"2011-10-22T01:49:47","modified_gmt":"2011-10-21T22:49:47","slug":"temde-kaza","status":"publish","type":"post","link":"http:\/\/www.korhanyilmaz.com\/?p=41501","title":{"rendered":"TEM&#8217;de kaza!"},"content":{"rendered":"<p style=\"text-align: justify;\"><a href=\"http:\/\/www.korhanyilmaz.com\/wp-content\/uploads\/2011\/10\/9128.jpg\"  class=\"lightview\"><img loading=\"lazy\" decoding=\"async\" class=\"aligncenter size-full wp-image-41502\" title=\"\" src=\"http:\/\/www.korhanyilmaz.com\/wp-content\/uploads\/2011\/10\/9128.jpg\" alt=\"\" width=\"313\" height=\"235\" \/><\/a><\/p>\n<p style=\"text-align: justify;\">TEM Otoyolu Sultanbeyli Mevkii&#8217;nde meydana gelen trafik kazas\u0131nda 9 ki\u015fi \u00f6ld\u00fc, 7 ki\u015fi yaraland\u0131.<\/p>\n<p style=\"text-align: justify;\">Sultanbeyli&#8217;de meydana gelen trafik kazas\u0131nda \u00f6lenlerin say\u0131s\u0131 9&#8217;a y\u00fckseldi.<\/p>\n<p style=\"text-align: justify;\">Mehmet Selim Karaismail y\u00f6netimindeki A1101EE plakal\u0131 bak\u0131r y\u00fckl\u00fc TIR, TEM Otoyolu Sultanbeyli mevkisinde kontrolden \u00e7\u0131karak bariyerlere \u00e7arpt\u0131.\u00a0<!--more--><\/p>\n<p style=\"text-align: justify;\">Bariyerleri a\u015fan TIR, kar\u015f\u0131 \u015feride ge\u00e7erek Ankara istikametine giden G\u00fcrkan Ataman&#8217;\u0131n kulland\u0131\u011f\u0131 34 BJ 767 plakal\u0131 minib\u00fcse, \u015eeref Y\u0131lmaz idaresindeki 34 MBU 37 plakal\u0131 otomobile ve \u00d6nder Akp\u0131nar&#8217;\u0131n kulland\u0131\u011f\u0131 34 GL 2618 plakal\u0131 otomobile \u00e7arpt\u0131.<\/p>\n<p style=\"text-align: justify;\">TIR, daha sonra Mehmet \u015eirin Y\u0131ld\u0131z y\u00f6netimindeki 41 KH 606 plakal\u0131 minib\u00fcse \u00e7arparak devrildi.<\/p>\n<p style=\"text-align: justify;\">Kazan\u0131n ard\u0131ndan b\u00f6lgeye \u00e7ok say\u0131da polis, itfaiye ve sa\u011fl\u0131k ekibi g\u00f6nderildi.<\/p>\n<p style=\"text-align: justify;\">Kazada, T\u00fcrk uyruklu Bulgaristan vatanda\u015f\u0131 oldu\u011fu \u00f6\u011frenilen TIR s\u00fcr\u00fcc\u00fcs\u00fc Karaismail, olay yerinde hayat\u0131n\u0131 kaybetti.<\/p>\n<p style=\"text-align: justify;\">Minib\u00fcs s\u00fcr\u00fcc\u00fcs\u00fc Mehmet \u015eirin Y\u0131ld\u0131z ile bu ara\u00e7ta bulunan 14 ki\u015fi, a\u011f\u0131r yaral\u0131 olarak ambulanslarla Marmara E\u011fitim ve Ara\u015ft\u0131rma, Kartal Ko\u015fuyolu Y\u00fcksek \u0130htisas E\u011fitim ve Ara\u015ft\u0131rma ve Kartal Dr. L\u00fctfi K\u0131rdar E\u011fitim ve Ara\u015ft\u0131rma hastaneleri ile \u00e7evredeki \u00f6zel hastanelere kald\u0131r\u0131ld\u0131.<\/p>\n<p style=\"text-align: justify;\">A\u011f\u0131r yaral\u0131lardan Mehmet \u015eirin Y\u0131ld\u0131z, Necip \u00c7elikkaya, Abdulbaki \u00c7eliker, Mehmet \u015eefik \u00d6z\u00fcoral, Fuat \u00d6z\u00fcoral ve Turan \u00d6zsunar ile kimlikleri hen\u00fcz belirlenemeyen iki ki\u015fi, hastanelerde yap\u0131lan m\u00fcdahalelere ra\u011fmen kurtar\u0131lamad\u0131.<\/p>\n<p style=\"text-align: justify;\">Ali Ay, Atakan \u00c7elikhas\u0131, Baran \u00c7elikhas\u0131 ve Cengiz G\u00fcl adl\u0131 yaral\u0131lar Kartal Dr. L\u00fctfi K\u0131rdar E\u011fitim ve Ara\u015ft\u0131rma Hastanesinde, kimlikleri \u00f6\u011frenilemeyen 3 ki\u015fi de \u00e7evredeki \u00f6zel hastanelerde tedavi alt\u0131na al\u0131nd\u0131.<\/p>\n<p style=\"text-align: justify;\">Kaza dolay\u0131s\u0131yla yol uzun s\u00fcre kapal\u0131 kal\u0131rken, uzun ara\u00e7 kuyruklar\u0131 olu\u015ftu. Kazaya kar\u0131\u015fan ara\u00e7lar \u00e7ekiciler yard\u0131m\u0131yla kald\u0131r\u0131ld\u0131ktan sonra yol tekrar trafi\u011fe a\u00e7\u0131ld\u0131.<\/p>\n<p style=\"text-align: justify;\">Kazayla ilgili soru\u015fturma s\u00fcrd\u00fcr\u00fcl\u00fcyor.<\/p>\n<p style=\"text-align: justify;\"><a href=\"http:\/\/www.cnnturk.com\/2011\/turkiye\/10\/21\/temde.kaza\/633994.0\/index.html\" target=\"_blank\">Kaynak : CNN T\u00dcRK<\/a><\/p>\n","protected":false},"excerpt":{"rendered":"<p style=\"text-align: justify;\">\n<p style=\"text-align: justify;\">TEM Otoyolu Sultanbeyli Mevkii&#8217;nde meydana gelen trafik kazas\u0131nda 9 ki\u015fi \u00f6ld\u00fc, 7 ki\u015fi yaraland\u0131.<\/p>\n<p style=\"text-align: justify;\">Sultanbeyli&#8217;de meydana gelen trafik kazas\u0131nda \u00f6lenlerin say\u0131s\u0131 9&#8217;a y\u00fckseldi.<\/p>\n<p style=\"text-align: justify;\">Mehmet Selim Karaismail y\u00f6netimindeki A1101EE plakal\u0131 bak\u0131r y\u00fckl\u00fc TIR, TEM Otoyolu Sultanbeyli mevkisinde kontrolden \u00e7\u0131karak bariyerlere \u00e7arpt\u0131. <\/p>\n","protected":false},"author":1,"featured_media":0,"comment_status":"open","ping_status":"open","sticky":false,"template":"","format":"standard","meta":{"footnotes":""},"categories":[105],"tags":[],"class_list":["post-41501","post","type-post","status-publish","format-standard","hentry","category-gundem","odd"],"_links":{"self":[{"href":"http:\/\/www.korhanyilmaz.com\/index.php?rest_route=\/wp\/v2\/posts\/41501","targetHints":{"allow":["GET"]}}],"collection":[{"href":"http:\/\/www.korhanyilmaz.com\/index.php?rest_route=\/wp\/v2\/posts"}],"about":[{"href":"http:\/\/www.korhanyilmaz.com\/index.php?rest_route=\/wp\/v2\/types\/post"}],"author":[{"embeddable":true,"href":"http:\/\/www.korhanyilmaz.com\/index.php?rest_route=\/wp\/v2\/users\/1"}],"replies":[{"embeddable":true,"href":"http:\/\/www.korhanyilmaz.com\/index.php?rest_route=%2Fwp%2Fv2%2Fcomments&post=41501"}],"version-history":[{"count":0,"href":"http:\/\/www.korhanyilmaz.com\/index.php?rest_route=\/wp\/v2\/posts\/41501\/revisions"}],"wp:attachment":[{"href":"http:\/\/www.korhanyilmaz.com\/index.php?rest_route=%2Fwp%2Fv2%2Fmedia&parent=41501"}],"wp:term":[{"taxonomy":"category","embeddable":true,"href":"http:\/\/www.korhanyilmaz.com\/index.php?rest_route=%2Fwp%2Fv2%2Fcategories&post=41501"},{"taxonomy":"post_tag","embeddable":true,"href":"http:\/\/www.korhanyilmaz.com\/index.php?rest_route=%2Fwp%2Fv2%2Ftags&post=41501"}],"curies":[{"name":"wp","href":"https:\/\/api.w.org\/{rel}","templated":true}]}}