{"id":41497,"date":"2011-10-21T23:38:53","date_gmt":"2011-10-21T20:38:53","guid":{"rendered":"http:\/\/www.korhanyilmaz.com\/?p=41497"},"modified":"2011-10-22T01:58:42","modified_gmt":"2011-10-21T22:58:42","slug":"pkknin-hakkari-sorumlusu-olduruldu","status":"publish","type":"post","link":"http:\/\/www.korhanyilmaz.com\/?p=41497","title":{"rendered":"PKK&#8217;n\u0131n Hakkari sorumlusu \u00f6ld\u00fcr\u00fcld\u00fc"},"content":{"rendered":"<p style=\"text-align: center;\"><a href=\"http:\/\/www.korhanyilmaz.com\/wp-content\/uploads\/2011\/10\/91271.jpg\"  class=\"lightview\"><img loading=\"lazy\" decoding=\"async\" class=\"aligncenter  wp-image-41499\" src=\"http:\/\/www.korhanyilmaz.com\/wp-content\/uploads\/2011\/10\/91271.jpg\" alt=\"\" width=\"301\" height=\"217\" \/><\/a><\/p>\n<p style=\"text-align: justify;\">Ter\u00f6r \u00f6rg\u00fct\u00fc PKK&#8217;ya ait bir internet sitesi, sava\u015f u\u00e7aklar\u0131n\u0131n bombard\u0131man\u0131nda aralar\u0131nda \u00f6rg\u00fct\u00fcn Hakkari sorumlusu Y\u00fccel Halis&#8217;in de bulundu\u011fu \u00fcst d\u00fczey 3 y\u00f6neticinin \u00f6ld\u00fc\u011f\u00fcn\u00fc duyurdu.\u00a0<!--more--><\/p>\n<p style=\"text-align: justify;\">(DHA) &#8212; \u0130nternet sitesindeki haberde 10 Ekim g\u00fcn\u00fc Hakurk ve Hinere kesimine yap\u0131lan bombard\u0131manda \u00f6rg\u00fct\u00fcn \u00f6nemli isimlerinden &#8216;Cudi&#8217; kod adl\u0131 R\u00fcstem Osman, &#8216;\u00c7i\u00e7ek K\u0131\u00e7i&#8217; kod adl\u0131 Guhar \u00c7ekirge, &#8216; Ali\u015fer Ko\u00e7giri kod adl\u0131 Y\u00fccel Halis&#8217;inde aralar\u0131nda bulundu\u011fu 7 PKK&#8217;l\u0131n\u0131n \u00f6ld\u00fc\u011f\u00fc yer ald\u0131.<\/p>\n<p style=\"text-align: justify;\">Hava harekat\u0131nda \u00f6ld\u00fcr\u00fclen Ali\u015fer Ko\u00e7giri kod adl\u0131 Y\u00fccel Halis&#8217;in eski \u00c7al\u0131\u015fma ve Sosyal G\u00fcvenlik Bakan\u0131 Ziya Halis&#8217;in ye\u011feni oldu\u011fu belirtildi.<\/p>\n<p style=\"text-align: justify;\">PKK&#8217;n\u0131n Hakkari b\u00f6lge sorumlusu oldu\u011fu \u00f6ne s\u00fcr\u00fclen Halis, Hakkari Da\u011fl\u0131ca&#8217;da 12 askerin \u015fehit sald\u0131r\u0131 s\u0131ras\u0131nda ka\u00e7\u0131r\u0131lan 8 askeri, Kuzey Irak&#8217;a giden Demokrat Toplum Partisi (DTP) Milletvekillerine tutanakla teslim etmi\u015fti.<\/p>\n<p style=\"text-align: justify;\"><a href=\"http:\/\/www.cnnturk.com\/2011\/turkiye\/10\/21\/pkknin.hakkari.sorumlusu.olduruldu\/634027.0\/index.html\" target=\"_blank\">Kaynak : CNN T\u00dcRK<\/a><\/p>\n","protected":false},"excerpt":{"rendered":"<p style=\"text-align: center;\">\n<p style=\"text-align: justify;\">Ter\u00f6r \u00f6rg\u00fct\u00fc PKK&#8217;ya ait bir internet sitesi, sava\u015f u\u00e7aklar\u0131n\u0131n bombard\u0131man\u0131nda aralar\u0131nda \u00f6rg\u00fct\u00fcn Hakkari sorumlusu Y\u00fccel Halis&#8217;in de bulundu\u011fu \u00fcst d\u00fczey 3 y\u00f6neticinin \u00f6ld\u00fc\u011f\u00fcn\u00fc duyurdu. <\/p>\n","protected":false},"author":1,"featured_media":0,"comment_status":"open","ping_status":"open","sticky":false,"template":"","format":"standard","meta":{"footnotes":""},"categories":[105],"tags":[],"class_list":["post-41497","post","type-post","status-publish","format-standard","hentry","category-gundem","odd"],"_links":{"self":[{"href":"http:\/\/www.korhanyilmaz.com\/index.php?rest_route=\/wp\/v2\/posts\/41497","targetHints":{"allow":["GET"]}}],"collection":[{"href":"http:\/\/www.korhanyilmaz.com\/index.php?rest_route=\/wp\/v2\/posts"}],"about":[{"href":"http:\/\/www.korhanyilmaz.com\/index.php?rest_route=\/wp\/v2\/types\/post"}],"author":[{"embeddable":true,"href":"http:\/\/www.korhanyilmaz.com\/index.php?rest_route=\/wp\/v2\/users\/1"}],"replies":[{"embeddable":true,"href":"http:\/\/www.korhanyilmaz.com\/index.php?rest_route=%2Fwp%2Fv2%2Fcomments&post=41497"}],"version-history":[{"count":0,"href":"http:\/\/www.korhanyilmaz.com\/index.php?rest_route=\/wp\/v2\/posts\/41497\/revisions"}],"wp:attachment":[{"href":"http:\/\/www.korhanyilmaz.com\/index.php?rest_route=%2Fwp%2Fv2%2Fmedia&parent=41497"}],"wp:term":[{"taxonomy":"category","embeddable":true,"href":"http:\/\/www.korhanyilmaz.com\/index.php?rest_route=%2Fwp%2Fv2%2Fcategories&post=41497"},{"taxonomy":"post_tag","embeddable":true,"href":"http:\/\/www.korhanyilmaz.com\/index.php?rest_route=%2Fwp%2Fv2%2Ftags&post=41497"}],"curies":[{"name":"wp","href":"https:\/\/api.w.org\/{rel}","templated":true}]}}