{"id":41478,"date":"2011-10-21T16:05:08","date_gmt":"2011-10-21T13:05:08","guid":{"rendered":"http:\/\/www.korhanyilmaz.com\/?p=41478"},"modified":"2011-10-21T20:55:11","modified_gmt":"2011-10-21T17:55:11","slug":"balyozda-bir-tutuklama-daha","status":"publish","type":"post","link":"http:\/\/www.korhanyilmaz.com\/?p=41478","title":{"rendered":"Balyoz&#8217;da bir tutuklama daha"},"content":{"rendered":"<p style=\"text-align: center;\"><a href=\"http:\/\/www.korhanyilmaz.com\/wp-content\/uploads\/2011\/10\/9123.jpg\"  class=\"lightview\"><img loading=\"lazy\" decoding=\"async\" class=\"aligncenter  wp-image-41479\" src=\"http:\/\/www.korhanyilmaz.com\/wp-content\/uploads\/2011\/10\/9123.jpg\" alt=\"\" width=\"322\" height=\"241\" \/><\/a><\/p>\n<p style=\"text-align: justify;\">G\u00d6LC\u00dcK Donanma Komutanl\u0131\u011f\u0131 \u0130stihbarat \u015eube\u2019de yap\u0131lan aramalarda ele ge\u00e7irildi\u011fi belirtilen belgelerin odas\u0131n\u0131n alt\u0131ndaki d\u00f6\u015femelerde \u00e7\u0131kt\u0131\u011f\u0131 iddia edilen Binba\u015f\u0131 Kemalettin Yakar, G\u00f6lc\u00fck Balyoz belgeleri soru\u015fturmas\u0131 kapsam\u0131nda da tutukland\u0131.<!--more--><\/p>\n<p style=\"text-align: justify;\">G\u00f6lc\u00fck Donanma Komutanl\u0131\u011f\u0131 \u0130stihbarat \u015eube\u2019de yap\u0131lan aramalarda ele ge\u00e7irildi\u011fi iddia edilen \u2019Balyoz plan\u0131 belgeleri\u2019 iddialar\u0131na ili\u015fkin y\u00fcr\u00fct\u00fclen soru\u015fturma kapsam\u0131nda Binba\u015f\u0131 Kemalettin Yakar ifade vermek \u00fczere sabah saatlerinde cezaevinden Be\u015fikta\u015f\u2019taki \u0130stanbul Adliyesi&#8221;ne getirildi. \u0130kinci Poyrazk\u00f6y davas\u0131n\u0131n tutuklu san\u0131\u011f\u0131 Kemalettin Yakar\u2019\u0131n ifadesi savc\u0131 H\u00fcseyin Ayar taraf\u0131ndan al\u0131nd\u0131. Yakar sorgusunun ard\u0131ndan tutuklanma talebiyle n\u00f6bet\u00e7i mahkemeye sevk edildi. \u0130stanbul n\u00f6bet\u00e7i 16. A\u011f\u0131r Mahkemesi\u2019nce sorgulanan Yakar, G\u00f6lc\u00fck Balyoz belgeleri soru\u015fturmas\u0131 kapsam\u0131nda da tutukland\u0131.<\/p>\n<p style=\"text-align: justify;\"><strong>SAVCI: BELGELER\u0130 S\u0130Z M\u0130 KOYDUNUZ?\u00a0<\/strong><\/p>\n<p style=\"text-align: justify;\">Savc\u0131l\u0131k sorgusunda Yakar\u2019a &#8220;Bu belgeleri siz mi d\u00f6\u015femenin alt\u0131na koydunuz? &#8221; sorusunun y\u00f6neltildi\u011fi belirtildi.<\/p>\n<p style=\"text-align: justify;\"><strong>B\u0130NBA\u015eI YAKAR: YER OLMADI\u011eI \u0130\u00c7\u0130N KOYDUM ANCAK \u0130\u00c7ER\u0130\u011e\u0130NDE BALYOZ YOKTU\u00a0<\/strong><\/p>\n<p style=\"text-align: justify;\">Yakar\u2019\u0131n ise, &#8220;Ben yer olmad\u0131\u011f\u0131 i\u00e7in d\u00f6\u015feminin alt\u0131na harddisk ve baz\u0131 belgeler koydum. Ancak bunlar\u0131n aras\u0131nda s\u00f6z konusu soru\u015fturmaya ili\u015fkin konu olan belgeler yoktu. Onlar nas\u0131l o harddiskten \u00e7\u0131kt\u0131 bilmiyorum. Bunlar\u0131 oraya koydu\u011fumdan komutanlar\u0131m\u0131z dahil bir\u00e7ok askeri g\u00f6revlinin haberi vard\u0131.&#8221;diye yan\u0131t verdi.<\/p>\n<p style=\"text-align: justify;\"><a href=\"http:\/\/haber.gazetevatan.com\/balyozda-bir-tutuklama-daha\/406323\/1\/Gundem\" target=\"_blank\">Kaynak : VATAN Gazetesi<\/a><\/p>\n","protected":false},"excerpt":{"rendered":"<p style=\"text-align: center;\">\n<p style=\"text-align: justify;\">G\u00d6LC\u00dcK Donanma Komutanl\u0131\u011f\u0131 \u0130stihbarat \u015eube\u2019de yap\u0131lan aramalarda ele ge\u00e7irildi\u011fi belirtilen belgelerin odas\u0131n\u0131n alt\u0131ndaki d\u00f6\u015femelerde \u00e7\u0131kt\u0131\u011f\u0131 iddia edilen Binba\u015f\u0131 Kemalettin Yakar, G\u00f6lc\u00fck Balyoz belgeleri soru\u015fturmas\u0131 kapsam\u0131nda da tutukland\u0131.<\/p>\n","protected":false},"author":1,"featured_media":0,"comment_status":"open","ping_status":"open","sticky":false,"template":"","format":"standard","meta":{"footnotes":""},"categories":[105],"tags":[],"class_list":["post-41478","post","type-post","status-publish","format-standard","hentry","category-gundem","odd"],"_links":{"self":[{"href":"http:\/\/www.korhanyilmaz.com\/index.php?rest_route=\/wp\/v2\/posts\/41478","targetHints":{"allow":["GET"]}}],"collection":[{"href":"http:\/\/www.korhanyilmaz.com\/index.php?rest_route=\/wp\/v2\/posts"}],"about":[{"href":"http:\/\/www.korhanyilmaz.com\/index.php?rest_route=\/wp\/v2\/types\/post"}],"author":[{"embeddable":true,"href":"http:\/\/www.korhanyilmaz.com\/index.php?rest_route=\/wp\/v2\/users\/1"}],"replies":[{"embeddable":true,"href":"http:\/\/www.korhanyilmaz.com\/index.php?rest_route=%2Fwp%2Fv2%2Fcomments&post=41478"}],"version-history":[{"count":0,"href":"http:\/\/www.korhanyilmaz.com\/index.php?rest_route=\/wp\/v2\/posts\/41478\/revisions"}],"wp:attachment":[{"href":"http:\/\/www.korhanyilmaz.com\/index.php?rest_route=%2Fwp%2Fv2%2Fmedia&parent=41478"}],"wp:term":[{"taxonomy":"category","embeddable":true,"href":"http:\/\/www.korhanyilmaz.com\/index.php?rest_route=%2Fwp%2Fv2%2Fcategories&post=41478"},{"taxonomy":"post_tag","embeddable":true,"href":"http:\/\/www.korhanyilmaz.com\/index.php?rest_route=%2Fwp%2Fv2%2Ftags&post=41478"}],"curies":[{"name":"wp","href":"https:\/\/api.w.org\/{rel}","templated":true}]}}