{"id":41473,"date":"2011-10-21T10:23:12","date_gmt":"2011-10-21T07:23:12","guid":{"rendered":"http:\/\/www.korhanyilmaz.com\/?p=41473"},"modified":"2011-10-21T20:47:40","modified_gmt":"2011-10-21T17:47:40","slug":"hikmet-bilayi-kaybettik","status":"publish","type":"post","link":"http:\/\/www.korhanyilmaz.com\/?p=41473","title":{"rendered":"Hikmet Bila&#8217;y\u0131 kaybettik"},"content":{"rendered":"<p style=\"text-align: justify;\"><a href=\"http:\/\/www.korhanyilmaz.com\/wp-content\/uploads\/2011\/10\/9122.jpg\"  class=\"lightview\"><img loading=\"lazy\" decoding=\"async\" class=\"aligncenter size-full wp-image-41474\" title=\"\" src=\"http:\/\/www.korhanyilmaz.com\/wp-content\/uploads\/2011\/10\/9122.jpg\" alt=\"\" width=\"312\" height=\"165\" \/><\/a><\/p>\n<p style=\"text-align: justify;\">Bas\u0131n d\u00fcnyas\u0131 usta bir gazeteciyi daha kaybetti. Gazeteci-yazar Hikmet Bila, 57 ya\u015f\u0131nda hayata g\u00f6zlerini yumdu.<\/p>\n<p style=\"text-align: justify;\">Bir s\u00fcredir kanser tedavisi g\u00f6ren gazeteci Hikmet Bila, bu sabah Ankara&#8217;daki evinde hayat\u0131n\u0131 kaybetti.<\/p>\n<p style=\"text-align: justify;\">Hikmet Bila, yar\u0131n \u0130stanbul&#8217;da \u00f6\u011fle namaz\u0131n\u0131 m\u00fcteakip Te\u015fvikiye Camii&#8217;ndeki cenaze t\u00f6reninin ard\u0131ndan topra\u011fa verilecek.\u00a0<!--more--><\/p>\n<p style=\"text-align: justify;\">1954 y\u0131l\u0131nda Zonguldak&#8217;ta do\u011fan Hikmet Bila, Ankara \u00dcniversitesi Siyasal Bilgiler Fak\u00fcltesi Uluslararas\u0131 \u0130li\u015fkiler B\u00f6l\u00fcm\u00fc\u2019nden mezun olduktan sonra gazetecili\u011fe ba\u015flad\u0131.<\/p>\n<p style=\"text-align: justify;\">\u00d6nce Milliyet gazetesinde ard\u0131ndan Cumhuriyet gazetesinde 9 y\u0131l boyunca y\u00f6neticilik ve yazarl\u0131k yapan Bila, NTV haber merkezinde de y\u00f6neticilik g\u00f6revlerinde bulundu.<\/p>\n<p style=\"text-align: justify;\">Usta kalem, son olarak Vatan gazetesinde k\u00f6\u015fe yazarl\u0131\u011f\u0131 yap\u0131yordu.<\/p>\n<p style=\"text-align: justify;\"><a href=\"http:\/\/haber.gazetevatan.com\/hikmet-bilayi-kaybettik\/406268\/11\/Haber\" target=\"_blank\">Kaynak : VATAN Gazetesi<\/a><\/p>\n<p style=\"text-align: justify;\">\n","protected":false},"excerpt":{"rendered":"<p style=\"text-align: justify;\">\n<p style=\"text-align: justify;\">Bas\u0131n d\u00fcnyas\u0131 usta bir gazeteciyi daha kaybetti. Gazeteci-yazar Hikmet Bila, 57 ya\u015f\u0131nda hayata g\u00f6zlerini yumdu.<\/p>\n<p style=\"text-align: justify;\">Bir s\u00fcredir kanser tedavisi g\u00f6ren gazeteci Hikmet Bila, bu sabah Ankara&#8217;daki evinde hayat\u0131n\u0131 kaybetti.<\/p>\n<p style=\"text-align: justify;\">Hikmet Bila, yar\u0131n \u0130stanbul&#8217;da \u00f6\u011fle namaz\u0131n\u0131 m\u00fcteakip Te\u015fvikiye Camii&#8217;ndeki cenaze t\u00f6reninin ard\u0131ndan topra\u011fa verilecek. <\/p>\n","protected":false},"author":1,"featured_media":0,"comment_status":"open","ping_status":"open","sticky":false,"template":"","format":"standard","meta":{"footnotes":""},"categories":[105],"tags":[444],"class_list":["post-41473","post","type-post","status-publish","format-standard","hentry","category-gundem","tag-hikmet-bila","odd"],"_links":{"self":[{"href":"http:\/\/www.korhanyilmaz.com\/index.php?rest_route=\/wp\/v2\/posts\/41473","targetHints":{"allow":["GET"]}}],"collection":[{"href":"http:\/\/www.korhanyilmaz.com\/index.php?rest_route=\/wp\/v2\/posts"}],"about":[{"href":"http:\/\/www.korhanyilmaz.com\/index.php?rest_route=\/wp\/v2\/types\/post"}],"author":[{"embeddable":true,"href":"http:\/\/www.korhanyilmaz.com\/index.php?rest_route=\/wp\/v2\/users\/1"}],"replies":[{"embeddable":true,"href":"http:\/\/www.korhanyilmaz.com\/index.php?rest_route=%2Fwp%2Fv2%2Fcomments&post=41473"}],"version-history":[{"count":0,"href":"http:\/\/www.korhanyilmaz.com\/index.php?rest_route=\/wp\/v2\/posts\/41473\/revisions"}],"wp:attachment":[{"href":"http:\/\/www.korhanyilmaz.com\/index.php?rest_route=%2Fwp%2Fv2%2Fmedia&parent=41473"}],"wp:term":[{"taxonomy":"category","embeddable":true,"href":"http:\/\/www.korhanyilmaz.com\/index.php?rest_route=%2Fwp%2Fv2%2Fcategories&post=41473"},{"taxonomy":"post_tag","embeddable":true,"href":"http:\/\/www.korhanyilmaz.com\/index.php?rest_route=%2Fwp%2Fv2%2Ftags&post=41473"}],"curies":[{"name":"wp","href":"https:\/\/api.w.org\/{rel}","templated":true}]}}