{"id":41450,"date":"2011-10-21T14:33:21","date_gmt":"2011-10-21T11:33:21","guid":{"rendered":"http:\/\/www.korhanyilmaz.com\/?p=41450"},"modified":"2011-10-21T15:45:43","modified_gmt":"2011-10-21T12:45:43","slug":"ulke-kan-golune-donmus-onun-derdi-baska-bir-sey","status":"publish","type":"post","link":"http:\/\/www.korhanyilmaz.com\/?p=41450","title":{"rendered":"\u00dclke kan g\u00f6l\u00fcne d\u00f6nm\u00fc\u015f onun derdi ba\u015fka bir \u015fey!"},"content":{"rendered":"<p style=\"text-align: justify;\"><a href=\"http:\/\/www.korhanyilmaz.com\/wp-content\/uploads\/2011\/10\/9017.jpg\"  class=\"lightview\"><img loading=\"lazy\" decoding=\"async\" class=\"aligncenter size-full wp-image-41451\" title=\"\" src=\"http:\/\/www.korhanyilmaz.com\/wp-content\/uploads\/2011\/10\/9017.jpg\" alt=\"\" width=\"292\" height=\"278\" \/><\/a><\/p>\n<p style=\"text-align: justify;\">CHP Genel Ba\u015fkan\u0131 Kemal K\u0131l\u0131\u00e7daro\u011flu, h\u00fck\u00fcmetin ter\u00f6r sorununa \u00e7\u00f6z\u00fcm \u00fcretemedi\u011fini ileri s\u00fcrerek, &#8220;Sorunlar\u0131 \u00e7\u00f6zmek i\u00e7in iktidar olacaks\u0131n, sonra da kalkacaks\u0131n sanki yeni iktidar olmu\u015f gibi ba\u015flayacaks\u0131n muhalefeti su\u00e7lamaya&#8221; dedi.<\/p>\n<p style=\"text-align: justify;\">CHP Parti Meclisi (PM), Genel Ba\u015fkan K\u0131l\u0131\u00e7daro\u011flu ba\u015fkanl\u0131\u011f\u0131nda topland\u0131.\u00a0<!--more--><\/p>\n<p style=\"text-align: justify;\">K\u0131l\u0131\u00e7daro\u011flu, toplant\u0131n\u0131n a\u00e7\u0131l\u0131\u015f\u0131nda yapt\u0131\u011f\u0131 konu\u015fmada, ter\u00f6r olaylar\u0131n\u0131n son g\u00fcnlerde artt\u0131\u011f\u0131na dikkati \u00e7ekerek, iktidar\u0131n 9 y\u0131ld\u0131r \u00e7o\u011funlu\u011fu elinde bulundurmas\u0131na ra\u011fmen bu soruna \u00e7\u00f6z\u00fcm \u00fcretemedi\u011fini, tutarl\u0131 politikalar izlenmesi gerekirken &#8220;b\u00fcy\u00fck zikzaklar \u00e7izdi\u011fini&#8221; s\u00f6yledi.<\/p>\n<p style=\"text-align: justify;\">En son h\u00fck\u00fcmet program\u0131nda ter\u00f6r konusunun yer almad\u0131\u011f\u0131n\u0131 ifade eden K\u0131l\u0131\u00e7daro\u011flu, T\u00fcrkiye&#8217;nin en temel sorununun h\u00fck\u00fcmet program\u0131nda yer almamas\u0131n\u0131n anla\u015f\u0131lamaz oldu\u011funu, bunun halk\u0131yla yabanc\u0131la\u015fma anlam\u0131na geldi\u011fini savundu.<\/p>\n<p style=\"text-align: justify;\">Hakkari&#8217;nin \u00c7ukurca il\u00e7esindeki ter\u00f6r sald\u0131r\u0131s\u0131n\u0131n ard\u0131ndan Ba\u015fbakan Recep Tayyip Erdo\u011fan&#8217;\u0131n yapt\u0131\u011f\u0131 a\u00e7\u0131klamada, muhalefete y\u00f6nelik ele\u015ftirilerini hat\u0131rlatan K\u0131l\u0131\u00e7daro\u011flu, &#8220;Ba\u015fbakan\u0131n ilk yapt\u0131\u011f\u0131 i\u015flerden birisi muhalefeti su\u00e7lamak oldu. Daha biz konu\u015fmam\u0131\u015f\u0131z, bir \u015fey s\u00f6ylememi\u015fiz. Hepimiz \u00fcz\u00fcnt\u00fc i\u00e7indeyiz, beyefendinin yapt\u0131\u011f\u0131 muhalefeti su\u00e7lamak&#8221; diye konu\u015ftu.<\/p>\n<p style=\"text-align: justify;\"><strong>&#8220;Bask\u0131n\u0131n bir ba\u015fka \u015fekli&#8230;&#8221;\u00a0<\/strong><\/p>\n<p style=\"text-align: justify;\">Ba\u015fbakan Erdo\u011fan&#8217;\u0131n d\u00fcn bas\u0131n yay\u0131n kurulu\u015flar\u0131n\u0131n sahipleri ve genel yay\u0131n y\u00f6neticileriyle yapt\u0131\u011f\u0131 toplant\u0131y\u0131 da de\u011ferlendiren K\u0131l\u0131\u00e7daro\u011flu, \u015f\u00f6yle konu\u015ftu: &#8220;Bask\u0131n\u0131n bir ba\u015fka \u015fekli, sans\u00fcr\u00fcn bir ba\u015fka \u015fekli. Hadi genel yay\u0131n y\u00f6netmelerini \u00e7a\u011f\u0131rd\u0131n\u0131z, medya patronlar\u0131n\u0131n ne i\u015fi var orada. Hat\u0131rlars\u0131n\u0131z bir ara say\u0131n ba\u015fbakan demi\u015fti ki medya patronlar\u0131na &#8216;o k\u00f6\u015fe yazarlar\u0131 sizin \u00e7al\u0131\u015fan elemanlar\u0131n\u0131z de\u011fil mi? Onlar madem \u00f6yle yaz\u0131 yaz\u0131yorlar, sen sorumlususun. Konu\u015fturma onlar\u0131&#8217;. Bu toplant\u0131 onun ba\u015fka bir versiyonudur. Demokrasiye yak\u0131\u015fan bir tablo de\u011fildir bu tablo. Medya patronlar\u0131n\u0131 kar\u015f\u0131n\u0131za alacaks\u0131n\u0131z ve onlara dolayl\u0131 sans\u00fcr nas\u0131l uygulan\u0131r onu anlatacaks\u0131n\u0131z. Sonra da o toplant\u0131dan \u00e7\u0131kacaks\u0131n\u0131z yine CHP&#8217;ye sald\u0131racaks\u0131n\u0131z. Efendim neymi\u015f &#8216;\u015fehitlerimiz var CHP bizi sorumlu tutuyor&#8217;. Kimi sorumlu tutaca\u011f\u0131z, Almanya&#8217;y\u0131 m\u0131, Fransa&#8217;y\u0131 m\u0131, Rusya&#8217;y\u0131 m\u0131 sorumlu tutaca\u011f\u0131z? Onlar m\u0131 bu \u00fclkeyi y\u00f6netiyorlar. E\u011fer bu \u00fclkede bir h\u00fck\u00fcmet varsa sa\u011fl\u0131kl\u0131 \u00e7al\u0131\u015fan demokrasilerde, olumsuzluklar ger\u00e7ekle\u015fmi\u015fse, \u015fehitler varsa do\u011fal olarak siyaseten onu sorumlu tutacaks\u0131n\u0131z&#8230; Niye iktidar oldular? sorunlar\u0131 \u00e7\u00f6zmek i\u00e7in. Sorunlar\u0131 \u00e7\u00f6zmek i\u00e7in iktidar olacaks\u0131n, halktan oy isteyeceksin. Sonra da kalkacaks\u0131n sanki yeni iktidar olmu\u015f gibi ba\u015flayacaks\u0131n muhalefeti su\u00e7lamaya. Sonra d\u00f6n\u00fcp diyeceksin ki &#8216;muhalefet kolayc\u0131l\u0131k yap\u0131yor&#8217;. Kolayc\u0131l\u0131\u011f\u0131 sen yap\u0131yorsun say\u0131n ba\u015fbakan. Her t\u00fcrl\u00fc g\u00f6r\u00fc\u015fmeyi yapt\u0131n. Ni\u00e7in yapt\u0131n o g\u00f6r\u00fc\u015fmeleri? Se\u00e7imler s\u0131ras\u0131nda ter\u00f6r olaylar\u0131 olmas\u0131n diye. PKK \u00fc\u00e7 kez ate\u015fkes ilan etti. Senin g\u00f6r\u00fc\u015fmelerin sonunda o ate\u015fkes ilan edildi. Senin \u00f6zel temsilcin Oslo&#8217;da &#8216;Biz y\u00fczde 95 g\u00f6r\u00fc\u015f birli\u011fi sa\u011flad\u0131k&#8217; dedi. Nedir bu y\u00fczde 95? Bizim bilmeye hakk\u0131m\u0131z yok mu? O g\u00f6r\u00fc\u015fmelerde diyor ki &#8216;be\u011fenmedi\u011finiz valiler var m\u0131? Onu g\u00f6revden alal\u0131m&#8217;. Sen bu noktadas\u0131n say\u0131n ba\u015fbakan. Muhalefeti su\u00e7layaca\u011f\u0131na o metinleri bir oku bakal\u0131m.&#8221;<\/p>\n<p style=\"text-align: justify;\">Ba\u015fbakan Erdo\u011fan&#8217;\u0131n, Hakkari&#8217;nin \u00c7ukurca il\u00e7esindeki ter\u00f6r sald\u0131r\u0131s\u0131n\u0131n ard\u0131ndan d\u00fczenledi\u011fi bas\u0131n toplant\u0131s\u0131nda &#8220;bir davaya ili\u015fkin belgenin sahte olup olmad\u0131\u011f\u0131n\u0131&#8221; anlatt\u0131\u011f\u0131n\u0131 ifade eden K\u0131l\u0131\u00e7daro\u011flu, &#8220;Bu kadar d\u00fczeysiz, bu kadar s\u0131\u011f bir politika olabilir mi? \u00dclke kan g\u00f6l\u00fcne d\u00f6nm\u00fc\u015f onun derdi ba\u015fka bir \u015fey&#8221; dedi.<\/p>\n<p style=\"text-align: justify;\"><a href=\"http:\/\/www.cnnturk.com\/2011\/turkiye\/10\/21\/ulke.kan.golune.donmus.onun.derdi.baska.bir.sey\/633972.0\/index.html\" target=\"_blank\">Kaynak : CNN T\u00dcRK<\/a><\/p>\n","protected":false},"excerpt":{"rendered":"<p style=\"text-align: justify;\">\n<p style=\"text-align: justify;\">CHP Genel Ba\u015fkan\u0131 Kemal K\u0131l\u0131\u00e7daro\u011flu, h\u00fck\u00fcmetin ter\u00f6r sorununa \u00e7\u00f6z\u00fcm \u00fcretemedi\u011fini ileri s\u00fcrerek, &#8220;Sorunlar\u0131 \u00e7\u00f6zmek i\u00e7in iktidar olacaks\u0131n, sonra da kalkacaks\u0131n sanki yeni iktidar olmu\u015f gibi ba\u015flayacaks\u0131n muhalefeti su\u00e7lamaya&#8221; dedi.<\/p>\n<p style=\"text-align: justify;\">CHP Parti Meclisi (PM), Genel Ba\u015fkan K\u0131l\u0131\u00e7daro\u011flu ba\u015fkanl\u0131\u011f\u0131nda topland\u0131. <\/p>\n","protected":false},"author":1,"featured_media":0,"comment_status":"open","ping_status":"open","sticky":false,"template":"","format":"standard","meta":{"footnotes":""},"categories":[105],"tags":[],"class_list":["post-41450","post","type-post","status-publish","format-standard","hentry","category-gundem","odd"],"_links":{"self":[{"href":"http:\/\/www.korhanyilmaz.com\/index.php?rest_route=\/wp\/v2\/posts\/41450","targetHints":{"allow":["GET"]}}],"collection":[{"href":"http:\/\/www.korhanyilmaz.com\/index.php?rest_route=\/wp\/v2\/posts"}],"about":[{"href":"http:\/\/www.korhanyilmaz.com\/index.php?rest_route=\/wp\/v2\/types\/post"}],"author":[{"embeddable":true,"href":"http:\/\/www.korhanyilmaz.com\/index.php?rest_route=\/wp\/v2\/users\/1"}],"replies":[{"embeddable":true,"href":"http:\/\/www.korhanyilmaz.com\/index.php?rest_route=%2Fwp%2Fv2%2Fcomments&post=41450"}],"version-history":[{"count":0,"href":"http:\/\/www.korhanyilmaz.com\/index.php?rest_route=\/wp\/v2\/posts\/41450\/revisions"}],"wp:attachment":[{"href":"http:\/\/www.korhanyilmaz.com\/index.php?rest_route=%2Fwp%2Fv2%2Fmedia&parent=41450"}],"wp:term":[{"taxonomy":"category","embeddable":true,"href":"http:\/\/www.korhanyilmaz.com\/index.php?rest_route=%2Fwp%2Fv2%2Fcategories&post=41450"},{"taxonomy":"post_tag","embeddable":true,"href":"http:\/\/www.korhanyilmaz.com\/index.php?rest_route=%2Fwp%2Fv2%2Ftags&post=41450"}],"curies":[{"name":"wp","href":"https:\/\/api.w.org\/{rel}","templated":true}]}}