{"id":41442,"date":"2011-10-20T14:18:44","date_gmt":"2011-10-20T11:18:44","guid":{"rendered":"http:\/\/www.korhanyilmaz.com\/?p=41442"},"modified":"2011-10-20T21:38:40","modified_gmt":"2011-10-20T18:38:40","slug":"kaddafi-oldu-cesedi-misurataya-goturuldu","status":"publish","type":"post","link":"http:\/\/www.korhanyilmaz.com\/?p=41442","title":{"rendered":"&#8216;Kaddafi \u00f6ld\u00fc, cesedi Misurata&#8217;ya g\u00f6t\u00fcr\u00fcld\u00fc&#8217;"},"content":{"rendered":"<p style=\"text-align: center;\"><a href=\"http:\/\/www.korhanyilmaz.com\/wp-content\/uploads\/2011\/10\/9016.jpg\"  class=\"lightview\"><img loading=\"lazy\" decoding=\"async\" class=\"aligncenter  wp-image-41443\" src=\"http:\/\/www.korhanyilmaz.com\/wp-content\/uploads\/2011\/10\/9016.jpg\" alt=\"\" width=\"462\" height=\"210\" \/><\/a><\/p>\n<p style=\"text-align: justify;\">Libya&#8217;da \u015eubat ay\u0131nda ba\u015flayan ayaklanma neticesinde Bat\u0131&#8217;n\u0131n da deste\u011fiyle devrilen Muammer Kaddafi bug\u00fcn \u00f6ld\u00fcr\u00fcld\u00fc. Kaddafi&#8217;nin memleketi Sirte&#8217;de isyanc\u0131lar taraf\u0131ndan \u00f6ld\u00fcr\u00fcld\u00fc\u011f\u00fc a\u00e7\u0131kland\u0131. Kaddafi&#8217;nin bir drenaj borusunun i\u00e7inde saklan\u0131rken bulundu\u011fu \u00f6ne s\u00fcr\u00fcld\u00fc.<!--more--><\/p>\n<p style=\"text-align: justify;\">Libya Ulusal Ge\u00e7i\u015f Konseyi Mahmud Cibril d\u00fczenledi\u011fi bas\u0131n toplant\u0131s\u0131nda, &#8220;Bu an\u0131 \u00e7ok uzun zamand\u0131r bekliyorduk. Muammer Kaddafi \u00f6ld\u00fcr\u00fclm\u00fc\u015ft\u00fcr&#8221; dedi. Libya&#8217;y\u0131 42 y\u0131l demir yumrukla y\u00f6neten Kaddafi&#8217;nin cesedi Misurata&#8217;da bir camiye g\u00f6t\u00fcr\u00fcld\u00fc.<\/p>\n<p style=\"text-align: justify;\">Kaddafi, UGK g\u00fc\u00e7leri taraf\u0131ndan a\u011f\u0131r yaral\u0131 olarak ele ge\u00e7irildi. UGK yetkililerine g\u00f6re, baca\u011f\u0131ndan ve kafas\u0131ndan yaralanan Kaddafi, ambulansla g\u00f6t\u00fcr\u00fcl\u00fcrken yolda hayat\u0131n\u0131 kaybetti.<\/p>\n<p style=\"text-align: justify;\">Bir ba\u015fka iddiaya g\u00f6re ise Kaddafi bir kanalizasyon borusunun i\u00e7inde saklan\u0131rken bulundu ve UGK g\u00fc\u00e7leri ile girdi\u011fi silahl\u0131 \u00e7at\u0131\u015fma sonucunda \u00f6ld\u00fc. Kaddafi&#8217;nin yakalan\u0131rken, &#8220;Beni vurmay\u0131n! Beni vurmay\u0131n&#8221; dedi\u011fi de yay\u0131lan iddialar aras\u0131nda.<\/p>\n<p style=\"text-align: justify;\">AFP\/Getty Images ajanslar\u0131 da Kaddafi&#8217;nin yakalanma an\u0131na ait oldu\u011funu \u00f6ne s\u00fcrd\u00fc\u011f\u00fc bir foto\u011fraf servis etti. UGK askeri kanad\u0131n\u0131n s\u00f6zc\u00fcs\u00fc, s\u00f6z konusu foto\u011fraf\u0131n Kaddafi&#8217;ye ait oldu\u011funu ve yakalanmas\u0131 s\u0131ras\u0131nda cep telefonuyla \u00e7ekilen bir videodan al\u0131nm\u0131\u015f oldu\u011funu a\u00e7\u0131klad\u0131.<\/p>\n<p style=\"text-align: justify;\">El Cezire televizyonu da Kaddafi&#8217;nin cesedinin tartakland\u0131\u011f\u0131 g\u00f6r\u00fcnt\u00fcleri yay\u0131nlad\u0131. G\u00f6r\u00fcnt\u00fclerde, yerde yatan Kaddafi&#8217;ye Libyal\u0131lar\u0131n tekme att\u0131\u011f\u0131 ve \u00fczerindeki k\u0131yafetleri \u00e7eki\u015ftirdi\u011fi g\u00f6r\u00fcld\u00fc.<\/p>\n<p style=\"text-align: justify;\">[youtube]http:\/\/www.youtube.com\/watch?v=KJQUShElCzE[\/youtube]<\/p>\n<p style=\"text-align: justify;\"><strong>SAVUNMA BAKANI DA \u00d6LD\u00dcR\u00dcLD\u00dc<\/strong><\/p>\n<p style=\"text-align: justify;\">Yap\u0131lan a\u00e7\u0131klamalara g\u00f6re ayr\u0131ca, Kaddafi&#8217;ye ba\u011fl\u0131 g\u00fc\u00e7lerin komutanl\u0131\u011f\u0131n\u0131 yapan Kaddafi&#8217;nin Savunma Bakan\u0131 Ebu Bekir Yunus Cebr de operasyonda \u00f6ld\u00fcr\u00fcld\u00fc.<\/p>\n<p style=\"text-align: justify;\">Reuters haber ajans\u0131, Kaddafi&#8217;nin o\u011flu Mutass\u0131m Kaddafi&#8217;nin canl\u0131 ele ge\u00e7irildi\u011fini bildirirken, AFP ise cesedinin bulundu\u011funu belirtti. Bir di\u011fer o\u011flu Seyf\u00fclislam Kaddafi&#8217;nin de birka\u00e7 g\u00fcn \u00f6nce NATO&#8217;nun d\u00fczenledi\u011fi hava sald\u0131r\u0131s\u0131nda Beni Velid yak\u0131nlar\u0131nda \u00f6ld\u00fcr\u00fcld\u00fc\u011f\u00fc bildirildi.<\/p>\n<p style=\"text-align: justify;\">Kaddafi&#8217;nin \u00f6ld\u00fcr\u00fclmesi \u00fczerine Sirte, Trablus ve Bingazi&#8217;de binlerce ki\u015fi sokaklara d\u00f6k\u00fclerek kutlama yapmaya ba\u015flad\u0131.<\/p>\n<p style=\"text-align: justify;\">UGK g\u00fc\u00e7leri, Trablus&#8217;u ele ge\u00e7irdikten sonra Libya i\u00e7inde ilerlemeye devam etti. Son olarak Sirte kentinde \u015fiddetli \u00e7at\u0131\u015fmalar ya\u015fand\u0131. Kaddafi&#8217;nin kendisine ba\u011fl\u0131 askerlerle birlikte memleketi Sirte&#8217;ye s\u0131\u011f\u0131nm\u0131\u015f olabilece\u011fi \u00fczerinde duruluyordu.<\/p>\n<p style=\"text-align: justify;\">\u015eiddetli \u00e7at\u0131\u015fmalar\u0131n ve NATO&#8217;nun yo\u011fun bombard\u0131man\u0131n ard\u0131ndan UGK g\u00fc\u00e7lerinin bug\u00fcn Sirte&#8217;yi ele ge\u00e7irdi\u011fi ve ard\u0131ndan da Kaddafi&#8217;nin \u00f6ld\u00fcr\u00fcld\u00fc\u011f\u00fc a\u00e7\u0131kland\u0131.<\/p>\n<p style=\"text-align: justify;\"><strong>CESET MISURATA&#8217;DA<\/strong><\/p>\n<p style=\"text-align: justify;\">UGK yetkilisi Muhammed Abd\u00fcl Kafi, Kaddafi&#8217;nin cesedinin g\u00fcvenlik gerek\u00e7esiyle gizli tutulan bir yere g\u00f6t\u00fcr\u00fcld\u00fc\u011f\u00fcn\u00fc de ifade etti. El Arabiya televizyonu, Kaddafi&#8217;nin cesedinin Misurata&#8217;ya ula\u015ft\u0131\u011f\u0131n\u0131 ve cesedi g\u00f6r\u00fcnt\u00fclemesine izin verildi\u011fini duyurdu.<\/p>\n<p style=\"text-align: justify;\">Yap\u0131lan a\u00e7\u0131klamalara g\u00f6re ayr\u0131ca, Kaddafi&#8217;ye ba\u011fl\u0131 g\u00fc\u00e7lerin komutanl\u0131\u011f\u0131n\u0131 yapan Kaddafi&#8217;nin Savunma Bakan\u0131 Ebu Bekir Yunus Cebr de operasyonda \u00f6ld\u00fcr\u00fcld\u00fc. Kaddafi&#8217;nin \u00f6l\u00fc Mutass\u0131m Kaddafi&#8217;nin ise sa\u011f olarak ele ge\u00e7irildi\u011fi a\u00e7\u0131kland\u0131.<\/p>\n<p style=\"text-align: justify;\">S\u00f6z konusu bilgiler, UGK&#8217;n\u0131n farkl\u0131 yetkilileri taraf\u0131ndan yap\u0131lan a\u00e7\u0131klamalara dayan\u0131yor. \u015eu ana kadar Kaddafi&#8217;nin \u00f6ld\u00fc\u011f\u00fc bilgisi, NATO, ABD y\u00f6netimi ya da UGK liderli\u011fi taraf\u0131ndan teyit edilmi\u015f de\u011fil.<\/p>\n<p style=\"text-align: justify;\">UGK&#8217;nin daha \u00f6nce de Kaddafi&#8217;nin o\u011fullar\u0131n\u0131n yakalanmas\u0131 ve baz\u0131 \u015fehirlerin ele ge\u00e7irilmesiyle ilgili a\u00e7\u0131klamalar\u0131n\u0131n do\u011fru olmad\u0131\u011f\u0131n\u0131n ortaya \u00e7\u0131kmas\u0131 nedeniyle Kaddafi&#8217;nin \u00f6l\u00fcm\u00fcyle ilgili de\u011ferlendirmelere de temkinli yakla\u015f\u0131m s\u00fcr\u00fcyor.<\/p>\n<p style=\"text-align: justify;\">[youtube]http:\/\/www.youtube.com\/watch?v=r_nPcJRsYMQ[\/youtube]<\/p>\n<p style=\"text-align: justify;\"><strong>S\u0130RTE BUG\u00dcN D\u00dc\u015eT\u00dc<\/strong><\/p>\n<p style=\"text-align: justify;\">Libya&#8217;da UGK&#8217;ye ba\u011fl\u0131 g\u00fc\u00e7ler, Sirte&#8217;yi Kaddafi yanl\u0131lar\u0131ndan temizleyerek kentte kontrol\u00fc ele ge\u00e7irdi. Bu haber UGK&#8217;ye ba\u011fl\u0131 birliklerin sevin\u00e7 g\u00f6sterileriyle kar\u015f\u0131land\u0131.<\/p>\n<p style=\"text-align: justify;\"><strong>&#8220;KADDAF\u0130 \u00d6LD\u00dc, SAVA\u015e B\u0130TT\u0130&#8221;\u00a0<\/strong><\/p>\n<p style=\"text-align: justify;\">Avrupa Birli\u011fi Ba\u015fkan\u0131 Herman Van Rompuy Kaddafi\u2019nin \u00f6l\u00fcm\u00fcn\u00fcn \u201cdespotizm \u00e7a\u011f\u0131n\u0131n sonu\u201d oldu\u011funu s\u00f6yledi.<\/p>\n<p style=\"text-align: justify;\">Avrupa Komisyonu Ba\u015fkan\u0131 Jose Manuel Barroso ile ortak bir a\u00e7\u0131klama yapan Van Rompuy, UGK\u2019ye, Kaddafi\u2019nin \u00f6l\u00fcm\u00fcnden sonra geni\u015f kapsaml\u0131 bir uzla\u015fma s\u00fcreci ba\u015flatmaya davet etti.<\/p>\n<p style=\"text-align: justify;\">\u0130talya Ba\u015fbakan\u0131 Silvio Berlusconi&#8217;nin de Kaddafi&#8217;nin yakaland\u0131\u011f\u0131 haberlerinin gelmesinin ard\u0131ndan, &#8220;Ajanslar, Kaddafi&#8217;nin yakaland\u0131\u011f\u0131n\u0131 s\u00f6yl\u00fcyor. Bunun anlam\u0131; sava\u015f bitti&#8221; yorumunu yapt\u0131\u011f\u0131 bildirildi.<\/p>\n<p style=\"text-align: center;\"><a href=\"http:\/\/www.korhanyilmaz.com\/wp-content\/uploads\/2011\/10\/9015.jpg\"  class=\"lightview\"><img loading=\"lazy\" decoding=\"async\" class=\"aligncenter  wp-image-41444\" src=\"http:\/\/www.korhanyilmaz.com\/wp-content\/uploads\/2011\/10\/9015.jpg\" alt=\"\" width=\"424\" height=\"238\" \/><\/a><\/p>\n<p style=\"text-align: justify;\"><strong>YAKALANMA S\u00dcREC\u0130 B\u00d6YLE GEL\u0130\u015eT\u0130<\/strong><\/p>\n<p style=\"text-align: justify;\">Libya\u2019da Muammer Kaddafi kar\u015f\u0131t\u0131 g\u00f6sterilerin ba\u015flad\u0131\u011f\u0131 \u015fubat ay\u0131ndan bu yana olaylar\u0131n geli\u015fimi \u015f\u00f6yle oldu:<\/p>\n<p style=\"text-align: justify;\">15\/16 \u015eubat: \u0130nsan haklar\u0131 savunucusu Fethi Tarbel\u2019in tutuklanmas\u0131 Bingazi\u2019de olaylar\u0131n \u00e7\u0131kmas\u0131na neden oldu.<\/p>\n<p style=\"text-align: justify;\">24 \u015eubat: H\u00fck\u00fcmet kar\u015f\u0131t\u0131 g\u00fc\u00e7ler, Kaddafi\u2019nin askerlerini yendi ve k\u0131y\u0131 kenti Misrata\u2019n\u0131n kontrol\u00fcn\u00fc ele ge\u00e7irdi.<\/p>\n<p style=\"text-align: justify;\">26 \u015eubat: BM G\u00fcvenlik Konseyi, Kaddafi ve ailesine yapt\u0131r\u0131m uygulanaca\u011f\u0131n\u0131 a\u00e7\u0131klad\u0131.<\/p>\n<p style=\"text-align: justify;\">28 \u015eubat: AB \u00fclkeleri Kaddafi\u2019ye kar\u015f\u0131 yapt\u0131r\u0131m karar\u0131 ald\u0131.<\/p>\n<p style=\"text-align: justify;\">5 Mart: Bingazi\u2019de kurulan Ulusal Ge\u00e7i\u015f Konseyi (UGK), kendini Libya\u2019n\u0131n tek temsilcisi olarak ilan etti.<\/p>\n<p style=\"text-align: justify;\">17 Mart: BM G\u00fcvenlik Konseyi\u2019nde yap\u0131lan oylama sonucunda, Libya hava sahas\u0131nda u\u00e7u\u015fa yasak b\u00f6lge ilan edildi ve sivillerin Kaddafi\u2019nin ordusundan korunmas\u0131 amac\u0131yla askeri harekat karar\u0131 al\u0131nd\u0131.<\/p>\n<p style=\"text-align: justify;\">19 Mart: Kaddafi g\u00fc\u00e7lerine y\u00f6nelik d\u00fczenlenen ilk hava sald\u0131r\u0131s\u0131yla Kaddafi\u2019ye ba\u011fl\u0131 askerlerin Bingazi\u2019ye do\u011fru ilerleyi\u015fi durduruldu ve Libya\u2019n\u0131n hava savunma sistemleri hedef al\u0131nd\u0131.<\/p>\n<p style=\"text-align: justify;\">30 Nisan: NATO\u2019nun Trablus\u2019taki bir eve d\u00fczenledi\u011fi hava sald\u0131r\u0131s\u0131nda Kaddafi\u2019nin en k\u00fc\u00e7\u00fck o\u011flu ve \u00fc\u00e7 torunu \u00f6ld\u00fc.<\/p>\n<p style=\"text-align: justify;\">27 Haziran: Uluslararas\u0131 Ceza Mahkemesi, Kaddafi, o\u011flu Seyf\u00fclislam ve istihbarat \u015fefi Abdullah El Senusse i\u00e7in insanl\u0131\u011fa kar\u015f\u0131 su\u00e7 i\u015fledikleri gerek\u00e7esiyle yakalama emri \u00e7\u0131kard\u0131.<\/p>\n<p style=\"text-align: justify;\">21 A\u011fustos: Muhalif g\u00fc\u00e7ler ba\u015fkent Trablus\u2019a girdi.<\/p>\n<p style=\"text-align: justify;\">23 A\u011fustos: Muhalifler, Kaddafi\u2019nin Trablus\u2019taki Bab\u00fcl Aziziye karargah\u0131n\u0131 ele ge\u00e7irdi ve Kaddafi y\u00f6netiminin sembollerini yok etti.<\/p>\n<p style=\"text-align: justify;\">29 A\u011fustos: Kaddafi\u2019nin kar\u0131s\u0131, k\u0131z\u0131 Ay\u015fe ve o\u011fullar\u0131ndan ikisi Cezayir\u2019e gitti. Ay\u015fe Kaddafi s\u0131n\u0131r\u0131 ge\u00e7tikten birka\u00e7 saat sonra burada bir \u00e7ocuk d\u00fcnyaya getirdi.<\/p>\n<p style=\"text-align: justify;\">1 Eyl\u00fcl: Libya\u2019daki ge\u00e7i\u015f y\u00f6netimi, Paris\u2019te \u00fclkenin gelece\u011finin konu\u015fuldu\u011fu bir konferansta d\u00fcnya liderleriyle bulu\u015ftu. \u0130ktidara geli\u015finin 42. y\u0131l d\u00f6n\u00fcm\u00fcnde Kaddafi, kendisini destekleyenlerden m\u00fccadeleye devam etmelerini istedi.<\/p>\n<p style=\"text-align: justify;\">8 Eyl\u00fcl: Ge\u00e7i\u015f y\u00f6netiminin Y\u00fcr\u00fctme Kurulu Ba\u015fkan\u0131 Mahmud Cibril, kendilerine ba\u011fl\u0131 g\u00fc\u00e7ler taraf\u0131ndan ele ge\u00e7irlmesinin ard\u0131ndan ilk kez ba\u015fkent Trablus\u2019a gitti.<\/p>\n<p style=\"text-align: justify;\">11 Eyl\u00fcl: Libya, yeniden petrol \u00fcretmeye ba\u015flad\u0131. Nijerli yetkililer, Kaddafi\u2019nin o\u011flu Sadi\u2019nin \u00fclkelerine geldi\u011fini a\u00e7\u0131klad\u0131.<\/p>\n<p style=\"text-align: justify;\">13 Eyl\u00fcl: Ge\u00e7i\u015f y\u00f6netiminin ba\u015f\u0131nda bulunan Mustafa Abd\u00fclcelil, ba\u015fkent Trablus\u2019ta yakla\u015f\u0131k 10 bin ki\u015filik bir kalabal\u0131\u011fa ilk kez hitap etti.<\/p>\n<p style=\"text-align: justify;\">15 Eyl\u00fcl: Fransa Cumhurba\u015fkan\u0131 Nicolas Sarkozy ve \u0130ngiltere Ba\u015fbakan\u0131 David Cameron Libya\u2019y\u0131 ziyaret etti.<\/p>\n<p style=\"text-align: justify;\">16 Eyl\u00fcl: Ba\u015fbakan Recep Tayyip Erdo\u011fan Libya\u2019da Trablus ve Bingazi\u2019yi zeyaret ederek, Libya\u2019n\u0131n yeni y\u00f6netiminin temsilcileriyle g\u00f6r\u00fc\u015ft\u00fc. BM G\u00fcvenlik Konseyi, Libya\u2019ya y\u00f6nelik yapt\u0131r\u0131mlar\u0131 yumu\u015fatt\u0131. BM Genel Kurulu, ge\u00e7i\u015f y\u00f6netiminin temsilcilerini, Libya\u2019n\u0131n tek temsilcileri olarak g\u00f6ren bir karar ald\u0131.<\/p>\n<p style=\"text-align: justify;\">20 Eyl\u00fcl: ABD Ba\u015fkan\u0131 Barack Obama, ABD\u2019nin Libya B\u00fcy\u00fckel\u00e7isinin Libya\u2019ya d\u00f6nece\u011fini a\u00e7\u0131klad\u0131.<\/p>\n<p style=\"text-align: justify;\">21 Eyl\u00fcl: Muhalifler, Kaddafi\u2019ye ba\u011fl\u0131 g\u00fc\u00e7lerin direni\u015f g\u00f6sterdi\u011fi 3 b\u00fcy\u00fck kent olan Sabha\u2019n\u0131n ele ge\u00e7irildi\u011fini duyurdu. Sirte ve Beni Velid\u2019deki direni\u015f devam etti.<\/p>\n<p style=\"text-align: justify;\">25 Eyl\u00fcl: Libya, aylar sonra ilk kez petrol sevk\u0131yat\u0131na ba\u015flad\u0131.<\/p>\n<p style=\"text-align: justify;\">27 Eyl\u00fcl: NATO, UGK\u2019n\u0131n \u00fclkenin kimyasal silahlar\u0131n\u0131n ve n\u00fckleer malzemelerinin tamam\u0131n\u0131n kontrol\u00fcn\u00fc sa\u011flad\u0131\u011f\u0131n\u0131 bildirdi.<\/p>\n<p style=\"text-align: justify;\">12 Ekim: Kaddafi\u2019nin o\u011flu Mutas\u0131m, Sirte\u2019den ka\u00e7maya \u00e7al\u0131\u015f\u0131rken yakaland\u0131.<\/p>\n<p style=\"text-align: justify;\">13 Ekim: UGK g\u00fc\u00e7leri, Sirte\u2019nin &#8220;iki numara&#8221; denilen mahalle hari\u00e7 neredeyse tamamen ele ge\u00e7irildi\u011fini duyurdu.<\/p>\n<p style=\"text-align: justify;\">14 Ekim: Kaddafi yanl\u0131lar\u0131 ile UGK g\u00fc\u00e7leri aras\u0131nda ba\u015fkent Trablus\u2019ta \u00e7at\u0131\u015fma \u00e7\u0131kt\u0131. Yeni y\u00f6netim, Trablus\u2019un al\u0131nmas\u0131ndan sonra ba\u015fkentte ilk kez silahl\u0131 direni\u015fle kar\u015f\u0131la\u015ft\u0131.<\/p>\n<p style=\"text-align: justify;\">17 Ekim: Kaddafi\u2019nin son kalelerinden biri olan Beni Velid\u2019in de d\u00fc\u015ft\u00fc\u011f\u00fc ilan edildi. Suriye\u2019deki bir televizyon kanal\u0131, Kaddafi\u2019nin o\u011flu Hamis\u2019in 29 A\u011fustos\u2019ta ya\u015fanan \u00e7at\u0131\u015fmalarda \u00f6ld\u00fc\u011f\u00fcn\u00fc do\u011frulad\u0131.<\/p>\n<p style=\"text-align: justify;\">18 Ekim: ABD D\u0131\u015fi\u015fleri Bakan\u0131 Hillary Clinton, Libya\u2019ya s\u00fcrpriz bir ziyaret d\u00fczenledi ve Kaddafi kar\u015f\u0131t\u0131 g\u00fc\u00e7lere birle\u015fme \u00e7a\u011fr\u0131s\u0131 yapt\u0131.<\/p>\n<p style=\"text-align: justify;\">20 Ekim: UGK g\u00fc\u00e7leri, Kaddafi\u2019nin memleketi ve son kalesi olan Sirte\u2019ye iki ayl\u0131k ku\u015fatman\u0131n ard\u0131ndan ele ge\u00e7irdi.<\/p>\n<p style=\"text-align: justify;\"><strong>KADDAF\u0130 K\u0130MD\u0130R?<\/strong><\/p>\n<p style=\"text-align: justify;\">Libya&#8217;n\u0131n devrik lideri Muammer Kaddafi uzun bir d\u00f6nem Arap d\u00fcnyas\u0131n\u0131n \u00f6nemli liderlerinden biri oldu.<\/p>\n<p style=\"text-align: justify;\">Muammer Ebu Minyar el-Kaddafi, 7 Haziran 1942 tarihinde Akdeniz k\u0131y\u0131s\u0131ndaki Sirte \u015fehri yak\u0131nlar\u0131nda Bedevi bir ailenin \u00e7ocu\u011fu olarak d\u00fcnyaya geldi. Gen\u00e7 ya\u015flar\u0131nda M\u0131s\u0131r devlet ba\u015fkan\u0131 Cemal Abdul Nas\u0131r ve onun Arap sosyalizmi ve Arap ulus\u00e7ulu\u011funa dayal\u0131 ideolojisine hayranl\u0131k duyuyordu. Kaddafi, 1956 y\u0131l\u0131nda S\u00fcvey\u015f Krizi ya\u015fan\u0131rken \u0130srail kar\u015f\u0131t\u0131 protesto g\u00f6sterilerine kat\u0131l\u0131yordu.<\/p>\n<p style=\"text-align: justify;\">Libya \u00dcniversitesi Hukuk Fak\u00fcltesi Tarih B\u00f6l\u00fcm\u00fc&#8217;n\u00fc bitirdi (1963). Daha sonra Bingazi&#8217;deki Askeri Akademi&#8217;ye girdi. Okul arkada\u015flar\u0131yla birlikte, ileride \u00d6zg\u00fcr Subaylar Hareketi ad\u0131n\u0131 alacak gizli bir \u00f6rg\u00fct kurdu (1959). Mezun olduktan sonra \u0130ngiltere&#8217;ye giderek askeri alanda uzmanl\u0131k e\u011fitimi g\u00f6rd\u00fc (1966).<\/p>\n<p style=\"text-align: justify;\">1 Eyl\u00fcl 1969&#8217;da Muammer Kaddafi liderli\u011findeki gen\u00e7 subaylar, ile Kral \u0130dris&#8217;e kar\u015f\u0131 kans\u0131z bir darbe yapt\u0131lar. Darbe ger\u00e7ekle\u015fti\u011fi s\u0131rada Kral \u0130dris, T\u00fcrkiye&#8217;de, Bursa kapl\u0131calar\u0131nda tedavi g\u00f6r\u00fcyordu. Ye\u011feni veliaht El Rida radyo ile tahttan vazge\u00e7ti\u011fini bildirdi ve ev hapsine al\u0131nd\u0131. Monar\u015fi la\u011fvedildi ve yeni Libya Arap Cumhuriyeti ilan edildi.<\/p>\n<p style=\"text-align: justify;\">Hen\u00fcz 27 ya\u015f\u0131nda iktidara el koyan Muammer Kaddafi&#8217;nin \u00fcllkesi Libya, k\u0131sa zamanda Bat\u0131 kar\u015f\u0131t\u0131 gruplar i\u00e7in bir cennet haline geldi. Emperyalizm ile sava\u015fma iddias\u0131ndaki kimi \u00f6rg\u00fctler Libya&#8217;n\u0131n askeri ve finansal deste\u011fini arkas\u0131na ald\u0131.<\/p>\n<p style=\"text-align: justify;\">Darbeden sonra \u00fclkede denetimi ele ge\u00e7iren Devrim Komuta Konseyi ba\u015fkanl\u0131\u011f\u0131na getirilen Kaddafi, 1970&#8217;te ba\u015fbakanl\u0131k g\u00f6revini de \u00fcstlendi. Ayn\u0131 y\u0131l Libya&#8217;n\u0131n &#8220;\u00f6zg\u00fcr bir Arap demokratik cumhuriyeti&#8221; oldu\u011funu belirten yeni bir anayasa olu\u015fturarak, ABD&#8217;nin ve \u0130ngiltere&#8217;nin \u00fclkedeki askeri \u00fcslerini kapatt\u0131.<\/p>\n<p style=\"text-align: justify;\">Muammer Kaddafi, 20. y\u00fczy\u0131l\u0131n di\u011fer politik fig\u00fcrlerinin de ger\u00e7ekle\u015ftirdi\u011fi gibi, \u0130slam sosyalizmi olarak adland\u0131rd\u0131\u011f\u0131 siyasi felsefesini &#8220;Ye\u015fil Kitap&#8221; ad\u0131n\u0131 verdi\u011fi 1975-1979 aras\u0131nda \u00fc\u00e7 cilt halinde yay\u0131nlanan kitab\u0131 ile a\u00e7\u0131klad\u0131. Kaddafi, hem Marksizmden hem kapitalizmden ayr\u0131lan &#8220;evrensel \u00fc\u00e7\u00fcnc\u00fc yol&#8221; teorisini ortaya koyuyordu.<\/p>\n<p style=\"text-align: justify;\">Cemal Abdul Nas\u0131r&#8217;\u0131n Arap Birli\u011fi politikas\u0131n\u0131n ate\u015fli bir savunucusu olan Kaddafi, Nas\u0131r&#8217;\u0131n 28 Eyl\u00fcl 1970&#8217;de \u00f6l\u00fcm\u00fcn\u00fcn ard\u0131ndan Arap ulus\u00e7ulu\u011fu fikrinin ideolojik \u00f6nderi olmaya \u00e7al\u0131\u015ft\u0131. Kaddafi&#8217;nin Tunus ile birle\u015fme giri\u015fimi 1974&#8217;de ba\u015far\u0131s\u0131zl\u0131kla sonu\u00e7land\u0131. M\u0131s\u0131r ve Libya aras\u0131ndaki tam bir birle\u015fme sa\u011flama tasar\u0131s\u0131 ise, iki \u00fclkenin kar\u015f\u0131l\u0131kl\u0131 su\u00e7lamalar\u0131 nedeniyle ba\u015far\u0131s\u0131zl\u0131\u011fa u\u011frad\u0131. 1977&#8217;de bu \u00e7eki\u015fmeler silahl\u0131 bir \u00e7at\u0131\u015fmaya ve diplomatik ili\u015fkilerin kopmas\u0131na yol a\u00e7t\u0131.<\/p>\n<p style=\"text-align: justify;\">Kas\u0131m 1985&#8217;te CIA taraf\u0131ndan Kaddafi y\u00f6netimine kar\u015f\u0131 gizli operasyonlar yap\u0131ld\u0131\u011f\u0131 ortaya \u00e7\u0131kt\u0131. Roma ve Viyana&#8217;daki \u0130srail havayollar\u0131 b\u00fcrolar\u0131na Filistinlilerce (Ebu Nidal grubu) yap\u0131lan sald\u0131r\u0131lar\u0131n (Aral\u0131k 1985) Libya taraf\u0131ndan desteklendi\u011fini ileri s\u00fcren ABD, Libya&#8217;n\u0131n eylemlerinin ABD&#8217;nin ulusal g\u00fcvenli\u011fini ve d\u0131\u015f siyasetini tehdit etti\u011fini iddia etti.<\/p>\n<p style=\"text-align: justify;\">Kom\u015fu \u00fclkeler Tunus ve M\u0131s\u0131r&#8217;da 30&#8217;ar y\u0131ll\u0131k Bin Ali ve M\u00fcbarek iktidarlar\u0131n\u0131n son bulmas\u0131yla neticelenen halk hareketlerinin ard\u0131ndan, \u015eubat 2011&#8217;de Libya&#8217;da da Kaddafi iktidar\u0131n\u0131 sarsan kar\u0131\u015f\u0131kl\u0131klar ba\u015f g\u00f6sterdi. Libya&#8217;da \u00e7\u0131kan i\u00e7 sava\u015f\u0131n ard\u0131ndan 23 A\u011fustos 2011&#8217;de muhalifler Kaddafi&#8217;nin Trablus&#8217;taki Bab\u00fcl Aziziye karargah\u0131na girmeyi ba\u015fard\u0131.<\/p>\n<p style=\"text-align: justify;\">[youtube]http:\/\/www.youtube.com\/watch?v=STnj3uI0ZJc[\/youtube]<\/p>\n<p style=\"text-align: justify;\"><a href=\"http:\/\/www.gazeteport.com.tr\/haber\/58637\/kaddafi_oldu_cesedi_misurataya_goturuldu\" target=\"_blank\">Kaynak : GAZETEPORT<\/a><\/p>\n","protected":false},"excerpt":{"rendered":"<p style=\"text-align: center;\">\n<p style=\"text-align: justify;\">Libya&#8217;da \u015eubat ay\u0131nda ba\u015flayan ayaklanma neticesinde Bat\u0131&#8217;n\u0131n da deste\u011fiyle devrilen Muammer Kaddafi bug\u00fcn \u00f6ld\u00fcr\u00fcld\u00fc. Kaddafi&#8217;nin memleketi Sirte&#8217;de isyanc\u0131lar taraf\u0131ndan \u00f6ld\u00fcr\u00fcld\u00fc\u011f\u00fc a\u00e7\u0131kland\u0131. Kaddafi&#8217;nin bir drenaj borusunun i\u00e7inde saklan\u0131rken bulundu\u011fu \u00f6ne s\u00fcr\u00fcld\u00fc.<\/p>\n","protected":false},"author":1,"featured_media":0,"comment_status":"open","ping_status":"open","sticky":false,"template":"","format":"standard","meta":{"footnotes":""},"categories":[105],"tags":[],"class_list":["post-41442","post","type-post","status-publish","format-standard","hentry","category-gundem","odd"],"_links":{"self":[{"href":"http:\/\/www.korhanyilmaz.com\/index.php?rest_route=\/wp\/v2\/posts\/41442","targetHints":{"allow":["GET"]}}],"collection":[{"href":"http:\/\/www.korhanyilmaz.com\/index.php?rest_route=\/wp\/v2\/posts"}],"about":[{"href":"http:\/\/www.korhanyilmaz.com\/index.php?rest_route=\/wp\/v2\/types\/post"}],"author":[{"embeddable":true,"href":"http:\/\/www.korhanyilmaz.com\/index.php?rest_route=\/wp\/v2\/users\/1"}],"replies":[{"embeddable":true,"href":"http:\/\/www.korhanyilmaz.com\/index.php?rest_route=%2Fwp%2Fv2%2Fcomments&post=41442"}],"version-history":[{"count":0,"href":"http:\/\/www.korhanyilmaz.com\/index.php?rest_route=\/wp\/v2\/posts\/41442\/revisions"}],"wp:attachment":[{"href":"http:\/\/www.korhanyilmaz.com\/index.php?rest_route=%2Fwp%2Fv2%2Fmedia&parent=41442"}],"wp:term":[{"taxonomy":"category","embeddable":true,"href":"http:\/\/www.korhanyilmaz.com\/index.php?rest_route=%2Fwp%2Fv2%2Fcategories&post=41442"},{"taxonomy":"post_tag","embeddable":true,"href":"http:\/\/www.korhanyilmaz.com\/index.php?rest_route=%2Fwp%2Fv2%2Ftags&post=41442"}],"curies":[{"name":"wp","href":"https:\/\/api.w.org\/{rel}","templated":true}]}}