{"id":41439,"date":"2011-10-20T16:45:24","date_gmt":"2011-10-20T13:45:24","guid":{"rendered":"http:\/\/www.korhanyilmaz.com\/?p=41439"},"modified":"2011-10-20T21:26:58","modified_gmt":"2011-10-20T18:26:58","slug":"sinirler-gerildi-kufurler-havada-uctu","status":"publish","type":"post","link":"http:\/\/www.korhanyilmaz.com\/?p=41439","title":{"rendered":"Sinirler gerildi k\u00fcf\u00fcrler havada u\u00e7tu"},"content":{"rendered":"<p style=\"text-align: center;\"><a href=\"http:\/\/www.korhanyilmaz.com\/wp-content\/uploads\/2011\/10\/9014.jpg\"  class=\"lightview\"><img loading=\"lazy\" decoding=\"async\" class=\"aligncenter  wp-image-41440\" src=\"http:\/\/www.korhanyilmaz.com\/wp-content\/uploads\/2011\/10\/9014.jpg\" alt=\"\" width=\"462\" height=\"210\" \/><\/a><\/p>\n<p style=\"text-align: justify;\">Ter\u00f6r g\u00fcndemiyle toplanan Meclis Genel Kurulu\u2019nda sinirler gerildi, milletvekilleri birbirlerinin \u00fczerine y\u00fcr\u00fcd\u00fc, k\u00fcf\u00fcrler havada u\u00e7u\u015ftu. Genel Kurul Salonunda \u201ck\u00f6stebek\u201d, \u201cSus lan\u201d, \u201cterbiyesiz\u201d, \u201c\u015ferefsizler\u201d sesleri y\u00fckseldi.<!--more--><\/p>\n<p style=\"text-align: justify;\">ANKARA &#8211; Ter\u00f6r g\u00fcndemiyle toplanan Meclis Genel Kurulu\u2019nda sinirler gerildi, milletvekilleri birbirlerinin \u00fczerine y\u00fcr\u00fcd\u00fc, k\u00fcf\u00fcrler havada u\u00e7u\u015ftu. Genel Kurul Salonunda \u201ck\u00f6stebek\u201d, \u201cSus lan\u201d, \u201cterbiyesiz\u201d, \u201c\u015ferefsizler\u201d sesleri y\u00fckseldi.<\/p>\n<p style=\"text-align: justify;\">Meclis Genel Kurulu ter\u00f6rle ilgili Genel G\u00f6r\u00fc\u015fme \u00f6ncesi \u00f6n g\u00f6r\u00fc\u015fme i\u00e7in saat 14.00\u2019te topland\u0131. AKP, CHP, MHP ve BDP\u2019nin verdi\u011fi genel g\u00f6r\u00fc\u015fme \u00f6nergelerinin birle\u015ftirilerek g\u00f6r\u00fc\u015f\u00fclmesi kabul edildi. Ancak CHP ve MHP kapal\u0131 oturum yap\u0131lmas\u0131na kar\u015f\u0131 \u00e7\u0131kt\u0131. Bu arada CHP s\u0131ralar\u0131ndan \u201cK\u00f6stebek nerede\u201d sesleri y\u00fckseldi.<\/p>\n<p style=\"text-align: justify;\"><strong>\u201cBA\u015eBAKAN NEREDE\u201d SESLER\u0130<\/strong><\/p>\n<p style=\"text-align: justify;\">Genel g\u00f6r\u00fc\u015fmenin \u00f6n g\u00f6r\u00fc\u015fmesinin kapal\u0131 yap\u0131lmas\u0131na kar\u015f\u0131 \u00e7\u0131kan MHP Grup Ba\u015fkanvekili Oktay Vural, g\u00f6r\u00fc\u015fmelerin a\u00e7\u0131k yap\u0131lmas\u0131n\u0131 istedi. Oturumun a\u00e7\u0131k yap\u0131lmas\u0131n\u0131 talep eden CHP Grup Ba\u015fkanvekili Muharrem \u0130nce de, \u201cBa\u015fbakan burada yok. T\u00fcrkiye kan a\u011fl\u0131yor Say\u0131n Ba\u015fbakan nerede? Say\u0131n Ba\u015fbakan bilgi vermeli, Meclis\u2019i ciddiye almal\u0131. H\u00fck\u00fcmet burada kapal\u0131 oturum yapt\u0131\u011f\u0131nda yeni bilgiler yapacaksa kapal\u0131 oturum olur ama milletimiz yasak savma i\u015flerden, \u2018kan\u0131 yerde kalmayacak\u2019 s\u00f6ylemlerini duymak istemiyor. E\u011fer burada konu\u015fulanlar \u00f6zel temsilci arac\u0131l\u0131\u011f\u0131yla Oslo\u2019dan Kandil\u2019e ula\u015ft\u0131r\u0131lacaksa bunu milletimiz de duysun, neden 10 y\u0131l bekleyelim. \u0130srail bir askeri i\u00e7in bin Filistinliyi serbest b\u0131rak\u0131yorsa bu memleketin 25 tane gariban \u00e7ocu\u011funu al bayraklarla topra\u011fa g\u00f6merken parlamento burada olmal\u0131d\u0131r. Herkes \u015funu bilsin ki Be\u015fir Atalay\u2019\u0131 o k\u00fcrs\u00fcden konu\u015fturmayacakt\u0131r\u201d dedi.<\/p>\n<p style=\"text-align: justify;\"><strong>SALONDA TANS\u0130YON Y\u00dcKSELD\u0130, VEK\u0130LLER SIRA KAPAKLARINA VURDU<\/strong><\/p>\n<p style=\"text-align: justify;\">\u0130nce\u2019nin bu s\u00f6zleri tansiyonu y\u00fckseltti. AKP milletvekilleri s\u0131ralara vurarak tepki g\u00f6sterdi. CHP s\u0131ralar\u0131ndan ise alk\u0131\u015fla kar\u015f\u0131l\u0131k geldi.<\/p>\n<p style=\"text-align: justify;\">\u0130nce\u2019nin konu\u015fmas\u0131n\u0131n ard\u0131ndan AKP Grup Ba\u015fkanvekili Nurettin Canikli s\u00f6z ald\u0131. Canikli kapal\u0131 oturum istedi. Canikli konu\u015furken CHP s\u0131ralar\u0131ndan \u201cBa\u015fbakan nerede\u201d sesleri y\u00fckseldi. \u0130nce\u2019nin \u201cMilletten gizleyecek bir \u015feyimiz yok, Ba\u015fbakan nerede\u201d \u015feklinde s\u00f6zleri salonda tansiyonu y\u00fckseltti. AKP milletvekilleri s\u0131ra kapaklar\u0131na vurarak tepki g\u00f6sterdi. Bu arada CHP\u2019li \u0130nce \u201cBa\u015fbakan buraya gelecek\u201d diye y\u00fcksek sesle ba\u011f\u0131rd\u0131. \u0130nce, \u201cSorumluluk Ba\u015fbakan\u2019\u0131nd\u0131r. Ba\u015fbakan gelecek bu Meclis\u2019e hesap verecek. Millet her \u015feyi duysun\u201d deyince AKP\u2019li milletvekilleri aya\u011fa kalkt\u0131. Tart\u0131\u015fmalar \u00fczerine oturuma 10 dakika ara verildi.<\/p>\n<p style=\"text-align: justify;\"><strong>SAKIK, \u0130NCE\u2019N\u0130N \u00dcZER\u0130NE Y\u00dcR\u00dcD\u00dc<\/strong><\/p>\n<p style=\"text-align: justify;\">Arada da tart\u0131\u015fmalar devam etti. CHP ve BDP\u2019liler aras\u0131nda kar\u015f\u0131l\u0131kl\u0131 a\u011f\u0131z dala\u015f\u0131 ya\u015fand\u0131. BDP\u2019li S\u0131rr\u0131 Sak\u0131k, \u201cOtur yerine buray\u0131 \u015fov yerine d\u00f6n\u00fc\u015ft\u00fcrmeyin\u201d diyerek aya\u011fa kalk\u0131p CHP ve MHP\u2019li vekillere tepki g\u00f6sterdi. CHP\u2019li Ahmet Topta\u015f da aya\u011fa kalkarak, BDP s\u0131ralar\u0131na do\u011fru hareket etti. Ancak yan\u0131ndaki milletvekili arkada\u015flar\u0131 taraf\u0131ndan engellendi.<\/p>\n<p style=\"text-align: justify;\">BDP&#8217;li Sak\u0131k, tart\u0131\u015ft\u0131\u011f\u0131 CHP\u2019li milletvekillerini d\u0131\u015far\u0131 \u00e7a\u011f\u0131rd\u0131, CHP&#8217;li \u0130nce\u2019nin \u00fczerine y\u00fcr\u00fcd\u00fc. Ancak tart\u0131\u015fman\u0131n kavgaya d\u00f6n\u00fc\u015fmemesini Ba\u011f\u0131ms\u0131z Milletvekili Ahmet T\u00fcrk engelledi. Daha sonra salonda \u201cSus lan\u201d, Terbiyesiz\u201d, \u201c\u015eerefsizler\u201d sesleri duyuldu.<\/p>\n<p style=\"text-align: justify;\"><strong>AKP-CHP\u2019L\u0130 VEK\u0130LLER B\u0130RB\u0130R\u0130N\u0130N \u00dcZER\u0130NE Y\u00dcR\u00dcD\u00dc<\/strong><\/p>\n<p style=\"text-align: justify;\">Verilen arada da tansiyon d\u00fc\u015fmezken AKP ve CHP\u2019li milletvekilleri de birbirlerinin \u00fczerine y\u00fcr\u00fcd\u00fc. Ancak araya giren vekiller tart\u0131\u015fman\u0131n b\u00fcy\u00fcmesini engelledi. Verilen aradan sonra kapal\u0131 oturuma ge\u00e7ildi.<\/p>\n<p style=\"text-align: justify;\"><strong>KILI\u00c7DARO\u011eLU GENEL KURUL\u2019DA<\/strong><\/p>\n<p style=\"text-align: justify;\">CHP Genel Ba\u015fkan\u0131 Kemal K\u0131l\u0131\u00e7daro\u011flu g\u00f6r\u00fc\u015fmeleri genel kurul salonundan takip etti. MHP lideri Devlet Bah\u00e7eli Meclis\u2019e gelmedi. Bakanlar Kurulu\u2019nda Ba\u015fbakan Yard\u0131mc\u0131lar\u0131 B\u00fclent Ar\u0131n\u00e7, Be\u015fir Atalay, K\u00fclt\u00fcr ve Turizm Bakan\u0131 Ertu\u011frul G\u00fcnay, Milli Savunma Bakan\u0131 \u0130smet Y\u0131lmaz, \u00c7al\u0131\u015fma Bakan\u0131 Faruk \u00c7elik, Milli E\u011fitim \u00d6mer Din\u00e7er, \u0130\u00e7i\u015fleri Bakan\u0131 \u0130dris Naim \u015eahin, Maliye Bakan\u0131 Mehmet \u015eim\u015fek, AB Bakan\u0131 Egemen Ba\u011f\u0131\u015f, D\u0131\u015fi\u015fleri Bakan\u0131 Ahmet Davuto\u011flu yer ald\u0131.<\/p>\n<p style=\"text-align: justify;\">Ter\u00f6rle ilgili genel g\u00f6r\u00fc\u015fme 26 Ekim \u00c7ar\u015famba g\u00fcn\u00fc saat 14.00&#8217;de yap\u0131lacak.<\/p>\n<p style=\"text-align: justify;\"><a href=\"http:\/\/www.gazeteport.com.tr\/haber\/58664\/sinirler_gerildi_kufurler_havada_uctu\" target=\"_blank\">Kaynak : GAZETEPORT<\/a><\/p>\n","protected":false},"excerpt":{"rendered":"<p style=\"text-align: center;\">\n<p style=\"text-align: justify;\">Ter\u00f6r g\u00fcndemiyle toplanan Meclis Genel Kurulu\u2019nda sinirler gerildi, milletvekilleri birbirlerinin \u00fczerine y\u00fcr\u00fcd\u00fc, k\u00fcf\u00fcrler havada u\u00e7u\u015ftu. Genel Kurul Salonunda \u201ck\u00f6stebek\u201d, \u201cSus lan\u201d, \u201cterbiyesiz\u201d, \u201c\u015ferefsizler\u201d sesleri y\u00fckseldi.<\/p>\n","protected":false},"author":1,"featured_media":0,"comment_status":"open","ping_status":"open","sticky":false,"template":"","format":"standard","meta":{"footnotes":""},"categories":[105],"tags":[],"class_list":["post-41439","post","type-post","status-publish","format-standard","hentry","category-gundem","odd"],"_links":{"self":[{"href":"http:\/\/www.korhanyilmaz.com\/index.php?rest_route=\/wp\/v2\/posts\/41439","targetHints":{"allow":["GET"]}}],"collection":[{"href":"http:\/\/www.korhanyilmaz.com\/index.php?rest_route=\/wp\/v2\/posts"}],"about":[{"href":"http:\/\/www.korhanyilmaz.com\/index.php?rest_route=\/wp\/v2\/types\/post"}],"author":[{"embeddable":true,"href":"http:\/\/www.korhanyilmaz.com\/index.php?rest_route=\/wp\/v2\/users\/1"}],"replies":[{"embeddable":true,"href":"http:\/\/www.korhanyilmaz.com\/index.php?rest_route=%2Fwp%2Fv2%2Fcomments&post=41439"}],"version-history":[{"count":0,"href":"http:\/\/www.korhanyilmaz.com\/index.php?rest_route=\/wp\/v2\/posts\/41439\/revisions"}],"wp:attachment":[{"href":"http:\/\/www.korhanyilmaz.com\/index.php?rest_route=%2Fwp%2Fv2%2Fmedia&parent=41439"}],"wp:term":[{"taxonomy":"category","embeddable":true,"href":"http:\/\/www.korhanyilmaz.com\/index.php?rest_route=%2Fwp%2Fv2%2Fcategories&post=41439"},{"taxonomy":"post_tag","embeddable":true,"href":"http:\/\/www.korhanyilmaz.com\/index.php?rest_route=%2Fwp%2Fv2%2Ftags&post=41439"}],"curies":[{"name":"wp","href":"https:\/\/api.w.org\/{rel}","templated":true}]}}