{"id":41434,"date":"2011-10-20T20:16:28","date_gmt":"2011-10-20T17:16:28","guid":{"rendered":"http:\/\/www.korhanyilmaz.com\/?p=41434"},"modified":"2011-10-21T20:48:14","modified_gmt":"2011-10-21T17:48:14","slug":"recep-yazicioglunun-esi-hayatini-kaybetti","status":"publish","type":"post","link":"http:\/\/www.korhanyilmaz.com\/?p=41434","title":{"rendered":"Recep Yaz\u0131c\u0131o\u011flu&#8217;nun e\u015fi hayat\u0131n\u0131 kaybetti"},"content":{"rendered":"<p style=\"text-align: center;\"><a href=\"http:\/\/www.korhanyilmaz.com\/wp-content\/uploads\/2011\/10\/9013.jpg\"  class=\"lightview\"><img loading=\"lazy\" decoding=\"async\" class=\"aligncenter  wp-image-41435\" src=\"http:\/\/www.korhanyilmaz.com\/wp-content\/uploads\/2011\/10\/9013.jpg\" alt=\"\" width=\"290\" height=\"217\" \/><\/a><\/p>\n<p style=\"text-align: justify;\">Merhum Vali Recep Yaz\u0131c\u0131o\u011flu&#8217;nun e\u015fi Meryem Yaz\u0131c\u0131o\u011flu, tedavi g\u00f6rd\u00fc\u011f\u00fc hastanede vefat etti.<\/p>\n<p style=\"text-align: justify;\">Ankara- Dola\u015f\u0131m bozuklu\u011fu nedeniyle kald\u0131r\u0131ld\u0131\u011f\u0131 \u00d6zel TDV 29 May\u0131s Hastanesi yo\u011fun bak\u0131m servisinde yatan Yaz\u0131c\u0131o\u011flu, ak\u015fam saatlerinde ya\u015fam\u0131n\u0131 yitirdi.\u00a0<!--more--><\/p>\n<p style=\"text-align: justify;\">Meryem Yaz\u0131c\u0131o\u011flu&#8217;nun cenazesinin, yar\u0131n Ayd\u0131n&#8217;\u0131n S\u00f6ke il\u00e7esinde e\u015fi merhum vali Recep Yaz\u0131c\u0131o\u011flu&#8217;nun yan\u0131nda topra\u011fa verilece\u011fi \u00f6\u011frenildi.<\/p>\n<p style=\"text-align: justify;\">Recep Yaz\u0131c\u0131o\u011flu&#8217;nun karde\u015fi Prof. Dr. Mustafa Said Yaz\u0131c\u0131o\u011flu, Meryem Yac\u0131o\u011flu&#8217;nun 11 g\u00fcnd\u00fcr ya\u015fam m\u00fccadelesi verdi\u011fini belirterek, &#8221;Hastanede bulundu\u011fumuz s\u00fcre i\u00e7inde doktorlar yeniden sa\u011fl\u0131\u011f\u0131na kavu\u015fabilmesi i\u00e7in ellerinden geleni yapt\u0131. Yo\u011fun \u015fekilde \u00e7aba harcad\u0131lar. Hepsine m\u00fcte\u015fekkiriz. Ama ne yaz\u0131k ki bug\u00fcn Meryem Han\u0131m&#8217;\u0131 kaybettik. Her zaman \u00e7ok \u00f6zledi\u011fini ifade etti\u011fi e\u015finin yan\u0131na gitti. Orada mutlu ve huzur i\u00e7inde olaca\u011f\u0131na inan\u0131yoruz&#8221; diye konu\u015ftu.<\/p>\n<p style=\"text-align: justify;\"><a href=\"http:\/\/www.cumhuriyet.com.tr\/?hn=287050\" target=\"_blank\">Kaynak : Cumhuriyet Haber Portal\u0131<\/a><\/p>\n","protected":false},"excerpt":{"rendered":"<p style=\"text-align: center;\">\n<p style=\"text-align: justify;\">Merhum Vali Recep Yaz\u0131c\u0131o\u011flu&#8217;nun e\u015fi Meryem Yaz\u0131c\u0131o\u011flu, tedavi g\u00f6rd\u00fc\u011f\u00fc hastanede vefat etti.<\/p>\n<p style=\"text-align: justify;\">Ankara- Dola\u015f\u0131m bozuklu\u011fu nedeniyle kald\u0131r\u0131ld\u0131\u011f\u0131 \u00d6zel TDV 29 May\u0131s Hastanesi yo\u011fun bak\u0131m servisinde yatan Yaz\u0131c\u0131o\u011flu, ak\u015fam saatlerinde ya\u015fam\u0131n\u0131 yitirdi. <\/p>\n","protected":false},"author":1,"featured_media":0,"comment_status":"open","ping_status":"open","sticky":false,"template":"","format":"standard","meta":{"footnotes":""},"categories":[105],"tags":[],"class_list":["post-41434","post","type-post","status-publish","format-standard","hentry","category-gundem","odd"],"_links":{"self":[{"href":"http:\/\/www.korhanyilmaz.com\/index.php?rest_route=\/wp\/v2\/posts\/41434","targetHints":{"allow":["GET"]}}],"collection":[{"href":"http:\/\/www.korhanyilmaz.com\/index.php?rest_route=\/wp\/v2\/posts"}],"about":[{"href":"http:\/\/www.korhanyilmaz.com\/index.php?rest_route=\/wp\/v2\/types\/post"}],"author":[{"embeddable":true,"href":"http:\/\/www.korhanyilmaz.com\/index.php?rest_route=\/wp\/v2\/users\/1"}],"replies":[{"embeddable":true,"href":"http:\/\/www.korhanyilmaz.com\/index.php?rest_route=%2Fwp%2Fv2%2Fcomments&post=41434"}],"version-history":[{"count":0,"href":"http:\/\/www.korhanyilmaz.com\/index.php?rest_route=\/wp\/v2\/posts\/41434\/revisions"}],"wp:attachment":[{"href":"http:\/\/www.korhanyilmaz.com\/index.php?rest_route=%2Fwp%2Fv2%2Fmedia&parent=41434"}],"wp:term":[{"taxonomy":"category","embeddable":true,"href":"http:\/\/www.korhanyilmaz.com\/index.php?rest_route=%2Fwp%2Fv2%2Fcategories&post=41434"},{"taxonomy":"post_tag","embeddable":true,"href":"http:\/\/www.korhanyilmaz.com\/index.php?rest_route=%2Fwp%2Fv2%2Ftags&post=41434"}],"curies":[{"name":"wp","href":"https:\/\/api.w.org\/{rel}","templated":true}]}}