{"id":41429,"date":"2011-10-20T18:10:46","date_gmt":"2011-10-20T15:10:46","guid":{"rendered":"http:\/\/www.korhanyilmaz.com\/?p=41429"},"modified":"2011-10-20T21:20:45","modified_gmt":"2011-10-20T18:20:45","slug":"basbakanliktan-sinirli-davet","status":"publish","type":"post","link":"http:\/\/www.korhanyilmaz.com\/?p=41429","title":{"rendered":"&#8216;Ba\u015fbakanl\u0131k&#8217;tan s\u0131n\u0131rl\u0131 davet&#8217;"},"content":{"rendered":"<p style=\"text-align: center;\"><a href=\"http:\/\/www.korhanyilmaz.com\/wp-content\/uploads\/2011\/10\/9012.jpg\"  class=\"lightview\"><img loading=\"lazy\" decoding=\"async\" class=\"aligncenter  wp-image-41430\" src=\"http:\/\/www.korhanyilmaz.com\/wp-content\/uploads\/2011\/10\/9012.jpg\" alt=\"\" width=\"322\" height=\"241\" \/><\/a><\/p>\n<p style=\"text-align: justify;\">Ba\u015fbakan Erdo\u011fan, bas\u0131n yay\u0131n kurulu\u015flar\u0131n\u0131n sahipleri ve genel yay\u0131n y\u00f6netmenleriyle bir araya gelerek ter\u00f6r konusunda izlenecek politikay\u0131 konu\u015ftu. Ba\u015fbakanl\u0131k Resmi Konutu&#8217;ndaki toplant\u0131ya, Cumhuriyet, S\u00f6zc\u00fc, Yeni\u00e7a\u011f ve Ayd\u0131nl\u0131k\u2019\u0131n da aralar\u0131nda bulundu\u011fu baz\u0131 medya kurulu\u015flar\u0131 davet edilmedi.\u00a0<!--more--><\/p>\n<p style=\"text-align: justify;\">Ankara B\u00fcro- Ba\u015fbakan Recep Tayyip Erdo\u011fan, Ba\u015fbakanl\u0131k Resmi Konutu\u2019nda bas\u0131n yay\u0131n kurulu\u015flar\u0131n\u0131n sahipleri ve genel yay\u0131n y\u00f6netmenleriyle bir araya geldi. Ancak toplant\u0131ya aralar\u0131nda Cumhuriyet, S\u00f6zc\u00fc, Ayd\u0131nl\u0131k ve Yeni\u00e7a\u011f gazeteleriyle Beyaz Tv, Kanal A\u2019n\u0131n da aralar\u0131nda bulundu\u011fu baz\u0131 televizyon kanallar\u0131 davet edilmedi. Buna kar\u015f\u0131n Akit, Yeni\u015fafak, Taraf gazeteleri toplant\u0131da yer ald\u0131. Toplant\u0131n\u0131n ard\u0131ndan yapt\u0131\u011f\u0131 a\u00e7\u0131klamada ter\u00f6rle m\u00fccadele konusunda son durumu aktard\u0131klar\u0131n\u0131, ayr\u0131ca ter\u00f6r-medya ili\u015fkisi \u00fczerine de\u011ferlendirmelerin payla\u015f\u0131ld\u0131\u011f\u0131n\u0131 belirten Erdo\u011fan, medya mensuplar\u0131n\u0131n sorular\u0131n\u0131, yorumlar\u0131n\u0131, \u00f6nerilerini ve ele\u015ftirilerini ilettiklerini anlatt\u0131. Erdo\u011fan, not ettikleri bu g\u00f6r\u00fc\u015fler ile yeni bir s\u00fcreci bu d\u00f6nemde ba\u015flatmak istediklerini bildirdi. Ter\u00f6rle m\u00fccadelenin millet olarak topyek\u00fcn uyum ve koordinasyon i\u00e7erisinde y\u00fcr\u00fct\u00fclmesi gereken bir m\u00fccadele oldu\u011funun alt\u0131n\u0131 \u00e7izen Erdo\u011fan, ter\u00f6r\u00fcn milli ve siyaset \u00fcst\u00fc bir mesele oldu\u011funu, \u00e7\u00f6z\u00fcm\u00fcn de ayn\u0131 \u015fekilde milli ve siyaset \u00fczeri olmas\u0131 gerekti\u011fini s\u00f6yledi.<\/p>\n<p style=\"text-align: justify;\"><strong>Muhalefeti sert bir dille ele\u015ftirdi\u00a0<\/strong><\/p>\n<p style=\"text-align: justify;\">Ter\u00f6rle m\u00fccadele eden ve ba\u015far\u0131 sa\u011flayan \u00fclkelerde siyasetin, devlet kurumlar\u0131n\u0131n, \u00fcniversitelerin, medyan\u0131n, sivil toplum \u00f6rg\u00fctlerinin ve ilgili t\u00fcm kesimlerin bir uzla\u015f\u0131 i\u00e7erisinde hareket etti\u011finin g\u00f6r\u00fclebilece\u011fini anlatan Erdo\u011fan, ortak m\u00fccadele i\u00e7in her f\u0131rsatta \u00e7a\u011fr\u0131 yapt\u0131klar\u0131n\u0131 kaydetti. Erdo\u011fan, \u015funlar\u0131 s\u00f6yledi:<\/p>\n<p style=\"text-align: justify;\">\u201cBurada rekabet olmaz, istismar olmaz. Burada \u2018nas\u0131l f\u0131rsat yakalar\u0131z\u2019 b\u00f6yle bir d\u00fc\u015f\u00fcnce olmaz. Ne var ki muhalefet partilerinin farkl\u0131, alternatif, yap\u0131c\u0131 ve makul \u00e7\u00f6z\u00fcm \u00f6nerileri getirmek samimi destek vermek yerine ter\u00f6r eylemlerini h\u00fck\u00fcmete sald\u0131r\u0131 i\u00e7in bir f\u0131rsat olarak kulland\u0131klar\u0131na \u015fahit oluyoruz. D\u00fcn (\u00f6nceki g\u00fcn) ortaya \u00e7\u0131kan manzaray\u0131 ben sizlerin ve azizi milletimin takdirine havale ediyorum. Hepimiz ger\u00e7ekten b\u00fcy\u00fck bir \u00fcz\u00fcnt\u00fc i\u00e7erisindeyken siyasi parti y\u00f6neticilerinin \u00e7\u0131k\u0131p ayn\u0131 ezberleri tekrar etmeleri, ac\u0131 hadiseyi bir siyasi f\u0131rsata \u00e7evirme gayretine girmeleri son derece vahimdir.\u201d<\/p>\n<p style=\"text-align: justify;\">CHP Genel Ba\u015fkan\u0131 Kemal K\u0131l\u0131\u00e7daro\u011flu\u2019nun \u00f6nceki g\u00fcn h\u00fck\u00fcmeti istifaya \u00e7a\u011f\u0131rd\u0131\u011f\u0131 bas\u0131n toplant\u0131s\u0131n\u0131 ele\u015ftiren Erdo\u011fan, \u201c12 Eyl\u00fcl halk oylamas\u0131n\u0131n sonu\u00e7lar\u0131 ortadayken, 12 Haziran se\u00e7imlerinin \u00fczerinden hen\u00fcz d\u00f6rt ay ge\u00e7mi\u015fken H\u00fck\u00fcmeti istifaya davet etmek, en hafif de\u011fimiyle f\u0131rsat\u00e7\u0131l\u0131kt\u0131r\u201d dedi.<\/p>\n<p style=\"text-align: justify;\">MHP\u2019nin, \u201ctahrik edici ve istismarc\u0131 \u00fcslubunu bir kez daha sergiledi\u011fini ve yang\u0131na k\u00f6r\u00fckle gitme politikas\u0131n\u0131 tekrarlad\u0131\u011f\u0131n\u0131\u201d savunan Erdo\u011fan, BDP\u2019nin de ter\u00f6r \u00f6rg\u00fct\u00fcn\u00fc k\u0131nayamad\u0131\u011f\u0131n\u0131 s\u00f6yledi.<\/p>\n<p style=\"text-align: justify;\"><strong>\u2018Mesafe koymayanlar ellerindeki lekeyi temizleyemez\u2019\u00a0<\/strong><\/p>\n<p style=\"text-align: justify;\">BDP\u2019nin art\u0131k ter\u00f6r \u00f6rg\u00fct\u00fcyle aras\u0131na mesafe koymas\u0131 gerekti\u011finin alt\u0131n\u0131 \u00e7izen Erdo\u011fan, \u015f\u00f6yle devam etti:<\/p>\n<p style=\"text-align: justify;\">\u201cY\u0131llard\u0131r \u2018faili me\u00e7hul\u2019 diyorlar, buyursunlar ter\u00f6r \u00f6rg\u00fct\u00fcn\u00fcn infaz etti\u011fi militanlar\u0131n faillerinin pe\u015fine d\u00fc\u015fs\u00fcnler. Y\u0131llard\u0131r \u2018demokrasi\u2019 diyorlar ter\u00f6r \u00f6rg\u00fct\u00fc taraf\u0131ndan susturulan, sindirilen sanat\u00e7\u0131lara, yazarlara, ayd\u0131nlara bunu izah etsinler. Y\u0131llard\u0131r \u2018bar\u0131\u015f\u2019 diyorlar, buyursunlar o bar\u0131\u015f\u0131 annesinin karn\u0131ndaki bebe\u011fe, d\u00f6rt ya\u015f\u0131ndaki \u00e7ocu\u011fa ekmek paras\u0131 kazanmak i\u00e7in ter d\u00f6ken i\u015f\u00e7iye, sabah namaz\u0131 \u00f6ncesi \u00f6ld\u00fcr\u00fclen imama ve yak\u0131nlar\u0131na, bir araban\u0131n i\u00e7erisinde onlarca kur\u015funla katledilen d\u00f6rt k\u0131z\u0131m\u0131z\u0131n annesine anlats\u0131nlar. Kanla aras\u0131na mesafe koyamayanlar, ellerindeki y\u00fczlerindeki o kan lekesini ebediyen temizleyemezler, temizleyemeyeceklerdir.\u201d<\/p>\n<p style=\"text-align: justify;\"><strong>\u2018Haks\u0131zl\u0131k kar\u015f\u0131s\u0131nda susan dilsiz \u015feytand\u0131r\u2019\u00a0<\/strong><\/p>\n<p style=\"text-align: justify;\">Gelinen noktada art\u0131k K\u00fcrt annelerin, ayd\u0131nlar\u0131n, yazarlar\u0131n ve sanat\u00e7\u0131lar\u0131n seslerini y\u00fckseltmeleri gerekti\u011fini vurgulayan Erdo\u011fan, \u201cSusmak onaylamakt\u0131r. de\u011ferli arkada\u015flar\u0131m, has\u0131zl\u0131k kar\u015f\u0131s\u0131nda susan dilsiz \u015feytand\u0131r\u201d dedi. Bu s\u00fcre\u00e7te en \u00f6nemli g\u00f6revlerden birinin de medyaya d\u00fc\u015ft\u00fc\u011f\u00fcn\u00fc belirten Erdo\u011fan, medyan\u0131n ter\u00f6r sald\u0131r\u0131lar\u0131 kar\u015f\u0131s\u0131nda sorumlu hareket etti\u011fini, ancak bu hassasiyetin daha da y\u00fckselmesini istediklerini ifade etti. IRA ter\u00f6r \u00f6rg\u00fct\u00fc kar\u015f\u0131s\u0131nda \u0130ngiltere eski Ba\u015fbakan\u0131 Margaret Teacher\u2019in \u201cPropaganda ter\u00f6r\u00fcn oksijenidir\u201d ifadesini kulland\u0131\u011f\u0131n\u0131 anlatan Erdo\u011fan, medyan\u0131n bilerek ya da bilmeyerek ter\u00f6r\u00fcn propagandas\u0131n\u0131 yapmamas\u0131 gerekti\u011fini medya temsilcilerine iletti\u011fini s\u00f6yledi. Bug\u00fcn i\u00e7in medyaya y\u00f6nelik bir m\u00fcdahaleyi d\u00fc\u015f\u00fcnmediklerini ve bunu do\u011fru bulmad\u0131klar\u0131n\u0131 belirten Erdo\u011fan, \u201cBiz otokontrol yoluyla milli bir meselede medyan\u0131n da milli bir duru\u015f sergilemesinin m\u00fccadeleye g\u00fc\u00e7 kataca\u011f\u0131na inan\u0131yoruz\u201d dedi.<\/p>\n<p style=\"text-align: justify;\"><a href=\"http:\/\/www.cumhuriyet.com.tr\/?hn=286882&amp;kw=Ba%FEbakan%2C+medya+y%F6neticileriyle+g%F6r%FC%FEecek\" target=\"_blank\">Kaynak : Cumhuriyet Haber Portal\u0131<\/a><\/p>\n","protected":false},"excerpt":{"rendered":"<p style=\"text-align: center;\">\n<p style=\"text-align: justify;\">Ba\u015fbakan Erdo\u011fan, bas\u0131n yay\u0131n kurulu\u015flar\u0131n\u0131n sahipleri ve genel yay\u0131n y\u00f6netmenleriyle bir araya gelerek ter\u00f6r konusunda izlenecek politikay\u0131 konu\u015ftu. Ba\u015fbakanl\u0131k Resmi Konutu&#8217;ndaki toplant\u0131ya, Cumhuriyet, S\u00f6zc\u00fc, Yeni\u00e7a\u011f ve Ayd\u0131nl\u0131k\u2019\u0131n da aralar\u0131nda bulundu\u011fu baz\u0131 medya kurulu\u015flar\u0131 davet edilmedi. <\/p>\n","protected":false},"author":1,"featured_media":0,"comment_status":"open","ping_status":"open","sticky":false,"template":"","format":"standard","meta":{"footnotes":""},"categories":[105],"tags":[],"class_list":["post-41429","post","type-post","status-publish","format-standard","hentry","category-gundem","odd"],"_links":{"self":[{"href":"http:\/\/www.korhanyilmaz.com\/index.php?rest_route=\/wp\/v2\/posts\/41429","targetHints":{"allow":["GET"]}}],"collection":[{"href":"http:\/\/www.korhanyilmaz.com\/index.php?rest_route=\/wp\/v2\/posts"}],"about":[{"href":"http:\/\/www.korhanyilmaz.com\/index.php?rest_route=\/wp\/v2\/types\/post"}],"author":[{"embeddable":true,"href":"http:\/\/www.korhanyilmaz.com\/index.php?rest_route=\/wp\/v2\/users\/1"}],"replies":[{"embeddable":true,"href":"http:\/\/www.korhanyilmaz.com\/index.php?rest_route=%2Fwp%2Fv2%2Fcomments&post=41429"}],"version-history":[{"count":0,"href":"http:\/\/www.korhanyilmaz.com\/index.php?rest_route=\/wp\/v2\/posts\/41429\/revisions"}],"wp:attachment":[{"href":"http:\/\/www.korhanyilmaz.com\/index.php?rest_route=%2Fwp%2Fv2%2Fmedia&parent=41429"}],"wp:term":[{"taxonomy":"category","embeddable":true,"href":"http:\/\/www.korhanyilmaz.com\/index.php?rest_route=%2Fwp%2Fv2%2Fcategories&post=41429"},{"taxonomy":"post_tag","embeddable":true,"href":"http:\/\/www.korhanyilmaz.com\/index.php?rest_route=%2Fwp%2Fv2%2Ftags&post=41429"}],"curies":[{"name":"wp","href":"https:\/\/api.w.org\/{rel}","templated":true}]}}