{"id":41425,"date":"2011-10-19T20:59:31","date_gmt":"2011-10-19T17:59:31","guid":{"rendered":"http:\/\/www.korhanyilmaz.com\/?p=41425"},"modified":"2011-10-20T12:15:13","modified_gmt":"2011-10-20T09:15:13","slug":"bu-bir-savas-sozu-ortaligi-karistirdi","status":"publish","type":"post","link":"http:\/\/www.korhanyilmaz.com\/?p=41425","title":{"rendered":"&#8216;Bu bir sava\u015f&#8217; s\u00f6z\u00fc ortal\u0131\u011f\u0131 kar\u0131\u015ft\u0131rd\u0131"},"content":{"rendered":"<p style=\"text-align: center;\"><a href=\"http:\/\/www.korhanyilmaz.com\/wp-content\/uploads\/2011\/10\/9011.jpg\"  class=\"lightview\"><img loading=\"lazy\" decoding=\"async\" class=\"aligncenter  wp-image-41426\" src=\"http:\/\/www.korhanyilmaz.com\/wp-content\/uploads\/2011\/10\/9011.jpg\" alt=\"\" width=\"320\" height=\"214\" \/><\/a><\/p>\n<p style=\"text-align: justify;\">TBMM Genel Kurulu&#8217;nda, Hakkari&#8217;deki sald\u0131r\u0131 nedeniyle s\u00f6z alan siyasi partilerin konu\u015fmas\u0131 s\u0131ras\u0131nda zaman zaman tansiyon y\u00fckseldi.<\/p>\n<p style=\"text-align: justify;\">BDP Grup Ba\u015fkanvekili Pervin Buldan\u2019\u0131n, &#8220;Bu bir sava\u015f, bu sava\u015fta her iki taraftan da insanlar ya\u015fam\u0131n\u0131 yitiriyor&#8221; s\u00f6zlerine AKP, CHP ve MHP s\u0131ralar\u0131ndan tepki geldi. Meclis Ba\u015fkan\u0131 Cemil \u00c7i\u00e7ek\u2019e, Genel Kurul\u2019un \u00f6zel g\u00fcndemle toplanmas\u0131 ve kapal\u0131 oturum yap\u0131lmas\u0131 i\u00e7in \u00e7a\u011fr\u0131da bulanan CHP Grup Ba\u015fkanvekili Muharrem \u0130nce, milletvekillerine de, &#8220;Herkesin bir karar vermesi gerekiyor ya ter\u00f6rden ba\u011fr\u0131 yanan milletimizin vekili olacak ya da ter\u00f6ristlerin vekili olacaklar diye&#8221; diye seslendi.\u00a0<!--more--><\/p>\n<p style=\"text-align: justify;\">TBMM Genel Kurulu\u2019nda, Hakkari\u2019deki ter\u00f6r sald\u0131r\u0131s\u0131 nedeniyle s\u00f6z alan siyasi partilerin konu\u015fmas\u0131 s\u0131ras\u0131nda zaman zaman tansiyon y\u00fckseldi. BDP Grup Ba\u015fkanvekili Pervin Buldan\u2019\u0131n, &#8220;Bu bir sava\u015f, bu sava\u015fta her iki taraftan da insanlar ya\u015fam\u0131n\u0131 yitiriyor&#8221; s\u00f6zlerine AKP, CHP ve MHP s\u0131ralar\u0131ndan tepki geldi. Meclis Genel Kurulu saat 14.00\u2019te topland\u0131. Oturumu y\u00f6neten Meclis Ba\u015fkanvekili G\u00fcldal Mumcu, yoklama ald\u0131ktan sonra toplant\u0131ya 10 dakika ara verdi. Yoklama devam ederken Ba\u015fkanl\u0131k k\u00fcrs\u00fcs\u00fcne gelen AKP Grup Ba\u015fkanvekili Nurettin Canikli, CHP Grup Ba\u015fkanvekili Muharrem \u0130nce, MHP Grup Ba\u015fkanvekili Oktay Vural, BDP Grup Ba\u015fkanvekili Hasip Kaplan bir s\u00fcre konu\u015ftu. Aradan sonra k\u00fcrs\u00fcye gelen G\u00fcldal Mumcu, &#8220;Bug\u00fcn ya\u015fad\u0131\u011f\u0131m\u0131z Hakkari\u2019deki elim sald\u0131r\u0131 sonucu yitirdi\u011fimiz b\u00fct\u00fcn vatanda\u015flar\u0131m\u0131z\u0131n ba\u015f\u0131 sa\u011folsun diyorum. Yak\u0131nlar\u0131na sab\u0131rlar diliyorum&#8221; dedi. Mumcu, ard\u0131ndan gruplara 3\u2019er dakika s\u00f6z verdi.<\/p>\n<p style=\"text-align: justify;\"><strong>BDP\u2019L\u0130 BULDAN\u2019IN S\u00d6ZLER\u0130NE TEPK\u0130<\/strong><\/p>\n<p style=\"text-align: justify;\">BDP Grup Ba\u015fkanvekili Pervin Buldan, &#8220;Ya\u015fam\u0131n\u0131 yitiren b\u00fct\u00fcn insanlar\u0131m\u0131za Allah\u2019tan rahmet yak\u0131nlar\u0131na ba\u015fsa\u011fl\u0131\u011f\u0131 ve sab\u0131r, yaral\u0131lara acil \u015fifalar diliyorum. Bug\u00fcn ya\u015fanan ac\u0131 tablo bir kez daha g\u00f6stermi\u015ftir ki T\u00fcrkiye\u2019nin bar\u0131\u015ftan ba\u015fka hi\u00e7bir se\u00e7ene\u011fi yoktur&#8221; dedi. Buldan, \u015f\u00f6yle dedi: &#8220;Bu ya\u015fanan ac\u0131lar\u0131 daha fazla artt\u0131rmadan durdurman\u0131n tek yolu sorunlar\u0131 diyalogla, uzla\u015f\u0131yla \u00e7\u00f6zmenin zemini olu\u015fturulmal\u0131d\u0131r. H\u00fck\u00fcmeti ve Meclis\u2019i el ele vererek sorunun b\u00fct\u00fcnl\u00fckl\u00fc ve k\u00f6kl\u00fc \u00e7\u00f6z\u00fcm\u00fc i\u00e7in birlikte \u00e7al\u0131\u015fma davet ediyorum.&#8221;<\/p>\n<p style=\"text-align: justify;\"><strong>SIRA KAPAKLARINA VURDULAR<\/strong><\/p>\n<p style=\"text-align: justify;\">&#8220;Bu bir sava\u015f, bu sava\u015fta her iki taraftan da insanlar ya\u015fam\u0131n\u0131 yitiriyor&#8221; diyen Buldan\u2019\u0131n s\u00f6zlerine AKP, CHP, MHP s\u0131ralar\u0131ndan tepki geldi. Vekiller, s\u0131ra kapaklar\u0131na vurarak tepkilerini dile getirdiler. Tepkiler \u00fczerine Buldan, &#8220;Bu sava\u015fta her iki taraftan da insanlar ya\u015fam\u0131n\u0131 yitiriyor. L\u00fctfen olaya tek tarafl\u0131 bakmay\u0131n\u0131z. Ate\u015f d\u00fc\u015ft\u00fc\u011f\u00fc yeri yak\u0131yor. Hem T\u00fcrk anneleri hem K\u00fcrt anneleri a\u011fl\u0131yor. Ben bir anne y\u00fcre\u011fi ile konu\u015fuyorum. Ben bir anne y\u00fcre\u011fi ile sesleniyorum, art\u0131k yeter diyorum. Bu i\u015f tehditle k\u0131namakla \u00e7\u00f6z\u00fclmez. D\u00fcn 5 polis ya\u015fam\u0131n\u0131 yitirmi\u015fti, hepiniz olay\u0131 k\u0131nad\u0131n\u0131z, bug\u00fcn ne oldu, yine ayn\u0131 \u015fey tekrarland\u0131. K\u0131namakla hi\u00e7bir \u015fey de\u011fi\u015fmedi. Bir an \u00f6nce hepimizin sava\u015f i\u00e7in de\u011fil, bar\u0131\u015f i\u00e7in hepimizin sava\u015fmas\u0131 gerekti\u011fini ifade ediyorum&#8221; dedi.<\/p>\n<p style=\"text-align: justify;\"><a href=\"http:\/\/www.radikal.com.tr\/Radikal.aspx?aType=RadikalDetayV3&amp;ArticleID=1066896&amp;Date=20.10.2011&amp;CategoryID=78\" target=\"_blank\">Kaynak : Radikal.com.tr<\/a><\/p>\n","protected":false},"excerpt":{"rendered":"<p style=\"text-align: center;\">\n<p style=\"text-align: justify;\">TBMM Genel Kurulu&#8217;nda, Hakkari&#8217;deki sald\u0131r\u0131 nedeniyle s\u00f6z alan siyasi partilerin konu\u015fmas\u0131 s\u0131ras\u0131nda zaman zaman tansiyon y\u00fckseldi.<\/p>\n<p style=\"text-align: justify;\">BDP Grup Ba\u015fkanvekili Pervin Buldan\u2019\u0131n, &#8220;Bu bir sava\u015f, bu sava\u015fta her iki taraftan da insanlar ya\u015fam\u0131n\u0131 yitiriyor&#8221; s\u00f6zlerine AKP, CHP ve MHP s\u0131ralar\u0131ndan tepki geldi. Meclis Ba\u015fkan\u0131 Cemil \u00c7i\u00e7ek\u2019e, Genel Kurul\u2019un \u00f6zel <\/p>\n","protected":false},"author":1,"featured_media":0,"comment_status":"open","ping_status":"open","sticky":false,"template":"","format":"standard","meta":{"footnotes":""},"categories":[105],"tags":[],"class_list":["post-41425","post","type-post","status-publish","format-standard","hentry","category-gundem","odd"],"_links":{"self":[{"href":"http:\/\/www.korhanyilmaz.com\/index.php?rest_route=\/wp\/v2\/posts\/41425","targetHints":{"allow":["GET"]}}],"collection":[{"href":"http:\/\/www.korhanyilmaz.com\/index.php?rest_route=\/wp\/v2\/posts"}],"about":[{"href":"http:\/\/www.korhanyilmaz.com\/index.php?rest_route=\/wp\/v2\/types\/post"}],"author":[{"embeddable":true,"href":"http:\/\/www.korhanyilmaz.com\/index.php?rest_route=\/wp\/v2\/users\/1"}],"replies":[{"embeddable":true,"href":"http:\/\/www.korhanyilmaz.com\/index.php?rest_route=%2Fwp%2Fv2%2Fcomments&post=41425"}],"version-history":[{"count":0,"href":"http:\/\/www.korhanyilmaz.com\/index.php?rest_route=\/wp\/v2\/posts\/41425\/revisions"}],"wp:attachment":[{"href":"http:\/\/www.korhanyilmaz.com\/index.php?rest_route=%2Fwp%2Fv2%2Fmedia&parent=41425"}],"wp:term":[{"taxonomy":"category","embeddable":true,"href":"http:\/\/www.korhanyilmaz.com\/index.php?rest_route=%2Fwp%2Fv2%2Fcategories&post=41425"},{"taxonomy":"post_tag","embeddable":true,"href":"http:\/\/www.korhanyilmaz.com\/index.php?rest_route=%2Fwp%2Fv2%2Ftags&post=41425"}],"curies":[{"name":"wp","href":"https:\/\/api.w.org\/{rel}","templated":true}]}}