{"id":41421,"date":"2011-10-20T09:15:21","date_gmt":"2011-10-20T06:15:21","guid":{"rendered":"http:\/\/www.korhanyilmaz.com\/?p=41421"},"modified":"2011-10-20T11:01:41","modified_gmt":"2011-10-20T08:01:41","slug":"nefesimiz-enselerinde","status":"publish","type":"post","link":"http:\/\/www.korhanyilmaz.com\/?p=41421","title":{"rendered":"Nefesimiz enselerinde"},"content":{"rendered":"<p style=\"text-align: justify;\"><a href=\"http:\/\/www.korhanyilmaz.com\/wp-content\/uploads\/2011\/10\/9010.jpg\"  class=\"lightview\"><img loading=\"lazy\" decoding=\"async\" class=\"aligncenter size-full wp-image-41422\" title=\"\" src=\"http:\/\/www.korhanyilmaz.com\/wp-content\/uploads\/2011\/10\/9010.jpg\" alt=\"\" width=\"313\" height=\"188\" \/><\/a><\/p>\n<p style=\"text-align: justify;\">Ba\u015fbakan Erdo\u011fan, Kazakistan gezisini iptal ederek, Ba\u015fbakanl\u0131k\u2019ta acil ter\u00f6r zirvesini toplad\u0131ktan sonra yapt\u0131\u011f\u0131 a\u00e7\u0131klamada, \u201cBug\u00fcne kadar iktidar\u0131yla, milletiyle bir milim dahi geri \u00e7ekilmedik, \u00e7ekilmeyece\u011fiz. T\u00fcrkiye Cumhuriyeti Devleti\u2019nin nefesi her birinin ensesinde olacakt\u0131r\u201d dedi.\u00a0<!--more--><\/p>\n<p style=\"text-align: justify;\">BA\u015eBAKAN Tayyip Erdo\u011fan, hain sald\u0131r\u0131n\u0131n ard\u0131ndan Kazakistan gezisini iptal etti ve acil ter\u00f6r zirvesi toplad\u0131. Erdo\u011fan\u2019\u0131n Ba\u015fbakanl\u0131\u011fa geldi\u011fi dakikalarda Milli Savunma Bakan\u0131 \u0130smet Y\u0131lmaz, \u0130\u00e7i\u015fleri Bakan\u0131 \u0130dris Naim \u015eahin ve Jandarma Genel Komutan\u0131 Orgeneral Bekir Kalyoncu, \u0130\u00e7i\u015fleri Bakanl\u0131\u011f\u0131\u2019nda bir araya geldi. Erdo\u011fan, saat 10.00\u2019da ter\u00f6r zirvesini toplad\u0131. Zirvede \u015eahin ve Y\u0131lmaz\u2019\u0131n yan\u0131 s\u0131ra Ba\u015fbakan yard\u0131mc\u0131lar\u0131 Bekir Bozda\u011f, Be\u015fir Atalay, Adalet Bakan\u0131 Sadullah Ergin, M\u0130T M\u00fcste\u015far\u0131 Hakan Fidan, Genelkurmay \u0130kinci Ba\u015fkan\u0131 Orgeneral Hulusi Akar ve Jandarma Genel Komutan\u0131 Kurmay Ba\u015fkan\u0131 Korgeneral Fikret Demirta\u015f vard\u0131. 2.5 saatlik zirve sonras\u0131 Erdo\u011fan, \u00f6zetle \u015fu a\u00e7\u0131klamay\u0131 yapt\u0131:<\/p>\n<p style=\"text-align: justify;\"><strong>Hesap sorulacak\u00a0<\/strong><\/p>\n<p style=\"text-align: justify;\">Vatan, bayrak bizim i\u00e7in namustur, \u015fereftir. U\u011fruna her bir vatan evlad\u0131n\u0131n can verece\u011fi kadar kutsald\u0131r. Bug\u00fcne kadar iktidar\u0131yla, milletiyle bir milim dahi geri \u00e7ekilmedik, \u00e7ekilmeyece\u011fiz. Her kim ki ter\u00f6re gizli ya da a\u00e7\u0131k destek veriyorsa, her kim ki ter\u00f6r\u00fc besliyor, koruyor yatakl\u0131k ediyorsa, kim ki ter\u00f6re m\u00fcsamaha g\u00f6steriyor, ter\u00f6r\u00fcn kanl\u0131 y\u00fcz\u00fcn\u00fc \u00f6rtmek, ter\u00f6r \u00f6rg\u00fct\u00fcn\u00fcn insanl\u0131k d\u0131\u015f\u0131 sald\u0131r\u0131lar\u0131n\u0131 g\u00f6rmezden gelmek gibi bir gafletin i\u00e7inde bulunuyorsa tamam\u0131 bilsinler ki; T\u00fcrkiye Cumhuriyeti Devleti\u2019nin nefesi her birinin ensesinde olacakt\u0131r. Ter\u00f6r \u00f6rg\u00fct\u00fc nereden besleniyor, nereden destek al\u0131yor, kim veya kimler taraf\u0131ndan te\u015fvik ediliyorsa hepsinden mutlaka ama mutlaka bunun hesab\u0131 sorulacakt\u0131r.<\/p>\n<p style=\"text-align: justify;\"><strong>Hedefleri tahrik\u00a0<\/strong><\/p>\n<p style=\"text-align: justify;\">Anne karn\u0131ndaki bebe\u011fi katledecek kadar g\u00f6z\u00fc d\u00f6nen, sokaktaki 4 ya\u015f\u0131ndaki yavruyu katleden, imamlar\u0131, ekmek paras\u0131 i\u00e7in ter d\u00f6ken i\u015f\u00e7ileri, sivilleri \u00f6ld\u00fcren, \u00f6\u011fretmen ka\u00e7\u0131ran, m\u00fchendis katleden, g\u00f6sterilerde annelerin, gen\u00e7lerin \u00f6lmesi i\u00e7in temennide bulunan, kendi mensuplar\u0131na kar\u015f\u0131 bile ac\u0131mas\u0131zca \u015fiddet uygulayan, kendi mensuplar\u0131n\u0131 infaz eden ve bunu ailelerinden saklayan bir \u00f6rg\u00fct\u00fcn tahrik, tedhi\u015f ve provokasyondan ba\u015fka bir hedefi yoktur, olamaz.<\/p>\n<p style=\"text-align: justify;\"><strong>Serinkanl\u0131 olal\u0131m\u00a0<\/strong><\/p>\n<p style=\"text-align: justify;\">Aziz milletime sesleniyorum: Bu elim, bu ac\u0131 hadise kar\u015f\u0131s\u0131nda kim ki \u00f6fkesine hakim olamaz, kim ki metanetini muhafaza edemezse biliniz ki ter\u00f6r \u00f6rg\u00fct\u00fc i\u015fte o zaman hedefine ula\u015f\u0131r. Biz, millet olarak tarih boyunca defalarca yapt\u0131\u011f\u0131m\u0131z gibi bu elim hadise kar\u015f\u0131s\u0131nda da vakar\u0131m\u0131z\u0131, serinkanl\u0131l\u0131\u011f\u0131m\u0131z\u0131 bozmayaca\u011f\u0131z. Demokrasinin, \u00f6zg\u00fcrl\u00fcklerin, insan hak ve h\u00fcrriyetlerinin, ter\u00f6r\u00fcn panzehiri oldu\u011funu ge\u00e7ti\u011fimiz d\u00f6nemde tecr\u00fcbe ettik.<\/p>\n<p style=\"text-align: justify;\"><strong>Birlik \u00e7a\u011fr\u0131s\u0131\u00a0<\/strong><\/p>\n<p style=\"text-align: justify;\">Yeni, sivil, demokratik bir anayasa yapma \u00e7al\u0131\u015fmalar\u0131n\u0131n ba\u015flayaca\u011f\u0131 g\u00fcn yap\u0131lan bu hain sald\u0131r\u0131, bizi ayd\u0131nl\u0131k ufuklardan al\u0131koymayacakt\u0131r, ayn\u0131 kararl\u0131l\u0131kla yola devam edece\u011fiz. Y\u0131lmadan, yorulmadan, taviz vermeden uzun soluklu s\u00fcreci tamama erdirece\u011fiz ama bu birlik, beraberlik gerekir. \u0130kide bir muhalefetin kalk\u0131p \u2018Bu i\u015fin sorumlusu h\u00fck\u00fcmettir\u2019 derken, ortaya herhangi \u00e7\u00f6z\u00fcm \u00f6nerisi koymadan bu yakla\u015f\u0131m\u0131 sergilemeleri, milletimizi tahrikten ba\u015fka bir \u015fey de\u011fildir.<\/p>\n<p style=\"text-align: justify;\"><strong>Kimse kand\u0131rmas\u0131n\u00a0<\/strong><\/p>\n<p style=\"text-align: justify;\">Bug\u00fcnk\u00fc olaylardan sonra, yap\u0131lan olaylar\u0131 k\u0131narken PKK ve di\u011fer isim de\u011fi\u015ftirmek suretiyle ortalarda dola\u015fanlar\u0131, ter\u00f6r \u00f6rg\u00fct\u00fc olarak ilan edemeyenlerin bu s\u00fcrece olumlu katk\u0131s\u0131 olamaz. Kimseyi kalk\u0131p kimse aldatmaya y\u00f6nelmesin. Onlar\u0131n a\u011fz\u0131na bar\u0131\u015f ifadesi de yak\u0131\u015fm\u0131yor. Bar\u0131\u015f ya\u015fan\u0131r, konu\u015fulmaz.<\/p>\n<p style=\"text-align: justify;\"><strong>And\u0131\u00e7ta imzam yok\u00a0<\/strong><\/p>\n<p style=\"text-align: justify;\">B\u0130R Ba\u015fbakan olarak hakk\u0131mda \u00e7\u0131kar\u0131lan \u2018\u0130nternet And\u0131c\u0131\u2019 imzas\u0131 yalan\u0131n\u0131, buyurun yarg\u0131 a\u00e7\u0131klad\u0131. Hi\u00e7bir zaman b\u00f6yle bir and\u0131c\u0131n alt\u0131nda imzas\u0131 olmayan bir ba\u015fbakan\u0131m. O s\u00f6yledikleri imza ter\u00f6r \u00f6rg\u00fct\u00fcyle m\u00fccadeleye y\u00f6nelik bir metnin alt\u0131na konulmu\u015ftur. Olay\u0131n asl\u0131 budur ama bunu bile \u00e7ok farkl\u0131 bir \u015fekilde yorumlamak, sa\u011fa sola \u00e7ekmek durumunda kalm\u0131\u015ft\u0131r, kim? \u0130\u015fte b\u00f6l\u00fcc\u00fc ter\u00f6r \u00f6rg\u00fct\u00fcyle el ele kol kola dola\u015fanlar. Burada kusura bakmay\u0131n, medyay\u0131 gene duyarl\u0131 olmaya davet ediyorum.<\/p>\n<p style=\"text-align: justify;\"><strong>Medyayla zirve\u00a0<\/strong><\/p>\n<p style=\"text-align: justify;\">Medyay\u0131 duyarl\u0131 olmaya \u00e7a\u011f\u0131ran Erdo\u011fan, medya y\u00f6neticileri ve yay\u0131n y\u00f6netmenlerini toplant\u0131ya davet etti. Zirve bug\u00fcn saat 11.00\u2019de Ba\u015fbakanl\u0131k Resmi Konutu\u2019nda.<\/p>\n<p style=\"text-align: justify;\"><a href=\"http:\/\/www.hurriyet.com.tr\/gundem\/19033133.asp\" target=\"_blank\">Kaynak : H\u00fcrriyet.com.tr<\/a><\/p>\n","protected":false},"excerpt":{"rendered":"<p style=\"text-align: justify;\">\n<p style=\"text-align: justify;\">Ba\u015fbakan Erdo\u011fan, Kazakistan gezisini iptal ederek, Ba\u015fbakanl\u0131k\u2019ta acil ter\u00f6r zirvesini toplad\u0131ktan sonra yapt\u0131\u011f\u0131 a\u00e7\u0131klamada, \u201cBug\u00fcne kadar iktidar\u0131yla, milletiyle bir milim dahi geri \u00e7ekilmedik, \u00e7ekilmeyece\u011fiz. T\u00fcrkiye Cumhuriyeti Devleti\u2019nin nefesi her birinin ensesinde olacakt\u0131r\u201d dedi. <\/p>\n","protected":false},"author":1,"featured_media":0,"comment_status":"open","ping_status":"open","sticky":false,"template":"","format":"standard","meta":{"footnotes":""},"categories":[105],"tags":[],"class_list":["post-41421","post","type-post","status-publish","format-standard","hentry","category-gundem","odd"],"_links":{"self":[{"href":"http:\/\/www.korhanyilmaz.com\/index.php?rest_route=\/wp\/v2\/posts\/41421","targetHints":{"allow":["GET"]}}],"collection":[{"href":"http:\/\/www.korhanyilmaz.com\/index.php?rest_route=\/wp\/v2\/posts"}],"about":[{"href":"http:\/\/www.korhanyilmaz.com\/index.php?rest_route=\/wp\/v2\/types\/post"}],"author":[{"embeddable":true,"href":"http:\/\/www.korhanyilmaz.com\/index.php?rest_route=\/wp\/v2\/users\/1"}],"replies":[{"embeddable":true,"href":"http:\/\/www.korhanyilmaz.com\/index.php?rest_route=%2Fwp%2Fv2%2Fcomments&post=41421"}],"version-history":[{"count":0,"href":"http:\/\/www.korhanyilmaz.com\/index.php?rest_route=\/wp\/v2\/posts\/41421\/revisions"}],"wp:attachment":[{"href":"http:\/\/www.korhanyilmaz.com\/index.php?rest_route=%2Fwp%2Fv2%2Fmedia&parent=41421"}],"wp:term":[{"taxonomy":"category","embeddable":true,"href":"http:\/\/www.korhanyilmaz.com\/index.php?rest_route=%2Fwp%2Fv2%2Fcategories&post=41421"},{"taxonomy":"post_tag","embeddable":true,"href":"http:\/\/www.korhanyilmaz.com\/index.php?rest_route=%2Fwp%2Fv2%2Ftags&post=41421"}],"curies":[{"name":"wp","href":"https:\/\/api.w.org\/{rel}","templated":true}]}}