{"id":41416,"date":"2011-10-20T10:25:23","date_gmt":"2011-10-20T07:25:23","guid":{"rendered":"http:\/\/www.korhanyilmaz.com\/?p=41416"},"modified":"2011-10-20T10:57:12","modified_gmt":"2011-10-20T07:57:12","slug":"musta-mayin-patladi-3-asker-yarali","status":"publish","type":"post","link":"http:\/\/www.korhanyilmaz.com\/?p=41416","title":{"rendered":"Mu\u015f&#8217;ta may\u0131n patlad\u0131: 3 asker yaral\u0131"},"content":{"rendered":"<p style=\"text-align: center;\"><a href=\"http:\/\/www.korhanyilmaz.com\/wp-content\/uploads\/2011\/10\/9009.jpg\"  class=\"lightview\"><img loading=\"lazy\" decoding=\"async\" class=\"aligncenter  wp-image-41417\" src=\"http:\/\/www.korhanyilmaz.com\/wp-content\/uploads\/2011\/10\/9009.jpg\" alt=\"\" width=\"322\" height=\"241\" \/><\/a><\/p>\n<p style=\"text-align: justify;\">Mu\u015f&#8217;un Korkut il\u00e7esine ba\u011fl\u0131 Alt\u0131nova beldesi yak\u0131nlar\u0131nda askeri arac\u0131n ge\u00e7i\u015fi s\u0131ras\u0131nda meydana gelen patlamada 3 asker yaraland\u0131.<!--more--><\/p>\n<p style=\"text-align: justify;\">Mu\u015f- Mu\u015f Devlet Hastanesi&#8217;nde tedavi alt\u0131na al\u0131nan askerleri ziyaret eden Vali Ali \u00c7\u0131nar, hastane \u00e7\u0131k\u0131\u015f\u0131nda gazetecilere yapt\u0131\u011f\u0131 a\u00e7\u0131klamada, saat 07.30 s\u0131ralar\u0131nda Bitlis-Mu\u015f karayolunda yol g\u00fcvenli\u011fi devriyesi yapan askeri arac\u0131n Alt\u0131nova beldesi yak\u0131nlar\u0131nda ge\u00e7i\u015fi s\u0131ras\u0131nda patlama oldu\u011funu belirterek, \u015funlar\u0131 s\u00f6yledi: &#8221;Muhtemelen b\u00f6l\u00fcc\u00fc ter\u00f6r \u00f6rg\u00fct\u00fc taraf\u0131ndan konulan patlay\u0131c\u0131 maddenin infilak\u0131 ile arac\u0131m\u0131z isabet al\u0131yor. Ara\u00e7ta bulunan bir uzman \u00e7avu\u015f ve 2 erimiz \u00e7e\u015fitli yerlerinden yaralan\u0131yor. \u00c7ok \u015f\u00fck\u00fcr \u015fu anda hastanede tedavi alt\u0131ndalar. Ben hepsini bizzat ziyaret ettim. Hepsinin genel olarak durumlar\u0131 iyi, hayati tehlikeleri yok. Hepimize ge\u00e7mi\u015f olsun.&#8221;<\/p>\n<p style=\"text-align: justify;\">Patlaman\u0131n oldu\u011fu b\u00f6lgede, hava destekli geni\u015f \u00e7apl\u0131 operasyon ba\u015flat\u0131ld\u0131\u011f\u0131n\u0131 bildiren Vali \u00c7\u0131nar, olay yerinde de gerekli incelemenin yap\u0131ld\u0131\u011f\u0131n\u0131 s\u00f6yledi. &#8221;\u00dcmit ediyoruz ki bu haince faaliyetler i\u00e7erisinde bulunanlar\u0131 bir an \u00f6nce bulur ve etkisiz hale getiririz&#8221; diyen Vali \u00c7\u0131nar, Bitlis&#8217;in G\u00fcroymak ve Hakkari&#8217;nin \u00c7ukurca il\u00e7elerindeki sald\u0131r\u0131larda \u015fehit olan polis ve askerler ile ya\u015fam\u0131n\u0131 yitiren yurtta\u015flara Allah&#8217;tan rahmet, yaral\u0131lara acil \u015fifalar diledi. \u00c7\u0131nar, bu t\u00fcr hain hedefler pe\u015finde ko\u015fanlara kar\u015f\u0131, devletin ve milletin birlik ve beraberli\u011fini koruyarak gerekli cevab\u0131 en iyi \u015fekilde verece\u011fini s\u00f6zlerine ekledi.<\/p>\n<p style=\"text-align: justify;\"><a href=\"http:\/\/www.cumhuriyet.com.tr\/?hn=286890\" target=\"_blank\">Kaynak : Cumhuriyet Haber Portal\u0131<\/a><\/p>\n","protected":false},"excerpt":{"rendered":"<p style=\"text-align: center;\">\n<p style=\"text-align: justify;\">Mu\u015f&#8217;un Korkut il\u00e7esine ba\u011fl\u0131 Alt\u0131nova beldesi yak\u0131nlar\u0131nda askeri arac\u0131n ge\u00e7i\u015fi s\u0131ras\u0131nda meydana gelen patlamada 3 asker yaraland\u0131.<\/p>\n","protected":false},"author":1,"featured_media":0,"comment_status":"open","ping_status":"open","sticky":false,"template":"","format":"standard","meta":{"footnotes":""},"categories":[105],"tags":[],"class_list":["post-41416","post","type-post","status-publish","format-standard","hentry","category-gundem","odd"],"_links":{"self":[{"href":"http:\/\/www.korhanyilmaz.com\/index.php?rest_route=\/wp\/v2\/posts\/41416","targetHints":{"allow":["GET"]}}],"collection":[{"href":"http:\/\/www.korhanyilmaz.com\/index.php?rest_route=\/wp\/v2\/posts"}],"about":[{"href":"http:\/\/www.korhanyilmaz.com\/index.php?rest_route=\/wp\/v2\/types\/post"}],"author":[{"embeddable":true,"href":"http:\/\/www.korhanyilmaz.com\/index.php?rest_route=\/wp\/v2\/users\/1"}],"replies":[{"embeddable":true,"href":"http:\/\/www.korhanyilmaz.com\/index.php?rest_route=%2Fwp%2Fv2%2Fcomments&post=41416"}],"version-history":[{"count":0,"href":"http:\/\/www.korhanyilmaz.com\/index.php?rest_route=\/wp\/v2\/posts\/41416\/revisions"}],"wp:attachment":[{"href":"http:\/\/www.korhanyilmaz.com\/index.php?rest_route=%2Fwp%2Fv2%2Fmedia&parent=41416"}],"wp:term":[{"taxonomy":"category","embeddable":true,"href":"http:\/\/www.korhanyilmaz.com\/index.php?rest_route=%2Fwp%2Fv2%2Fcategories&post=41416"},{"taxonomy":"post_tag","embeddable":true,"href":"http:\/\/www.korhanyilmaz.com\/index.php?rest_route=%2Fwp%2Fv2%2Ftags&post=41416"}],"curies":[{"name":"wp","href":"https:\/\/api.w.org\/{rel}","templated":true}]}}