{"id":41412,"date":"2011-10-19T20:39:54","date_gmt":"2011-10-19T17:39:54","guid":{"rendered":"http:\/\/www.korhanyilmaz.com\/?p=41412"},"modified":"2011-10-20T10:53:07","modified_gmt":"2011-10-20T07:53:07","slug":"tarik-akan-icin-3-iddia-3-yanit","status":"publish","type":"post","link":"http:\/\/www.korhanyilmaz.com\/?p=41412","title":{"rendered":"Tar\u0131k Akan i\u00e7in 3 iddia; 3 yan\u0131t"},"content":{"rendered":"<p style=\"text-align: center;\"><a href=\"http:\/\/www.korhanyilmaz.com\/wp-content\/uploads\/2011\/10\/9008.jpg\"  class=\"lightview\"><img loading=\"lazy\" decoding=\"async\" class=\"aligncenter  wp-image-41413\" src=\"http:\/\/www.korhanyilmaz.com\/wp-content\/uploads\/2011\/10\/9008.jpg\" alt=\"\" width=\"420\" height=\"210\" \/><\/a><\/p>\n<p style=\"text-align: justify;\">Bak\u0131rk\u00f6y\u2019deki Ta\u015f Mektep\u2019in sahibi Tar\u0131k Akan\u2019la ilgili \u00fc\u00e7 \u00e7arp\u0131c\u0131 iddia ortaya at\u0131ld\u0131<\/p>\n<p style=\"text-align: justify;\">M\u00fcjde Ar, Alt\u0131n Portakal Film Festivali\u2019nde Tar\u0131k Akan\u2019\u0131 sahneye davet ederken \u201cSinemada kazand\u0131\u011f\u0131 t\u00fcm birikimlerini yaratt\u0131\u011f\u0131 okuluyla, \u00f6\u011frencileriyle payla\u015fan, onlarla yeri geldi\u011finde \u00e7ocuk gibi olan birisi\u201d dedi.\u00a0<!--more--><\/p>\n<p style=\"text-align: justify;\">Zaman Gazetesi Genel Yay\u0131n M\u00fcd\u00fcr\u00fc Ekrem Dumanl\u0131 da bu s\u00f6zden yola \u00e7\u0131karak kaleme ald\u0131\u011f\u0131 yaz\u0131s\u0131nda Akan\u2019la ilgili \u00e7arp\u0131c\u0131 bir iddiay\u0131 g\u00fcndeme getirdi.<\/p>\n<p style=\"text-align: justify;\">Dumanl\u0131, \u00fcnl\u00fc oyuncunun mafya babas\u0131 D\u00fcndar K\u0131l\u0131\u00e7\u2019\u0131 araya sokarak Ta\u015f Mektep\u2019i Hrant Dink\u2019in elinden ald\u0131\u011f\u0131n\u0131 \u00f6ne s\u00fcrd\u00fc. Ayr\u0131ca Akan\u2019\u0131n kira y\u00fcz\u00fcnden Rum Vakf\u0131\u2019yla mahkemelik oldu\u011funu yazd\u0131.<\/p>\n<p style=\"text-align: justify;\">H\u00fcrriyet&#8217;te yer alan habere g\u00f6re; iddialara Tar\u0131k Akan, Hrant Dink\u2019in karde\u015fi Orhan Dink ve Bak\u0131rk\u00f6y Aya Yorgi Rum Kilisesi Vakf\u0131 Ba\u015fkan\u0131 Niko Atanasyadis\u2019ten yan\u0131t geldi.<\/p>\n<p style=\"text-align: justify;\"><strong>\u0130DD\u0130A 1:<\/strong> D\u00fcndar K\u0131l\u0131\u00e7 arac\u0131 oldu<\/p>\n<p style=\"text-align: justify;\"><strong>YANIT 1:<\/strong> D\u00fcndar\u2019lar\u0131 kar\u0131\u015ft\u0131rd\u0131lar<\/p>\n<p style=\"text-align: justify;\">Tar\u0131k Akan: Bunlar iddialar\u0131n\u0131 yalan \u00fczerine kurmu\u015flar. Duyunca \u015foke oldum. Hepsini mahkemeye verece\u011fim. Yok \u00f6yle bir \u015fey, nereden \u00e7\u0131karm\u0131\u015flar anlam\u0131yorum. Biz bu okulu kurdu\u011fumuzda benim bir orta\u011f\u0131m vard\u0131, ad\u0131 da D\u00fcndar U\u00e7ar\u2019d\u0131. Ortakl\u0131\u011f\u0131m\u0131z yedi y\u0131l \u00f6nce sona erdi. Kendisi o d\u00f6nem \u00d6zel Okullar Derne\u011fi ba\u015fkan\u0131yd\u0131. Ben e\u011fitimcili\u011fi ondan \u00f6\u011frendim. Bunlar D\u00fcndar U\u00e7ar\u2019\u0131 D\u00fcndar K\u0131l\u0131\u00e7 diye yaz\u0131yorlar.<\/p>\n<p style=\"text-align: justify;\"><strong>\u0130DD\u0130A 2:<\/strong> Hrant Dink tehdit edildi<\/p>\n<p style=\"text-align: justify;\"><strong>YANIT 2: <\/strong>G\u00f6n\u00fcl r\u0131zas\u0131yla verdik<\/p>\n<p style=\"text-align: justify;\">Orhan Dink: Tar\u0131k Akan\u2019a y\u00fcklenmek istiyorlarsa, bunu a\u011fabeyim Hrant Dink \u00fczerinden yapmas\u0131nlar. O yaz\u0131lanlar bizim a\u00e7\u0131m\u0131zdan do\u011fru de\u011fil. Biz 90\u2019l\u0131 y\u0131llarda Ta\u015f Mektep\u2019i kiralad\u0131k ama daha \u00f6nce Tar\u0131k Akan\u2019a s\u00f6z verildi\u011fini \u00f6\u011frenince g\u00f6n\u00fcl r\u0131zas\u0131yla okulu ona verdik. Tar\u0131k Akan o okulda iyi bir e\u011fitim yap\u0131yor. Olay\u0131n bizi ilgilendiren bir y\u00f6n\u00fc yok.<\/p>\n<p style=\"text-align: justify;\"><strong>\u0130DD\u0130A 3:<\/strong> Rum Vakf\u0131 ile mahkemelik<\/p>\n<p style=\"text-align: justify;\"><strong>YANIT 3:<\/strong> Kiray\u0131 zaman\u0131nda \u00f6der<\/p>\n<p style=\"text-align: justify;\">Niko Atanasyadis: \u00d6zel Ta\u015f \u0130lk\u00f6\u011fretim Okulu, bizim vakf\u0131nd\u0131r. Tar\u0131k Akan\u2019\u0131 y\u0131llard\u0131r tan\u0131yoruz, uyumlu bir kirac\u0131m\u0131zd\u0131r, \u00e7ok sevdi\u011fimiz iyi bir arkada\u015f\u0131m\u0131zd\u0131r. Kiralar\u0131n\u0131 hep zaman\u0131nda \u00f6der. Kira art\u0131\u015f\u0131 yapt\u0131\u011f\u0131m\u0131zda da bizleri anlar. \u015eimdiye kadar mahkemelik olacak bir olay ya\u015famad\u0131k. Aram\u0131zda bug\u00fcne kadar hi\u00e7bir problem \u00e7\u0131kmad\u0131.<\/p>\n<p style=\"text-align: justify;\"><a href=\"http:\/\/haber.gazetevatan.com\/tarik-akan-icin-3-iddia%3b-3-yanit\/406045\/1\/Gundem\" target=\"_blank\">Kaynak : VATAN Gazetesi<\/a><\/p>\n","protected":false},"excerpt":{"rendered":"<p style=\"text-align: center;\">\n<p style=\"text-align: justify;\">Bak\u0131rk\u00f6y\u2019deki Ta\u015f Mektep\u2019in sahibi Tar\u0131k Akan\u2019la ilgili \u00fc\u00e7 \u00e7arp\u0131c\u0131 iddia ortaya at\u0131ld\u0131<\/p>\n<p style=\"text-align: justify;\">M\u00fcjde Ar, Alt\u0131n Portakal Film Festivali\u2019nde Tar\u0131k Akan\u2019\u0131 sahneye davet ederken \u201cSinemada kazand\u0131\u011f\u0131 t\u00fcm birikimlerini yaratt\u0131\u011f\u0131 okuluyla, \u00f6\u011frencileriyle payla\u015fan, onlarla yeri geldi\u011finde \u00e7ocuk gibi olan birisi\u201d dedi. <\/p>\n","protected":false},"author":1,"featured_media":0,"comment_status":"open","ping_status":"open","sticky":false,"template":"","format":"standard","meta":{"footnotes":""},"categories":[105],"tags":[],"class_list":["post-41412","post","type-post","status-publish","format-standard","hentry","category-gundem","odd"],"_links":{"self":[{"href":"http:\/\/www.korhanyilmaz.com\/index.php?rest_route=\/wp\/v2\/posts\/41412","targetHints":{"allow":["GET"]}}],"collection":[{"href":"http:\/\/www.korhanyilmaz.com\/index.php?rest_route=\/wp\/v2\/posts"}],"about":[{"href":"http:\/\/www.korhanyilmaz.com\/index.php?rest_route=\/wp\/v2\/types\/post"}],"author":[{"embeddable":true,"href":"http:\/\/www.korhanyilmaz.com\/index.php?rest_route=\/wp\/v2\/users\/1"}],"replies":[{"embeddable":true,"href":"http:\/\/www.korhanyilmaz.com\/index.php?rest_route=%2Fwp%2Fv2%2Fcomments&post=41412"}],"version-history":[{"count":0,"href":"http:\/\/www.korhanyilmaz.com\/index.php?rest_route=\/wp\/v2\/posts\/41412\/revisions"}],"wp:attachment":[{"href":"http:\/\/www.korhanyilmaz.com\/index.php?rest_route=%2Fwp%2Fv2%2Fmedia&parent=41412"}],"wp:term":[{"taxonomy":"category","embeddable":true,"href":"http:\/\/www.korhanyilmaz.com\/index.php?rest_route=%2Fwp%2Fv2%2Fcategories&post=41412"},{"taxonomy":"post_tag","embeddable":true,"href":"http:\/\/www.korhanyilmaz.com\/index.php?rest_route=%2Fwp%2Fv2%2Ftags&post=41412"}],"curies":[{"name":"wp","href":"https:\/\/api.w.org\/{rel}","templated":true}]}}