{"id":4141,"date":"2009-02-27T13:36:15","date_gmt":"2009-02-27T11:36:15","guid":{"rendered":"http:\/\/www.korhanyilmaz.com\/?p=4141"},"modified":"2009-02-27T13:36:15","modified_gmt":"2009-02-27T11:36:15","slug":"rtukten-pes-dedirten-ceza-2","status":"publish","type":"post","link":"http:\/\/www.korhanyilmaz.com\/?p=4141","title":{"rendered":"RT\u00dcK&#039;ten pes dedirten ceza"},"content":{"rendered":"<p style=\"text-align: justify;\"><img loading=\"lazy\" decoding=\"async\" class=\"aligncenter size-full wp-image-4142\" title=\"RT\u00dcK'ten pes dedirten ceza \" src=\"http:\/\/www.korhanyilmaz.com\/wp-content\/uploads\/2009\/02\/280220090443521532862.jpg\" alt=\"RT\u00dcK'ten pes dedirten ceza \" width=\"376\" height=\"240\" \/><\/p>\n<p style=\"text-align: justify;\">\n<p style=\"text-align: justify;\"><strong>RT\u00dcK h\u00fck\u00fcmeti ele\u015ftiren haberleri su\u00e7 say\u0131yor!..<\/strong><\/p>\n<p style=\"text-align: justify;\">RT\u00dcK, h\u00fck\u00fcmeti ele\u015ftiren haberler nedeniyle Show TV&#8217;yi tarafl\u0131 yay\u0131n yapmaktan su\u00e7lu buldu ve YSK&#8217;ya ba\u015fvurdu. Karar, kurulun AKP kontenjan\u0131ndan se\u00e7ilen \u00fcyelerinin oylar\u0131yla al\u0131nd\u0131. Kurula CHP kontenjan\u0131ndan \u00fcye olan Sevin\u00e7, Akman&#8217;\u0131n Deniz Feneri e.V yolsuzlu\u011fu nedeniyle kanallara bask\u0131 uygulad\u0131\u011f\u0131n\u0131 ileri s\u00fcrd\u00fc<\/p>\n<p style=\"text-align: justify;\">Radyo Televizyon \u00dcst Kurulu, 23 \u015eubat&#8217;taki ana haber b\u00fclteninde &#8220;tarafl\u0131&#8221; ve &#8220;se\u00e7im d\u00f6nemleri yasaklar\u0131na ayk\u0131r\u0131 haberlere&#8221; yer verdi\u011fi gerek\u00e7esiyle Show TV&#8217;yi su\u00e7lu buldu. RT\u00dcK&#8217;\u00fcn bu karar\u0131na gerek\u00e7e olan haberler aras\u0131nda Adalet Bakan\u0131 Mehmet Ali \u015eahin&#8217;in kamuoyunda b\u00fcy\u00fck yank\u0131 uyand\u0131ran &#8220;Bizimle uyumlu \u00e7al\u0131\u015facak yerel y\u00f6neticileri se\u00e7memiz gerekiyor&#8221; a\u00e7\u0131klamas\u0131, AKP&#8217;li Haluk \u0130pek&#8217;in bald\u0131z\u0131n\u0131n villas\u0131yla ilgili haber ile &#8220;Emeklinin bakana bor\u00e7 isyan\u0131&#8221;, &#8220;Alan mutsuz, almayan umutsuz&#8221;, &#8220;Devlet destekli miting olur mu?&#8221; ba\u015fl\u0131kl\u0131 haberlerin bulundu\u011fu, s\u00f6zkonusu haberlerin ertesi g\u00fcn sabah b\u00fclteninde tekrarlanmas\u0131n\u0131n da &#8220;tarafl\u0131l\u0131k&#8221; g\u00f6stergesi kabul edildi\u011fi \u00f6\u011frenildi. <!--more--><\/p>\n<p style=\"text-align: justify;\"><strong>Sert tart\u0131\u015fma ya\u015fand\u0131<\/strong><\/p>\n<p style=\"text-align: justify;\">Karar RT\u00dcK&#8217;ten CHP&#8217;li 3 \u00fcyenin itiraz\u0131na ra\u011fmen 6 AKP&#8217;linin oyuyla ge\u00e7ti. Toplant\u0131da RT\u00dcK Ba\u015fkan\u0131 Zahid Akman ile \u00fcye \u015eaban Sevin\u00e7 aras\u0131nda kar\u015f\u0131l\u0131kl\u0131 hakaretle\u015fmeye varan sert tart\u0131\u015fmalar\u0131n ya\u015fand\u0131\u011f\u0131 \u00f6\u011frenildi. Se\u00e7im yasaklar\u0131yla ba\u011flant\u0131l\u0131 oldu\u011fu i\u00e7in YSK&#8217;n\u0131n onay\u0131na giden karar \u00e7er\u00e7evesinde, YSK &#8216;olur&#8217; verirse, s\u00f6zkonusu kanala &#8220;ekran karatma&#8221; da dahil olmak \u00fczere yapt\u0131r\u0131m uygulanabilecek.<\/p>\n<p style=\"text-align: justify;\">RT\u00dcK&#8217;\u00fcn CHP kontenjan\u0131ndan se\u00e7ilen \u00fcyesi \u015eaban Sevin\u00e7, al\u0131nan karara tepki g\u00f6sterirken, RT\u00dcK Ba\u015fkan\u0131 Zahid Akman&#8217;\u0131 , &#8220;Deniz Feneri yolsuzlu\u011funda kar\u015f\u0131 kar\u015f\u0131ya kald\u0131\u011f\u0131 durum nedeniyle, RT\u00dcK&#8217;\u00fc televizyon sekt\u00f6r\u00fc \u00fczerinde bask\u0131 unsuru olarak kullanmaya \u00e7al\u0131\u015fmakla&#8221; su\u00e7lad\u0131. Sevin\u00e7, VATAN&#8217;a yapt\u0131\u011f\u0131 a\u00e7\u0131klamada &#8220;RT\u00dcK&#8217;\u00fcn daha fazla itibar kayb\u0131na u\u011framamas\u0131 i\u00e7in&#8221; Akman&#8217;\u0131n derhal istifa etmesini istedi.<\/p>\n<p style=\"text-align: justify;\"><strong>&#8216;AKP&#8217;ye laf s\u00f6yletmem&#8217;<\/strong><\/p>\n<p style=\"text-align: justify;\">Akman&#8217;\u0131n &#8220;Deniz Feneri davas\u0131nda bana sahip \u00e7\u0131kan AKP&#8217;ye laf s\u00f6yletmem&#8221; mant\u0131\u011f\u0131yla hareket etti\u011fini savunan ve asl\u0131nda &#8220;kraldan \u00e7ok kralc\u0131 olma&#8221; \u015feklindeki bu tutumun AKP&#8217;yi de bir s\u00fcre rahats\u0131z edece\u011fini belirten Sevin\u00e7, &#8220;Kemal K\u0131l\u0131\u00e7daro\u011flu ba\u015fta olmak \u00fczere di\u011fer partiler ve adaylar\u0131 aleyhine malum kanallarda onlarca ki\u015filik haklar\u0131na sald\u0131r\u0131 niteli\u011finde haberler yay\u0131nlan\u0131rken, nedense arkada\u015flar\u0131m\u0131z bunu g\u00f6rmezden geliyor, ama s\u00f6zkonusu AKP ve adaylar\u0131 olunca konu s\u00fcratle kurul g\u00fcndemine geliyor&#8221; dedi. Sevin\u00e7, konuyla ilgili yapt\u0131\u011f\u0131 yaz\u0131l\u0131 a\u00e7\u0131klamada da \u015fu g\u00f6\u015fleri dile getirdi:<br \/>\n<strong><br \/>\nDerhal istifa etsin<\/strong>\n<\/p>\n<p style=\"text-align: justify;\">&#8220;Per\u015fembe g\u00fcn\u00fc yap\u0131lan \u00dcst Kurul toplant\u0131s\u0131nda, Say\u0131n Adalet Bakan\u0131&#8217;n\u0131n Antalya&#8217;da bir se\u00e7im konu\u015fmas\u0131nda yapt\u0131\u011f\u0131 ve t\u00fcm T\u00fcrkiye&#8217;de tart\u0131\u015fma yaratan s\u00f6zlerini haber yapt\u0131\u011f\u0131 i\u00e7in, \u00f6nde gelen bir televizyon kurulu\u015funa ceza vererek sindirme giri\u015fiminde bulunulmas\u0131 barda\u011f\u0131 ta\u015f\u0131rm\u0131\u015ft\u0131r. Haber yapma tekni\u011finin t\u00fcm unsurlar\u0131n\u0131 ta\u015f\u0131d\u0131\u011f\u0131 ve ba\u015fta Say\u0131n Bakan olmak \u00fczere, muhalefet partileri temsilcilerinin g\u00f6r\u00fc\u015flerine yer verilen haber nedeniyle kanala, tarafl\u0131 yay\u0131n yapt\u0131\u011f\u0131 iddias\u0131yla \u0131srarla ceza verme giri\u015fiminde bulunmu\u015ftur. RT\u00dcK&#8217;\u00fcn anayasal bir kamu kurulu\u015fu olarak, daha fazla itibar kayb\u0131na u\u011framamas\u0131 ve ba\u011f\u0131ms\u0131z d\u00fczenleyici kamu kurumu olma niteli\u011fini koruyabilmesi i\u00e7in Zahid Akman&#8217;\u0131n RT\u00dcK Ba\u015fkanl\u0131\u011f\u0131&#8217;ndan derhal istifas\u0131 gerekmektedir.&#8221;<\/p>\n<p style=\"text-align: justify;\"><strong>Baz\u0131 kanallar\u0131 bildirmedi <\/strong><\/p>\n<p style=\"text-align: justify;\">Akman k\u0131sa s\u00fcre \u00f6nce de uydu \u00fczerinden siyasi i\u00e7erikli yay\u0131n yapan Kanal 24, Kanal A, Ses TV gibi AKP&#8217;ye yak\u0131n olarak bilinen kanallar\u0131, se\u00e7im d\u00f6nemi izlenmesi gereken televizyonlar aras\u0131nda YSK&#8217;ya bildirmemi\u015f, ancak gelen uyar\u0131 ve \u015fikayetler do\u011frultusunda YSK yay\u0131nlad\u0131\u011f\u0131 bir kararla bu kanallar\u0131 da izleme kapsam\u0131na alm\u0131\u015ft\u0131.<\/p>\n<p style=\"text-align: justify;\"><strong>RT\u00dcK bu haberleri sevmedi<\/strong><\/p>\n<p style=\"text-align: justify;\"><strong>Show TV&#8217;nin RT\u00dcK&#8217;\u00fcn &#8220;tarafl\u0131&#8221; buldu\u011fu ana haber b\u00fclteninde yer alan haberlerin i\u00e7erikleri \u015f\u00f6yle: <\/strong><\/p>\n<p style=\"text-align: justify;\"><strong>\u015eAH\u0130N&#8217;\u0130N S\u00d6ZLER\u0130:<\/strong> Adalet Bakan\u0131 \u015eahin&#8217;in h\u00fck\u00fcmetle z\u0131tla\u015fan yerel y\u00f6netimlerin projelerinin Ankara&#8217;dan ge\u00e7medi\u011fine y\u00f6nelik s\u00f6zlerine ve Ba\u015fbakan&#8217;\u0131n mitinglere devlete ait ara\u00e7larla gitmesine muhalefetin tepkisi.<\/p>\n<p style=\"text-align: justify;\"><strong>BALDIZA V\u0130LLA:<\/strong> AKP Genel Ba\u015fkan yard\u0131mc\u0131s\u0131 Haluk \u0130pek&#8217;in bald\u0131n\u0131za ait ormanl\u0131k arazideki villa.<\/p>\n<p style=\"text-align: justify;\"><strong>YARDIMLAR: <\/strong>\u0130stanbul B\u00fcy\u00fck\u015fehir Belediyesi&#8217;nin sosyal hizmetler binas\u0131 \u00f6n\u00fcndeki kalabal\u0131k.<\/p>\n<p style=\"text-align: justify;\"><strong>AKP \u00d6N\u00dcNDE EYLEM:<\/strong> Minib\u00fcs\u00e7\u00fclerin AKP \u00f6n\u00fcndeki eylemi.<\/p>\n<p style=\"text-align: justify;\"><strong>EMEKL\u0130N\u0130N \u0130SYANI:<\/strong> Ordu&#8217;da bir emeklinin Enerji Bakan\u0131 G\u00fcler&#8217;e ekonomik durumdan yak\u0131nmas\u0131.<\/p>\n<p style=\"text-align: justify;\"><strong>\u0130\u015eS\u0130ZL\u0130K MAA\u015eI:<\/strong> \u0130\u015eKUR \u00f6n\u00fcnde i\u015fsizlik maa\u015f\u0131 alanlar\u0131n olu\u015fturdu\u011fu kuyruk.<\/p>\n<p style=\"text-align: justify;\"><strong>KAR YOLLARI KEST\u0130: <\/strong> \u0130stanbulda ya\u011fan kar nedeniyle olu\u015fan trafik t\u0131kan\u0131kl\u0131\u011f\u0131.<\/p>\n<p style=\"text-align: justify;\"><strong>DO\u011eALGAZ:<\/strong> Y\u00fczde 20&#8217;ye varan indirimin faturalara yans\u0131mamas\u0131.<\/p>\n<p style=\"text-align: justify;\"><span style=\"color: #888888;\">Kaynak : \u015eebnem HO\u015eG\u00d6R \/ VATAN ANKARA<\/span><\/p>\n","protected":false},"excerpt":{"rendered":"<p style=\"text-align: justify;\">\n<p style=\"text-align: justify;\">\n<p style=\"text-align: justify;\">RT\u00dcK h\u00fck\u00fcmeti ele\u015ftiren haberleri su\u00e7 say\u0131yor!..<\/p>\n<p style=\"text-align: justify;\">RT\u00dcK, h\u00fck\u00fcmeti ele\u015ftiren haberler nedeniyle Show TV&#8217;yi tarafl\u0131 yay\u0131n yapmaktan su\u00e7lu buldu ve YSK&#8217;ya ba\u015fvurdu. Karar, kurulun AKP kontenjan\u0131ndan se\u00e7ilen \u00fcyelerinin oylar\u0131yla al\u0131nd\u0131. Kurula CHP kontenjan\u0131ndan \u00fcye olan Sevin\u00e7, Akman&#8217;\u0131n Deniz Feneri e.V yolsuzlu\u011fu nedeniyle kanallara bask\u0131 uygulad\u0131\u011f\u0131n\u0131 ileri <\/p>\n","protected":false},"author":1,"featured_media":0,"comment_status":"open","ping_status":"closed","sticky":false,"template":"","format":"standard","meta":{"footnotes":""},"categories":[105],"tags":[],"class_list":["post-4141","post","type-post","status-publish","format-standard","hentry","category-gundem","odd"],"_links":{"self":[{"href":"http:\/\/www.korhanyilmaz.com\/index.php?rest_route=\/wp\/v2\/posts\/4141","targetHints":{"allow":["GET"]}}],"collection":[{"href":"http:\/\/www.korhanyilmaz.com\/index.php?rest_route=\/wp\/v2\/posts"}],"about":[{"href":"http:\/\/www.korhanyilmaz.com\/index.php?rest_route=\/wp\/v2\/types\/post"}],"author":[{"embeddable":true,"href":"http:\/\/www.korhanyilmaz.com\/index.php?rest_route=\/wp\/v2\/users\/1"}],"replies":[{"embeddable":true,"href":"http:\/\/www.korhanyilmaz.com\/index.php?rest_route=%2Fwp%2Fv2%2Fcomments&post=4141"}],"version-history":[{"count":0,"href":"http:\/\/www.korhanyilmaz.com\/index.php?rest_route=\/wp\/v2\/posts\/4141\/revisions"}],"wp:attachment":[{"href":"http:\/\/www.korhanyilmaz.com\/index.php?rest_route=%2Fwp%2Fv2%2Fmedia&parent=4141"}],"wp:term":[{"taxonomy":"category","embeddable":true,"href":"http:\/\/www.korhanyilmaz.com\/index.php?rest_route=%2Fwp%2Fv2%2Fcategories&post=4141"},{"taxonomy":"post_tag","embeddable":true,"href":"http:\/\/www.korhanyilmaz.com\/index.php?rest_route=%2Fwp%2Fv2%2Ftags&post=4141"}],"curies":[{"name":"wp","href":"https:\/\/api.w.org\/{rel}","templated":true}]}}