{"id":41404,"date":"2011-10-20T09:55:57","date_gmt":"2011-10-20T06:55:57","guid":{"rendered":"http:\/\/www.korhanyilmaz.com\/?p=41404"},"modified":"2011-10-20T10:43:30","modified_gmt":"2011-10-20T07:43:30","slug":"24-sehit-memleketlerine-gonderildi","status":"publish","type":"post","link":"http:\/\/www.korhanyilmaz.com\/?p=41404","title":{"rendered":"24 \u015fehit memleketlerine g\u00f6nderildi"},"content":{"rendered":"<p style=\"text-align: center;\"><a href=\"http:\/\/www.korhanyilmaz.com\/wp-content\/uploads\/2011\/10\/9005.jpg\"  class=\"lightview\"><img loading=\"lazy\" decoding=\"async\" class=\"aligncenter  wp-image-41405\" src=\"http:\/\/www.korhanyilmaz.com\/wp-content\/uploads\/2011\/10\/9005.jpg\" alt=\"\" width=\"336\" height=\"223\" \/><\/a><\/p>\n<p style=\"text-align: justify;\">Hakkari&#8217;nin \u00c7ukurca \u0130l\u00e7esi&#8217;nde \u015fehit d\u00fc\u015fen 24 askerin cenazeleri, Van&#8217;da otopsi i\u015flemlerinin tamamlanmas\u0131n\u0131n ard\u0131ndan, gruplar halinde memleketlerine g\u00f6nderilmeye ba\u015fland\u0131. \u015eehit askerler i\u00e7in Van&#8217;da t\u00f6ren d\u00fczenlenmedi.<\/p>\n<p style=\"text-align: justify;\">VAN &#8211; Hakkari Da\u011f ve Komando Tugay Komutanl\u0131\u011f\u0131\u2019ndan d\u00fcn ak\u015fam saatlerinden itibaren helikopterlerle Van\u2019a getirilen, burada da Van B\u00f6lge E\u011fitim ve Ara\u015ft\u0131rma Hastanesi ile Asker Hastanesi morglar\u0131na al\u0131nan 24 \u015fehidin otopsileri gece ge\u00e7 saatlerde tamamland\u0131.\u00a0<!--more--><\/p>\n<p style=\"text-align: justify;\">Otopsilerin ard\u0131ndan sabah\u0131n erken saatlerinden itibaren \u015fehit cenazeleri memleketlerine g\u00f6nderilmeye ba\u015fland\u0131.<\/p>\n<p style=\"text-align: justify;\">Ambulanslarla Van Jandarma Asayi\u015f Kolordu Komutanl\u0131\u011f\u0131\u2019na ba\u011fl\u0131 \u015eehit Yarbay Yusuf Turgut Filo Komutanl\u0131\u011f\u0131\u2019na getirilen \u015fehitlerin cenazeleri buradan da memleketlerine g\u00f6nderilmek \u00fczere gruplar halinde askeri u\u00e7aklara yerle\u015ftirildi. Yak\u0131n illerdeki cenazelerin ise helikopterle g\u00f6t\u00fcr\u00fclece\u011fi ifade edildi.<\/p>\n<p style=\"text-align: justify;\">Yetkililer, \u015fehit Mehmet\u00e7ikler i\u00e7in Van\u2019da t\u00f6ren yap\u0131lmayaca\u011f\u0131n\u0131, topra\u011fa verilecekleri memleketlerinde ayr\u0131 t\u00f6renler d\u00fczenlenece\u011fini s\u00f6yledi.<\/p>\n<p style=\"text-align: justify;\"><a href=\"http:\/\/www.korhanyilmaz.com\/wp-content\/uploads\/2011\/10\/9007.jpg\"  class=\"lightview\"><img loading=\"lazy\" decoding=\"async\" class=\"aligncenter size-full wp-image-41409\" title=\"\" src=\"http:\/\/www.korhanyilmaz.com\/wp-content\/uploads\/2011\/10\/9007.jpg\" alt=\"\" width=\"460\" height=\"345\" \/><\/a><\/p>\n<p style=\"text-align: justify;\">\n<p style=\"text-align: justify;\"><strong>\u015eEH\u0130TLER VE G\u00d6NDER\u0130LD\u0130KLER\u0130 \u0130LLER<\/strong><\/p>\n<p style=\"text-align: justify;\">PKK\u2019l\u0131 ter\u00f6ristlerin hain sald\u0131r\u0131s\u0131nda \u015fehit d\u00fc\u015fen askerler ve topra\u011fa verilecekleri iler \u015f\u00f6yle:<\/p>\n<p style=\"text-align: justify;\">\u00dcste\u011fmen Murat Bek (Yozgat), Aste\u011fmen Bilal \u00d6zcan (\u0130stanbul), Astsubay Ba\u015f\u00e7avu\u015f \u0130brahim Ge\u00e7er (Konya), Uzman \u00c7avu\u015f Mustafa Aslan (\u00c7orum), Uzman \u00c7avu\u015f Halil \u00d6zdo\u011fru (Sinop), Uzman \u00c7avu\u015f Re\u015fit Ercan (Elaz\u0131\u011f), \u00c7avu\u015f \u0130dris \u00c7am (Kahramanmara\u015f), \u00c7avu\u015f Birol Elmas (Adapazar\u0131), Onba\u015f\u0131 Yavuz \u00c7oban (Aksaray), Er S\u00fcleyman Kalkan (Isparta), Er Mehmet \u00c7etin (Ayd\u0131n), Er Koray \u00d6zel (Adana), Er Ufuk Bozkurt (K\u0131rklareli), Er Ey\u00fcp \u00c7olako\u011flu (\u0130stanbul), Er Soner Ate\u015fsa\u00e7an (Artvin), Er Mesut Cengiz (Hatay), Er Fikret \u00d6zel (Samsun), Er H\u00fcseyin G\u00fcrdal (Kocaeli), Er Fevzi Kazak (Gaziantep), Er Yunus Y\u0131lmaz (Ankara), Er Mehmet A\u011fgedik (Elaz\u0131\u011f), Onba\u015f\u0131 Murat Kazan\u00e7 (Erzurum), Er Ramazan Ak\u0131n (A\u011fr\u0131), Er Ahmet Tuncel (Bitlis)<\/p>\n<p style=\"text-align: justify;\"><a href=\"http:\/\/www.radikal.com.tr\/Radikal.aspx?aType=RadikalDetayV3&amp;ArticleID=1066943&amp;Date=20.10.2011&amp;CategoryID=77\" target=\"_blank\">Kaynak : Radikal.com.tr<\/a><\/p>\n","protected":false},"excerpt":{"rendered":"<p style=\"text-align: center;\">\n<p style=\"text-align: justify;\">Hakkari&#8217;nin \u00c7ukurca \u0130l\u00e7esi&#8217;nde \u015fehit d\u00fc\u015fen 24 askerin cenazeleri, Van&#8217;da otopsi i\u015flemlerinin tamamlanmas\u0131n\u0131n ard\u0131ndan, gruplar halinde memleketlerine g\u00f6nderilmeye ba\u015fland\u0131. \u015eehit askerler i\u00e7in Van&#8217;da t\u00f6ren d\u00fczenlenmedi.<\/p>\n<p style=\"text-align: justify;\">VAN &#8211; Hakkari Da\u011f ve Komando Tugay Komutanl\u0131\u011f\u0131\u2019ndan d\u00fcn ak\u015fam saatlerinden itibaren helikopterlerle Van\u2019a getirilen, burada da Van B\u00f6lge E\u011fitim ve Ara\u015ft\u0131rma Hastanesi ile <\/p>\n","protected":false},"author":1,"featured_media":0,"comment_status":"open","ping_status":"open","sticky":false,"template":"","format":"standard","meta":{"footnotes":""},"categories":[105],"tags":[],"class_list":["post-41404","post","type-post","status-publish","format-standard","hentry","category-gundem","odd"],"_links":{"self":[{"href":"http:\/\/www.korhanyilmaz.com\/index.php?rest_route=\/wp\/v2\/posts\/41404","targetHints":{"allow":["GET"]}}],"collection":[{"href":"http:\/\/www.korhanyilmaz.com\/index.php?rest_route=\/wp\/v2\/posts"}],"about":[{"href":"http:\/\/www.korhanyilmaz.com\/index.php?rest_route=\/wp\/v2\/types\/post"}],"author":[{"embeddable":true,"href":"http:\/\/www.korhanyilmaz.com\/index.php?rest_route=\/wp\/v2\/users\/1"}],"replies":[{"embeddable":true,"href":"http:\/\/www.korhanyilmaz.com\/index.php?rest_route=%2Fwp%2Fv2%2Fcomments&post=41404"}],"version-history":[{"count":0,"href":"http:\/\/www.korhanyilmaz.com\/index.php?rest_route=\/wp\/v2\/posts\/41404\/revisions"}],"wp:attachment":[{"href":"http:\/\/www.korhanyilmaz.com\/index.php?rest_route=%2Fwp%2Fv2%2Fmedia&parent=41404"}],"wp:term":[{"taxonomy":"category","embeddable":true,"href":"http:\/\/www.korhanyilmaz.com\/index.php?rest_route=%2Fwp%2Fv2%2Fcategories&post=41404"},{"taxonomy":"post_tag","embeddable":true,"href":"http:\/\/www.korhanyilmaz.com\/index.php?rest_route=%2Fwp%2Fv2%2Ftags&post=41404"}],"curies":[{"name":"wp","href":"https:\/\/api.w.org\/{rel}","templated":true}]}}