{"id":41395,"date":"2011-10-19T16:58:56","date_gmt":"2011-10-19T13:58:56","guid":{"rendered":"http:\/\/www.korhanyilmaz.com\/?p=41395"},"modified":"2011-10-20T10:01:48","modified_gmt":"2011-10-20T07:01:48","slug":"terore-ofke-sokaga-tasti","status":"publish","type":"post","link":"http:\/\/www.korhanyilmaz.com\/?p=41395","title":{"rendered":"Ter\u00f6re \u00f6fke soka\u011fa ta\u015ft\u0131"},"content":{"rendered":"<p style=\"text-align: center;\"><a href=\"http:\/\/www.korhanyilmaz.com\/wp-content\/uploads\/2011\/10\/9003.jpg\"  class=\"lightview\"><img loading=\"lazy\" decoding=\"async\" class=\"aligncenter  wp-image-41396\" src=\"http:\/\/www.korhanyilmaz.com\/wp-content\/uploads\/2011\/10\/9003.jpg\" alt=\"\" width=\"420\" height=\"210\" \/><\/a><\/p>\n<p style=\"text-align: justify;\">Hain sald\u0131r\u0131n\u0131n duyurulmas\u0131n\u0131n ard\u0131ndan t\u00fcm yurtta infial ya\u015fand\u0131. \u00d6zellikle sosyal payla\u015f\u0131m sitelerinden \u00f6rg\u00fctlenen vatanda\u015flar neredeyse t\u00fcm illerde sokaklara d\u00f6k\u00fcld\u00fc<\/p>\n<p style=\"text-align: justify;\">\u00c7ukurca\u2019daki sald\u0131r\u0131yla ilgili haberler TV b\u00fcltenlerinden ve internet sitelerinden duyuruldu\u011fu andan itibaren ter\u00f6r Facebook ve Twiter gibi sosyal payla\u015f\u0131m sitelerinin en \u00f6nemli g\u00fcndem maddelerinden biri oldu. Neredeyse t\u00fcm illerde vatanda\u015flar kendili\u011finden soka\u011fa d\u00f6k\u00fcld\u00fc. Evlere ve i\u015fyerlerine bayraklar as\u0131ld\u0131. \u0130\u015f\u00e7i sendikalar\u0131 ve i\u015fveren \u00f6rg\u00fctleri, sivil toplum \u00f6rg\u00fctleri yay\u0131nlad\u0131klar\u0131 bildirilerle ter\u00f6r\u00fc lanetledi.\u00a0<!--more--><\/p>\n<p style=\"text-align: justify;\">\u0130stanbul\u2019da aralar\u0131nda ya\u015fl\u0131lar, kad\u0131nlar ve \u00f6\u011frencilerin de bulundu\u011fu bir grup, \u00dcsk\u00fcdar ve Kad\u0131k\u00f6y Askerlik \u015eubesi Ba\u015fkanl\u0131\u011f\u0131\u2019na y\u00fcr\u00fcd\u00fc. \u201cHepimiz Mehmetiz PKK\u2019ya yeteriz\u201d sloganlar\u0131 atan topluluk, askere gitmek i\u00e7in askerlik \u015fubesine ba\u015fvurdu. Kayseri\u2019de de askerlik \u015fubesine y\u00fcr\u00fcyen yakla\u015f\u0131k iki bin ki\u015fi PKK ile sava\u015fmak i\u00e7in silah istedi.<\/p>\n<p style=\"text-align: justify;\"><strong>Bayra\u011fa sar\u0131ld\u0131lar\u00a0\u00a0<\/strong><\/p>\n<p style=\"text-align: justify;\">Denizli\u2019de 20 esnaf\u0131n ba\u015flatt\u0131\u011f\u0131 y\u00fcr\u00fcy\u00fc\u015f, vatanda\u015flar\u0131n da kat\u0131l\u0131m\u0131yla yakla\u015f\u0131k 1000 ki\u015filik bir protesto eylemine d\u00f6n\u00fc\u015ft\u00fc. Ellerinde T\u00fcrk bayraklar\u0131yla y\u00fcr\u00fcyenler PKK ter\u00f6r\u00fcn\u00fc lanetlerken, baz\u0131 kad\u0131nlar balkonlar\u0131nda, baz\u0131lar\u0131 ise cadde ve meydanlarda \u015fehitler i\u00e7in g\u00f6zya\u015f\u0131 d\u00f6kt\u00fc. Bir\u00e7ok ilde \u00fcniversite \u00f6\u011frencileri de ter\u00f6r\u00fc lanetleyen eylemler yapt\u0131. \u0130stanbul, Samsun, Bal\u0131kesir gibi bir\u00e7ok ilde lise \u00f6\u011frencileri okullar\u0131n\u0131 terk ederek ter\u00f6r\u00fc lanetleyen y\u00fcr\u00fcy\u00fc\u015fler d\u00fczenledi. \u00d6\u011frencilere vatanda\u015flar da alk\u0131\u015flarla destek verdi. Yozgat, K\u0131rlareli, Antalya, Afyonkarahisar, Isparta ve Burdur gibi bir\u00e7ok ildeki protesto eylemlerine siyasi partiler, sivil toplum \u00f6rg\u00fctleri ve i\u015f d\u00fcnyas\u0131n\u0131n temsilcileri de destek verdi.<\/p>\n<p style=\"text-align: justify;\"><strong>Taksim\u2019de eylem\u00a0<\/strong><\/p>\n<p style=\"text-align: justify;\">Kamu-Sen \u0130stanbul \u015fubeleri, bug\u00fcn saat 12.30\u2019 da ter\u00f6r\u00fc lanetlemek i\u00e7in Taksim\u2019den Galatasaray\u2019a y\u00fcr\u00fcyecek. Binlerce ki\u015finin kat\u0131lmas\u0131 beklenen y\u00fcr\u00fcy\u00fc\u015f, Galatasaray Lisesi \u00f6n\u00fcnde yap\u0131lacak kitlesel bas\u0131n a\u00e7\u0131klamas\u0131 ile sona erecek.<\/p>\n<p style=\"text-align: justify;\"><a href=\"http:\/\/haber.gazetevatan.com\/terore-ofke-sokaga-tasti\/406034\/1\/Gundem\" target=\"_blank\">Kaynak : VATAN Gazetesi<\/a><\/p>\n","protected":false},"excerpt":{"rendered":"<p style=\"text-align: center;\">\n<p style=\"text-align: justify;\">Hain sald\u0131r\u0131n\u0131n duyurulmas\u0131n\u0131n ard\u0131ndan t\u00fcm yurtta infial ya\u015fand\u0131. \u00d6zellikle sosyal payla\u015f\u0131m sitelerinden \u00f6rg\u00fctlenen vatanda\u015flar neredeyse t\u00fcm illerde sokaklara d\u00f6k\u00fcld\u00fc<\/p>\n<p style=\"text-align: justify;\">\u00c7ukurca\u2019daki sald\u0131r\u0131yla ilgili haberler TV b\u00fcltenlerinden ve internet sitelerinden duyuruldu\u011fu andan itibaren ter\u00f6r Facebook ve Twiter gibi sosyal payla\u015f\u0131m sitelerinin en \u00f6nemli g\u00fcndem maddelerinden biri oldu. Neredeyse t\u00fcm illerde <\/p>\n","protected":false},"author":1,"featured_media":0,"comment_status":"open","ping_status":"open","sticky":false,"template":"","format":"standard","meta":{"footnotes":""},"categories":[105],"tags":[],"class_list":["post-41395","post","type-post","status-publish","format-standard","hentry","category-gundem","odd"],"_links":{"self":[{"href":"http:\/\/www.korhanyilmaz.com\/index.php?rest_route=\/wp\/v2\/posts\/41395","targetHints":{"allow":["GET"]}}],"collection":[{"href":"http:\/\/www.korhanyilmaz.com\/index.php?rest_route=\/wp\/v2\/posts"}],"about":[{"href":"http:\/\/www.korhanyilmaz.com\/index.php?rest_route=\/wp\/v2\/types\/post"}],"author":[{"embeddable":true,"href":"http:\/\/www.korhanyilmaz.com\/index.php?rest_route=\/wp\/v2\/users\/1"}],"replies":[{"embeddable":true,"href":"http:\/\/www.korhanyilmaz.com\/index.php?rest_route=%2Fwp%2Fv2%2Fcomments&post=41395"}],"version-history":[{"count":0,"href":"http:\/\/www.korhanyilmaz.com\/index.php?rest_route=\/wp\/v2\/posts\/41395\/revisions"}],"wp:attachment":[{"href":"http:\/\/www.korhanyilmaz.com\/index.php?rest_route=%2Fwp%2Fv2%2Fmedia&parent=41395"}],"wp:term":[{"taxonomy":"category","embeddable":true,"href":"http:\/\/www.korhanyilmaz.com\/index.php?rest_route=%2Fwp%2Fv2%2Fcategories&post=41395"},{"taxonomy":"post_tag","embeddable":true,"href":"http:\/\/www.korhanyilmaz.com\/index.php?rest_route=%2Fwp%2Fv2%2Ftags&post=41395"}],"curies":[{"name":"wp","href":"https:\/\/api.w.org\/{rel}","templated":true}]}}