{"id":41389,"date":"2011-10-19T21:20:16","date_gmt":"2011-10-19T18:20:16","guid":{"rendered":"http:\/\/www.korhanyilmaz.com\/?p=41389"},"modified":"2011-10-20T09:56:45","modified_gmt":"2011-10-20T06:56:45","slug":"intikam-nasil-alinacak","status":"publish","type":"post","link":"http:\/\/www.korhanyilmaz.com\/?p=41389","title":{"rendered":"\u201c\u0130ntikam\u201d nas\u0131l al\u0131nacak?&#8230;"},"content":{"rendered":"<p style=\"text-align: center;\"><a href=\"http:\/\/www.korhanyilmaz.com\/wp-content\/uploads\/2011\/10\/9001.jpg\"  class=\"lightview\"><img loading=\"lazy\" decoding=\"async\" class=\" wp-image-41390 aligncenter\" src=\"http:\/\/www.korhanyilmaz.com\/wp-content\/uploads\/2011\/10\/9001.jpg\" alt=\"\" width=\"360\" height=\"180\" \/><\/a><\/p>\n<div id=\"attachment_41391\" style=\"width: 107px\" class=\"wp-caption alignright\"><img loading=\"lazy\" decoding=\"async\" aria-describedby=\"caption-attachment-41391\" class=\"size-full wp-image-41391\" title=\"Bilal \u00c7etin - Vatan Gazetesi\" src=\"http:\/\/www.korhanyilmaz.com\/wp-content\/uploads\/2011\/10\/9002.jpg\" alt=\"\" width=\"97\" height=\"104\" \/><p id=\"caption-attachment-41391\" class=\"wp-caption-text\">Bilal \u00c7etin<\/p><\/div>\n<p style=\"text-align: justify;\">T\u00fcrkiye bu travmay\u0131, bu \u015foku, Silvan sald\u0131r\u0131s\u0131nda da ya\u015fam\u0131\u015ft\u0131. O g\u00fcn de Ba\u015fbakan Tayyip Erdo\u011fan \u201c<strong>b\u0131\u00e7a\u011f\u0131n kemi\u011fe dayand\u0131\u011f\u0131n\u0131<\/strong>\u201d s\u00f6ylemi\u015f, \u201cs\u00f6z\u00fcn bitti\u011fi noktaday\u0131z\u201d demi\u015fti.<\/p>\n<p style=\"text-align: justify;\">\u015eimdi \u00c7ukurca bask\u0131n\u0131n\u0131n ard\u0131ndan Cumhurba\u015fkan\u0131 Abdullah G\u00fcl, \u201c<strong>intikam<\/strong>\u201d diyor.<\/p>\n<p style=\"text-align: justify;\">\u00c7ok \u00f6nemli bir ba\u015fka ifadesi daha var Cumhurba\u015fkan\u0131 G\u00fcl\u2019\u00fcn:<\/p>\n<p style=\"text-align: justify;\">\u201c<strong>&#8230;Bunlara (Ter\u00f6r \u00f6rg\u00fct\u00fcne) yatakl\u0131k edenler, at ko\u015fturmalar\u0131na f\u0131rsat verenler de neticelerine katlan\u0131rlar&#8230;<\/strong>\u201d\u00a0<!--more--><\/p>\n<p style=\"text-align: justify;\">Cumhurba\u015fkan\u0131\u2019n\u0131n ifadesine g\u00f6re, PKK ter\u00f6r \u00f6rg\u00fct\u00fcne yard\u0131m ve yatakl\u0131k eden, lojistik destek sa\u011flayanlar\u0131n da cezaland\u0131r\u0131lmas\u0131n\u0131n \u00f6ng\u00f6r\u00fcld\u00fc\u011f\u00fc anla\u015f\u0131l\u0131yor.<\/p>\n<p style=\"text-align: justify;\">PKK\u2019n\u0131n yan\u0131s\u0131ra kim yada kimleri cezaland\u0131rmay\u0131 d\u00fc\u015f\u00fcn\u00fcyor T\u00fcrkiye?<\/p>\n<p style=\"text-align: justify;\">Asl\u0131nda PKK yatak\u00e7\u0131lar\u0131n\u0131n kim veya kimler oldu\u011funu art\u0131k sokaktaki adam da biliyor.<\/p>\n<p style=\"text-align: justify;\">Bug\u00fcn \u00f6zellikle de b\u00fcy\u00fck sald\u0131r\u0131lar, bask\u0131nlar i\u00e7in 50 &#8211; 100, bazen daha fazla say\u0131da, a\u011f\u0131r silahlarla donanm\u0131\u015f ter\u00f6rist gruplar nereden geliyor?<\/p>\n<p style=\"text-align: justify;\">Kuzey Irak\u2019tan&#8230;<\/p>\n<p style=\"text-align: justify;\">Peki ter\u00f6r \u00f6rg\u00fct\u00fcn\u00fcn e\u011fitim merkezleri askeri kamplar\u0131, silah ve m\u00fchimmat depolar\u0131 nerede?<\/p>\n<p style=\"text-align: justify;\">Yine Kuzey Irak&#8230;<\/p>\n<p style=\"text-align: justify;\">Ter\u00f6r \u00f6rg\u00fct\u00fc nereden sevk ve idare ediliyor?<\/p>\n<p style=\"text-align: justify;\">Kuzey Irak\u2019taki Kandil b\u00f6lgesinden&#8230;<\/p>\n<p style=\"text-align: justify;\">\u00d6rg\u00fct\u00fcn eleba\u015f\u0131lar\u0131 da bu b\u00f6lgede ya\u015f\u0131yor. Yabanc\u0131 konuklar\u0131n\u0131, gazetecileri bu b\u00f6lgede kabul ediyor.<\/p>\n<p style=\"text-align: justify;\">Kapsaml\u0131 operasyonlarda yaralanan ter\u00f6ristlerin \u00e7o\u011funun Kuzey Irak\u2019taki \u00f6zerk K\u00fcrt y\u00f6netiminin denetimindeki sa\u011fl\u0131k tesislerinde tedavilerinin yap\u0131ld\u0131\u011f\u0131 da biliniyor.<\/p>\n<p style=\"text-align: justify;\">\u00d6zeti \u015fu:<\/p>\n<p style=\"text-align: justify;\">\u00d6rg\u00fct\u00fcn ve \u00f6rg\u00fct eleba\u015f\u0131lar\u0131n\u0131n yata\u011f\u0131 Kuzey Irak\u2019taki serbest ter\u00f6r \u00fcsleri. Yatakl\u0131k yapanlar ise birincisi bu b\u00f6lgenin, yani K\u00fcrdistan \u00d6zerk K\u00fcrt B\u00f6lgesi y\u00f6netimi, yani Mesut Barzani Y\u00f6netimi.<\/p>\n<p style=\"text-align: justify;\">\u0130kincisi Merkezi Irak y\u00f6netimi&#8230;<\/p>\n<p style=\"text-align: justify;\">\u00dc\u00e7\u00fcnc\u00fc, ama en \u00f6nemlisi ise d\u00fcnk\u00fc al\u00e7ak sald\u0131r\u0131 haberinin duyulmas\u0131 \u00fczerine olay\u0131 ilk lanetleyen B\u00fcy\u00fckel\u00e7i\u2019nin \u00fclkesi. Yani Irak\u2019taki i\u015fgalci g\u00fc\u00e7 olan ABD&#8230;<\/p>\n<p style=\"text-align: justify;\">Peki T\u00fcrkiye ne yapacak?<\/p>\n<p style=\"text-align: justify;\">Cumhurba\u015fkan\u0131 G\u00fcl\u2019\u00fcn s\u00f6z\u00fcn\u00fc etti\u011fi intikam nas\u0131l al\u0131nacak?<\/p>\n<p style=\"text-align: justify;\">Bu konuda d\u00fcn sabahtan ak\u015fama kadar Cumhurba\u015fkan\u0131\u2019n\u0131ndan Ba\u015fbakan\u2019a, muhalefet liderlerine ve ter\u00f6r uzmanlar\u0131na kadar hemen herkesin hamasi nutuklar\u0131n\u0131 dinledi T\u00fcrkiye kamuoyu.<\/p>\n<p style=\"text-align: justify;\">Net ve \u00e7arp\u0131c\u0131 \u00f6neri, MHP Genel Ba\u015fkan\u0131 Devlet Bah\u00e7eli\u2019den geldi.<\/p>\n<p style=\"text-align: justify;\">\u00d6teden beri s\u0131n\u0131r\u00f6tesi kara harekat\u0131yla Kandil\u2019e T\u00fcrk Bayra\u011f\u0131 dikilmesini \u00f6neren Devlet Bah\u00e7eli d\u00fcn de \u00f6zetle \u015funu \u00f6nerdi:<\/p>\n<p style=\"text-align: justify;\">&#8211; S\u0131n\u0131rlar\u0131m\u0131z i\u00e7erisinde ter\u00f6r\u00fcn yo\u011fun oldu\u011fu b\u00f6lgelerde Ola\u011fan\u00fcst\u00fc Hal ilan edilsin<\/p>\n<p style=\"text-align: justify;\">&#8211; S\u0131n\u0131r\u00f6tesi Askeri Harekatla Kandil ba\u015fta olmak \u00fczere Kuzey Irak\u2019taki ter\u00f6r yuvalar\u0131 yok edilsin<\/p>\n<p style=\"text-align: justify;\">&#8211; S\u0131n\u0131r b\u00f6lgesinde G\u00fcvenlik Ku\u015fa\u011f\u0131 olu\u015fturulsun&#8230;<\/p>\n<p style=\"text-align: justify;\">H\u00fck\u00fcmet bu \u00f6nerileri kabul edecek mi?<\/p>\n<p style=\"text-align: justify;\">Hay\u0131r&#8230;<\/p>\n<p style=\"text-align: justify;\">\u00d6zellikle de Ola\u011fan\u00fcst\u00fc Hal \u00f6nerisinin kabul g\u00f6rmesi m\u00fcmk\u00fcn de\u011fil. H\u00fck\u00fcmet, ter\u00f6rle m\u00fccadeleyi normal demokratik sistem ve normal hukuk kurallar\u0131 \u00e7er\u00e7evesinde s\u00fcrd\u00fcrmeye kararl\u0131.<\/p>\n<p style=\"text-align: justify;\">S\u0131n\u0131r\u00f6tesi kara harekat\u0131 ise zaten bir s\u00fcreden beri h\u00fck\u00fcmetin de g\u00fcndeminde. Muhtemelen \u00f6n\u00fcm\u00fczdeki g\u00fcnlerde kara harekat\u0131 ger\u00e7ekle\u015ftirilecek.<\/p>\n<p style=\"text-align: justify;\">Ancak bu kez d\u00fc\u015f\u00fcn\u00fclen kara harekat\u0131n\u0131n, bug\u00fcne kadar yap\u0131lan \u00f6rneklerinden \u00e7ok farkl\u0131 olaca\u011f\u0131 s\u00f6yleniyor.<\/p>\n<p style=\"text-align: justify;\">\u201c\u015eiddeti \u00e7ok a\u011f\u0131r olacak, \u00e7ok a\u011f\u0131r bir cezaland\u0131rma olacak\u201d diyor konu\u015ftu\u011fumuz h\u00fck\u00fcmet kaynaklar\u0131.<\/p>\n<p style=\"text-align: justify;\">Bu kaynaklar\u0131n verdi\u011fi bilgiye g\u00f6re, \u00f6n\u00fcm\u00fczdeki s\u00fcre\u00e7te ter\u00f6rle m\u00fccadelenin ana hatlar\u0131 \u015fu \u015fekilde olacak:<\/p>\n<p style=\"text-align: justify;\">\u201cS\u0131n\u0131r \u00f6tesi harekat, sadece kamuoyunu tatmin etmek i\u00e7in g\u00f6stermelik bir eylem olmayacak. Dost d\u00fc\u015fman herkesi \u015fa\u015f\u0131rtacak \u00f6l\u00e7\u00fcde etkili ve a\u011f\u0131r olacak, b\u00f6l\u00fcc\u00fc \u00f6rg\u00fcte nihai darbe \u00f6zelli\u011fi ta\u015f\u0131yacak. Ama bu arada tek hedef bu olmayacak. \u00d6ncelikle \u00fclke s\u0131n\u0131rlar\u0131 i\u00e7erisinde bilinen, tesbit edilen ter\u00f6r yuvalar\u0131, t\u0131pk\u0131 iki hafta \u00f6nce PKK\u2019n\u0131n i\u00e7erdeki en \u00f6nemli \u00fcslerinden biri olan Kavakl\u0131 yuvas\u0131 gibi teker teker imha edilecek.<\/p>\n<p style=\"text-align: justify;\">Baz\u0131 il ve il\u00e7e merkezlerinde bir s\u00fcreden beri sorunlu olan kamu d\u00fczeninin sa\u011flanmas\u0131 i\u00e7in gerekenler yap\u0131lacak. Devlet otoritesi kesinlikle tesis edilecek. KCK operasyonlar\u0131 geni\u015fletilecek, sivil halk\u0131n aras\u0131na kar\u0131\u015fm\u0131\u015f olan ter\u00f6rist unsurlar ay\u0131klanacak&#8230;\u201d<\/p>\n<p style=\"text-align: justify;\">G\u00f6r\u00fcnen o ki kara harekat\u0131 i\u00e7in Ankara art\u0131k g\u00fcn say\u0131yor.<\/p>\n<p style=\"text-align: justify;\">D\u00fc\u015f\u00fcn\u00fclen bu kara harekat\u0131yla birlikte ter\u00f6rle m\u00fccadele farkl\u0131 bir boyut kazanacak.<\/p>\n<p style=\"text-align: justify;\">\u0130\u015fin askeri boyutu \u00f6ne \u00e7\u0131kacak. Ama en az\u0131ndan mevcut durumda h\u00fck\u00fcmet, askeri operasyonlar\u0131n yan\u0131s\u0131ra demokratikle\u015fme ve a\u00e7\u0131l\u0131m politikas\u0131n\u0131 da s\u00fcrd\u00fcrmeye kararl\u0131 g\u00f6z\u00fck\u00fcyor.<\/p>\n<p style=\"text-align: justify;\"><a href=\"http:\/\/haber.gazetevatan.com\/Haber\/406059\/1\/Gundem\" target=\"_blank\">Bilal \u00c7etin &#8211; VATAN Gazetesi<\/a><\/p>\n","protected":false},"excerpt":{"rendered":"<p style=\"text-align: center;\">\n<p id=\"caption-attachment-41391\" class=\"wp-caption-text\">Bilal \u00c7etin<\/p>\n<p style=\"text-align: justify;\">T\u00fcrkiye bu travmay\u0131, bu \u015foku, Silvan sald\u0131r\u0131s\u0131nda da ya\u015fam\u0131\u015ft\u0131. O g\u00fcn de Ba\u015fbakan Tayyip Erdo\u011fan \u201cb\u0131\u00e7a\u011f\u0131n kemi\u011fe dayand\u0131\u011f\u0131n\u0131\u201d s\u00f6ylemi\u015f, \u201cs\u00f6z\u00fcn bitti\u011fi noktaday\u0131z\u201d demi\u015fti.<\/p>\n<p style=\"text-align: justify;\">\u015eimdi \u00c7ukurca bask\u0131n\u0131n\u0131n ard\u0131ndan Cumhurba\u015fkan\u0131 Abdullah G\u00fcl, \u201cintikam\u201d diyor.<\/p>\n<p style=\"text-align: justify;\">\u00c7ok \u00f6nemli bir ba\u015fka ifadesi daha var Cumhurba\u015fkan\u0131 G\u00fcl\u2019\u00fcn:<\/p>\n<p  \n\n","protected":false},"author":1,"featured_media":0,"comment_status":"open","ping_status":"open","sticky":false,"template":"","format":"standard","meta":{"footnotes":""},"categories":[16],"tags":[443],"class_list":["post-41389","post","type-post","status-publish","format-standard","hentry","category-kose-yazilari","tag-bilal-cetin","odd"],"_links":{"self":[{"href":"http:\/\/www.korhanyilmaz.com\/index.php?rest_route=\/wp\/v2\/posts\/41389","targetHints":{"allow":["GET"]}}],"collection":[{"href":"http:\/\/www.korhanyilmaz.com\/index.php?rest_route=\/wp\/v2\/posts"}],"about":[{"href":"http:\/\/www.korhanyilmaz.com\/index.php?rest_route=\/wp\/v2\/types\/post"}],"author":[{"embeddable":true,"href":"http:\/\/www.korhanyilmaz.com\/index.php?rest_route=\/wp\/v2\/users\/1"}],"replies":[{"embeddable":true,"href":"http:\/\/www.korhanyilmaz.com\/index.php?rest_route=%2Fwp%2Fv2%2Fcomments&post=41389"}],"version-history":[{"count":0,"href":"http:\/\/www.korhanyilmaz.com\/index.php?rest_route=\/wp\/v2\/posts\/41389\/revisions"}],"wp:attachment":[{"href":"http:\/\/www.korhanyilmaz.com\/index.php?rest_route=%2Fwp%2Fv2%2Fmedia&parent=41389"}],"wp:term":[{"taxonomy":"category","embeddable":true,"href":"http:\/\/www.korhanyilmaz.com\/index.php?rest_route=%2Fwp%2Fv2%2Fcategories&post=41389"},{"taxonomy":"post_tag","embeddable":true,"href":"http:\/\/www.korhanyilmaz.com\/index.php?rest_route=%2Fwp%2Fv2%2Ftags&post=41389"}],"curies":[{"name":"wp","href":"https:\/\/api.w.org\/{rel}","templated":true}]}}