{"id":41384,"date":"2011-10-19T23:56:37","date_gmt":"2011-10-19T20:56:37","guid":{"rendered":"http:\/\/www.korhanyilmaz.com\/?p=41384"},"modified":"2011-10-20T09:46:38","modified_gmt":"2011-10-20T06:46:38","slug":"hain-saldirinin-emri-suriyeli-bahoz-erdaldan","status":"publish","type":"post","link":"http:\/\/www.korhanyilmaz.com\/?p=41384","title":{"rendered":"Hain sald\u0131r\u0131n\u0131n emri Suriyeli Bahoz Erdal&#8217;dan"},"content":{"rendered":"<p style=\"text-align: center;\"><a href=\"http:\/\/www.korhanyilmaz.com\/wp-content\/uploads\/2011\/10\/9000.jpg\"  class=\"lightview\"><img loading=\"lazy\" decoding=\"async\" class=\" wp-image-41385 aligncenter\" src=\"http:\/\/www.korhanyilmaz.com\/wp-content\/uploads\/2011\/10\/9000.jpg\" alt=\"\" width=\"360\" height=\"180\" \/><\/a><\/p>\n<p style=\"text-align: justify;\">T\u00fcrkiye Hakkari&#8217;deki sald\u0131r\u0131n\u0131n ac\u0131s\u0131yla sars\u0131ld\u0131. Vatan&#8217;\u0131n bilgisine ba\u015fvurdu\u011fu g\u00fcvenlik kaynaklar\u0131, \u00c7ukurca&#8217;ya y\u00f6nelik hain sald\u0131r\u0131n\u0131n ilk i\u015faretlerinin Ekim ortas\u0131nda ortaya \u00e7\u0131kt\u0131\u011f\u0131 bilgisini verirken, kanl\u0131 eylemlerin arkas\u0131ndaki ismin Suriyeli ter\u00f6rist &#8216;Bahoz Erdal&#8217; kod adl\u0131 Fehman H\u00fcseyin oldu\u011funu ifade ediyor.<!--more--><\/p>\n<p style=\"text-align: justify;\">Ter\u00f6ristin militanlara &#8220;\u00c7ukurca&#8217;da uzun zamand\u0131r b\u00fcy\u00fck eylem olmad\u0131\u011f\u0131, b\u00fcy\u00fck bir eylem yap\u0131lmas\u0131 ve a\u011f\u0131r silahlar kullan\u0131lmas\u0131&#8221;na dair s\u00f6zleri b\u00f6lgedeki g\u00fcvenlik birimleri taraf\u0131ndan tespit edildi. G\u00fcvenlik birimleri Eyl\u00fcl ay\u0131 i\u00e7erisinde haz\u0131rlad\u0131klar\u0131 raporlarda; ter\u00f6r \u00f6rg\u00fct\u00fc mensuplar\u0131n\u0131n \u00c7ukur\u00e7a il\u00e7esi Yaprakl\u0131 K\u00f6y\u00fcnden, Cevizli ve \u00c7eltik k\u00f6yleri istikametine 6 adet kat\u0131rla bir adet do\u00e7ka ve m\u00fchimmat dolu \u00e7uvallar g\u00f6t\u00fcrd\u00fckleri bilgisini de iletti. Eyl\u00fcl sonu istihbarat raporunda ise ; &#8220;Hakkari-\u00c7ukurca il\u00e7e merkezinin kar\u015f\u0131s\u0131ndaki b\u00f6lgeye Kuzey Irak Zap kamp\u0131ndan 200 adet havan sevk edildi\u011fi&#8221; bilgisi yerald\u0131.<\/p>\n<p style=\"text-align: justify;\"><span style=\"text-decoration: underline;\">Sald\u0131r\u0131da havan toplar\u0131n\u0131n etkin bir bi\u00e7imde kullan\u0131ld\u0131\u011f\u0131 \u00f6\u011frenilirken ve ula\u015fan istihbarata ra\u011fmen sald\u0131r\u0131n\u0131n ger\u00e7ekle\u015fmesi; al\u0131nan istihbaratlar\u0131n yeterli de\u011ferlendirmeye tabi tutulmad\u0131\u011f\u0131 iddialar\u0131n\u0131 da g\u00fcndeme getirdi.\u00a0<\/span><\/p>\n<p style=\"text-align: justify;\"><strong>Sald\u0131r\u0131n\u0131n hedefi Keklikkaya<\/strong><\/p>\n<p style=\"text-align: justify;\">Sald\u0131r\u0131da en \u00e7ok kay\u0131p Keklikkaya \u00dcs B\u00f6lgesinde verildi. Da\u011f Komando Tugay\u0131&#8217;na ba\u011fl\u0131 Keklikkaya \u00dcs B\u00f6lgesinin 46 personelinden 21&#8217;i \u015fehit oldu, 2&#8217;si a\u011f\u0131r olmak \u00fczere 14&#8217;\u00fc yaraland\u0131. As\u0131l hedefin Kekliktepe oldu\u011fu ancak sabah saatlerinde anla\u015f\u0131labildi. \u00d6rg\u00fct militanlar\u0131 gelecek olas\u0131 bir yard\u0131m\u0131 engellemek i\u00e7in 6 farkl\u0131 yere daha sald\u0131r\u0131 d\u00fczenledi. Kalkan helikopterlerin dikkatini da\u011f\u0131tmak i\u00e7in planlanan eylem maalesef \u00f6nemli \u00f6l\u00e7\u00fcde ba\u015far\u0131ya ula\u015ft\u0131.<\/p>\n<p style=\"text-align: justify;\"><a href=\"http:\/\/haber.gazetevatan.com\/hain-saldirinin-emri-suriyeli-bahoz-erdaldan\/406086\/1\/Gundem\" target=\"_blank\">Kaynak : VATAN Gazetesi<\/a><\/p>\n","protected":false},"excerpt":{"rendered":"<p style=\"text-align: center;\">\n<p style=\"text-align: justify;\">T\u00fcrkiye Hakkari&#8217;deki sald\u0131r\u0131n\u0131n ac\u0131s\u0131yla sars\u0131ld\u0131. Vatan&#8217;\u0131n bilgisine ba\u015fvurdu\u011fu g\u00fcvenlik kaynaklar\u0131, \u00c7ukurca&#8217;ya y\u00f6nelik hain sald\u0131r\u0131n\u0131n ilk i\u015faretlerinin Ekim ortas\u0131nda ortaya \u00e7\u0131kt\u0131\u011f\u0131 bilgisini verirken, kanl\u0131 eylemlerin arkas\u0131ndaki ismin Suriyeli ter\u00f6rist &#8216;Bahoz Erdal&#8217; kod adl\u0131 Fehman H\u00fcseyin oldu\u011funu ifade ediyor.<\/p>\n","protected":false},"author":1,"featured_media":0,"comment_status":"open","ping_status":"open","sticky":false,"template":"","format":"standard","meta":{"footnotes":""},"categories":[105],"tags":[],"class_list":["post-41384","post","type-post","status-publish","format-standard","hentry","category-gundem","odd"],"_links":{"self":[{"href":"http:\/\/www.korhanyilmaz.com\/index.php?rest_route=\/wp\/v2\/posts\/41384","targetHints":{"allow":["GET"]}}],"collection":[{"href":"http:\/\/www.korhanyilmaz.com\/index.php?rest_route=\/wp\/v2\/posts"}],"about":[{"href":"http:\/\/www.korhanyilmaz.com\/index.php?rest_route=\/wp\/v2\/types\/post"}],"author":[{"embeddable":true,"href":"http:\/\/www.korhanyilmaz.com\/index.php?rest_route=\/wp\/v2\/users\/1"}],"replies":[{"embeddable":true,"href":"http:\/\/www.korhanyilmaz.com\/index.php?rest_route=%2Fwp%2Fv2%2Fcomments&post=41384"}],"version-history":[{"count":0,"href":"http:\/\/www.korhanyilmaz.com\/index.php?rest_route=\/wp\/v2\/posts\/41384\/revisions"}],"wp:attachment":[{"href":"http:\/\/www.korhanyilmaz.com\/index.php?rest_route=%2Fwp%2Fv2%2Fmedia&parent=41384"}],"wp:term":[{"taxonomy":"category","embeddable":true,"href":"http:\/\/www.korhanyilmaz.com\/index.php?rest_route=%2Fwp%2Fv2%2Fcategories&post=41384"},{"taxonomy":"post_tag","embeddable":true,"href":"http:\/\/www.korhanyilmaz.com\/index.php?rest_route=%2Fwp%2Fv2%2Ftags&post=41384"}],"curies":[{"name":"wp","href":"https:\/\/api.w.org\/{rel}","templated":true}]}}