{"id":41376,"date":"2011-10-18T22:53:00","date_gmt":"2011-10-18T19:53:00","guid":{"rendered":"http:\/\/www.korhanyilmaz.com\/?p=41376"},"modified":"2011-10-19T21:21:13","modified_gmt":"2011-10-19T18:21:13","slug":"bitliste-kahpe-pusu-5-sehit","status":"publish","type":"post","link":"http:\/\/www.korhanyilmaz.com\/?p=41376","title":{"rendered":"Bitlis&#8217;te Kahpe Pusu : 5 \u015eehit"},"content":{"rendered":"<p style=\"text-align: center;\"><a href=\"http:\/\/www.korhanyilmaz.com\/wp-content\/uploads\/2011\/10\/8134.jpg\"  class=\"lightview\"><img loading=\"lazy\" decoding=\"async\" class=\"aligncenter  wp-image-41377\" src=\"http:\/\/www.korhanyilmaz.com\/wp-content\/uploads\/2011\/10\/8134.jpg\" alt=\"\" width=\"398\" height=\"175\" \/><\/a><\/p>\n<p style=\"text-align: justify;\">PKK\u2019n\u0131n may\u0131nl\u0131 sald\u0131r\u0131s\u0131nda 3 vatanda\u015f\u0131m\u0131z da can verdi.<\/p>\n<p style=\"text-align: justify;\">Bitlis\u2019in G\u00fcroymak il\u00e7esinde yola d\u00f6\u015fenen may\u0131n\u0131n, at\u0131\u015f e\u011fitiminden d\u00f6nen polisleri ta\u015f\u0131yan arac\u0131n ge\u00e7i\u015fi s\u0131ras\u0131nda patlat\u0131lmas\u0131 sonucu 5 polis \u015fehit olurken, biri \u00e7ocuk 3 sivil hayat\u0131n\u0131 kaybetti.<!--more--><\/p>\n<p style=\"text-align: justify;\">2\u2019si a\u011f\u0131r 4 ki\u015finin yaraland\u0131\u011f\u0131 patlama sonras\u0131 z\u0131rhl\u0131 polis arac\u0131 par\u00e7aland\u0131, seyir halinde bulunan \u00e7ok say\u0131da ara\u00e7 hasar g\u00f6rd\u00fc. Patlama alan\u0131nda yakla\u015f\u0131k 2 metre derinli\u011finde bir \u00e7ukur olu\u015ftu.<\/p>\n<p style=\"text-align: justify;\"><strong>Bitlis\u2019te kahpe tuza\u011fa 8 kurban<\/strong><\/p>\n<p style=\"text-align: justify;\">Bitlis\u2019in G\u00fcroymak il\u00e7esinde yola d\u00f6\u015fenen may\u0131n\u0131n, at\u0131\u015f e\u011fitiminden d\u00f6nen polisleri ta\u015f\u0131yan arac\u0131n ge\u00e7i\u015fi s\u0131ras\u0131nda patlat\u0131lmas\u0131 sonucu 5 polis \u015fehit olurken, biri bebek 3 sivil hayat\u0131n\u0131 kaybetti. Patlamada 2\u2019si a\u011f\u0131r 4 ki\u015fi yaralan\u0131rken, olay yerinde ise \u00e7ok say\u0131da ara\u00e7 hasar g\u00f6rd\u00fc. G\u00fcroymak \u0130l\u00e7e Emniyet Amirli\u011fi\u2019nde g\u00f6rev yapan polis memurlar\u0131n\u0131n ayl\u0131k e\u011fitim at\u0131\u015flar\u0131 yapmak i\u00e7in il\u00e7enin yak\u0131n\u0131nda bulunan poligondan d\u00f6nd\u00fckten sonra tuza\u011fa d\u00fc\u015f\u00fcr\u00fcld\u00fc. Polisleri ta\u015f\u0131yan z\u0131rhl\u0131 ara\u00e7ta bulunan polis memurlar\u0131ndan 5\u2019i \u015fehit olurken, biri 2 ya\u015f\u0131ndaki \u00e7ocuk olmak \u00fczere 2 sivil de hayat\u0131n\u0131 kaybetti.<\/p>\n<p style=\"text-align: justify;\"><strong>\u00d6lenlerden biri \u00e7ocuk<\/strong><\/p>\n<p style=\"text-align: justify;\">Patlamada yaralananlar ise b\u00f6lgeye sevk edilen ambulanslarla Bitlis Devlet Hastanesi\u2019ne sevk edilerek tedavi alt\u0131na al\u0131nd\u0131. Patlama sonras\u0131 z\u0131rhl\u0131 polis arac\u0131 par\u00e7alan\u0131rken, karayolunda seyir halinde bulunan \u00e7ok say\u0131da ara\u00e7 da hasar g\u00f6rd\u00fc. Bitlis-G\u00fcroymak karayolu tamamen trafi\u011fe kapat\u0131l\u0131rken, patlama alan\u0131nda ise yakla\u015f\u0131k 2 metre derinli\u011finde bir \u00e7ukur olu\u015ftu. Bitlis Valisi Nurettin Y\u0131lmaz, il\u00e7e giri\u015finde, menfeze d\u00f6\u015fenen kablolu bir patlay\u0131c\u0131n\u0131n, uzaktan kumandayla infilak etti\u011fini belirterek, \u015f\u00f6yle konu\u015ftu: \u201cPatlamada yaralanan vatanda\u015flardan biri de hayat\u0131n\u0131 kaybetti. Ayr\u0131ca patlamada polis memurlar\u0131ndan \u015eaban K\u0131l\u0131\u00e7arslan, B\u00fclent Emen, Volkan Sabaz, Yal\u00e7\u0131n Demir ve Kamuran Ercan \u015fehit oldu. Patlama esnas\u0131nda yoldan ge\u00e7en kamyonette bulunan Hiranur Eraslan (4), Ferit Eraslan (13) ve Resul Eraslan hayat\u0131n\u0131 kaybetti. Hayat\u0131n\u0131 kaybedenler, Bitlis\u2019in G\u00fcroymak n\u00fcfusuna kay\u0131tl\u0131lar. Kamyonet s\u00fcr\u00fcc\u00fcs\u00fc Mehmet Korkmaz ayakta tedavi edilirken, olayda a\u011f\u0131r yaralanan Deniz (10), Esra (14) ve Mihriban Eraslan (17) da yo\u011fun bak\u0131m \u00fcnitesinde tedavi alt\u0131na al\u0131nd\u0131.\u201d Menfur sald\u0131r\u0131n\u0131n ard\u0131ndan, b\u00f6lgede hava destekli operasyonlar ba\u015flat\u0131ld\u0131.<\/p>\n<p style=\"text-align: justify;\"><strong>Mardin\u2019de de may\u0131n<\/strong><\/p>\n<p style=\"text-align: justify;\">\u00d6te yandan, Mardin Valisi Turhan Ayvaz, Mardin-\u00d6merli karayolunun Hop Tepesi mevkinde askeri z\u0131rhl\u0131 arac\u0131n ge\u00e7i\u015fi s\u0131ras\u0131nda ter\u00f6ristlerce daha \u00f6nce yola d\u00f6\u015fenen patlay\u0131c\u0131n\u0131n, uzaktan kumanda ile patlat\u0131ld\u0131\u011f\u0131n\u0131 s\u00f6yledi. Patlamada 1 askerin yaraland\u0131\u011f\u0131n\u0131 belirten Ayvaz, \u201cYaral\u0131 asker Mardin Devlet Hastanesinde tedavi alt\u0131na al\u0131nd\u0131. B\u00f6lgede \u00e7al\u0131\u015fmalar s\u00fcr\u00fcyor\u201d dedi. Olay\u0131n ard\u0131ndan b\u00f6lgede yap\u0131lan aramada patlamam\u0131\u015f bir may\u0131n bulundu.<\/p>\n<p style=\"text-align: justify;\"><a href=\"http:\/\/www.yg.yenicaggazetesi.com.tr\/habergoster.php?haber=57779\" target=\"_blank\">Kaynak : Yeni\u00e7a\u011f Gazetesi<\/a><\/p>\n","protected":false},"excerpt":{"rendered":"<p style=\"text-align: center;\">\n<p style=\"text-align: justify;\">PKK\u2019n\u0131n may\u0131nl\u0131 sald\u0131r\u0131s\u0131nda 3 vatanda\u015f\u0131m\u0131z da can verdi.<\/p>\n<p style=\"text-align: justify;\">Bitlis\u2019in G\u00fcroymak il\u00e7esinde yola d\u00f6\u015fenen may\u0131n\u0131n, at\u0131\u015f e\u011fitiminden d\u00f6nen polisleri ta\u015f\u0131yan arac\u0131n ge\u00e7i\u015fi s\u0131ras\u0131nda patlat\u0131lmas\u0131 sonucu 5 polis \u015fehit olurken, biri \u00e7ocuk 3 sivil hayat\u0131n\u0131 kaybetti.<\/p>\n","protected":false},"author":1,"featured_media":0,"comment_status":"open","ping_status":"open","sticky":false,"template":"","format":"standard","meta":{"footnotes":""},"categories":[105],"tags":[],"class_list":["post-41376","post","type-post","status-publish","format-standard","hentry","category-gundem","odd"],"_links":{"self":[{"href":"http:\/\/www.korhanyilmaz.com\/index.php?rest_route=\/wp\/v2\/posts\/41376","targetHints":{"allow":["GET"]}}],"collection":[{"href":"http:\/\/www.korhanyilmaz.com\/index.php?rest_route=\/wp\/v2\/posts"}],"about":[{"href":"http:\/\/www.korhanyilmaz.com\/index.php?rest_route=\/wp\/v2\/types\/post"}],"author":[{"embeddable":true,"href":"http:\/\/www.korhanyilmaz.com\/index.php?rest_route=\/wp\/v2\/users\/1"}],"replies":[{"embeddable":true,"href":"http:\/\/www.korhanyilmaz.com\/index.php?rest_route=%2Fwp%2Fv2%2Fcomments&post=41376"}],"version-history":[{"count":0,"href":"http:\/\/www.korhanyilmaz.com\/index.php?rest_route=\/wp\/v2\/posts\/41376\/revisions"}],"wp:attachment":[{"href":"http:\/\/www.korhanyilmaz.com\/index.php?rest_route=%2Fwp%2Fv2%2Fmedia&parent=41376"}],"wp:term":[{"taxonomy":"category","embeddable":true,"href":"http:\/\/www.korhanyilmaz.com\/index.php?rest_route=%2Fwp%2Fv2%2Fcategories&post=41376"},{"taxonomy":"post_tag","embeddable":true,"href":"http:\/\/www.korhanyilmaz.com\/index.php?rest_route=%2Fwp%2Fv2%2Ftags&post=41376"}],"curies":[{"name":"wp","href":"https:\/\/api.w.org\/{rel}","templated":true}]}}