{"id":41372,"date":"2011-10-19T15:39:19","date_gmt":"2011-10-19T12:39:19","guid":{"rendered":"http:\/\/www.korhanyilmaz.com\/?p=41372"},"modified":"2011-10-19T20:47:58","modified_gmt":"2011-10-19T17:47:58","slug":"sehitlerimiz-belli-oldu","status":"publish","type":"post","link":"http:\/\/www.korhanyilmaz.com\/?p=41372","title":{"rendered":"\u015eehitlerimiz belli oldu"},"content":{"rendered":"<p style=\"text-align: center;\"><a href=\"http:\/\/www.korhanyilmaz.com\/wp-content\/uploads\/2011\/10\/8133.jpg\"  class=\"lightview\"><img loading=\"lazy\" decoding=\"async\" class=\"aligncenter  wp-image-41373\" src=\"http:\/\/www.korhanyilmaz.com\/wp-content\/uploads\/2011\/10\/8133.jpg\" alt=\"\" width=\"364\" height=\"204\" \/><\/a><\/p>\n<p style=\"text-align: justify;\">Hakkari \u00c7ukurca&#8217;da \u015fehit olan 24 askerin ac\u0131 haberleri baba ocaklar\u0131na ula\u015fmaya ba\u015flad\u0131.<\/p>\n<p style=\"text-align: justify;\">Hakkari\u2019nin \u00c7ukurca il\u00e7esindeki ter\u00f6r sald\u0131r\u0131s\u0131nda \u015fehit olan askerlerin isimleri belli oldu.<\/p>\n<p style=\"text-align: justify;\">\u0130\u00e7i\u015fleri Bakanl\u0131\u011f\u0131 Bas\u0131n M\u00fc\u015favirli\u011fi\u2019nden yap\u0131lan yaz\u0131l\u0131 a\u00e7\u0131klamaya g\u00f6re, \u015fehitlerin isimleri \u015f\u00f6yle:<\/p>\n<p style=\"text-align: justify;\">&#8220;Jandarma \u00dcste\u011fmen Murat Bek (Yozgat), Jandarma K\u0131demli Ba\u015f\u00e7avu\u015f \u0130brahim Ge\u00e7er (Konya), Piyade Astsubay Bilal \u00d6zcan (\u0130stanbul), Piyade Uzman \u00c7avu\u015f Halil \u00d6zdo\u011fru (Sinop), Piyade Uzman \u00c7avu\u015f Mustafa Aslan (\u00c7orum), Piyade Uzman Onba\u015f\u0131 Re\u015fit Eracan (Elaz\u0131\u011f), Piyade \u00c7avu\u015f Koray \u00d6zel (Adana), Piyade \u00c7avu\u015f Yunus Y\u0131lmaz (Ankara), Piyade \u00c7avu\u015f Birol Elmas (Sakarya), Piyade Onba\u015f\u0131 Mesut Cengiz (Hatay), Piyade Onba\u015f\u0131 Mesut Kazan\u00e7 (Erzurum), Piyade Onba\u015f\u0131 Yavuz \u00c7oban (Aksaray), Piyade Onba\u015f\u0131 Fikret \u00d6zer (Samsun), Piyade Onba\u015f\u0131 H\u00fcseyin G\u00fcldal (Kocaeli), Piyade Onba\u015f\u0131 Soner Ate\u015fsa\u00e7an (Artvin), Jandarma Er Ey\u00fcp \u00c7olako\u011flu (\u0130stanbul), Piyade Er \u0130dris \u00c7am (Kahramanmara\u015f), Piyade Er Fevzi Kazak (Gaziantep), Piyade Er Mehmet \u00c7etin (Ayd\u0131n), Piyade Er S\u00fcleyman Kalkan (Isparta), Piyade Er Ahmet Tun\u00e7er (Bitlis), Piyade Er Mehmet A\u011fgedik (Elaz\u0131\u011f), Piyade Er Ramazan Ak\u0131n (A\u011fr\u0131), Piyade Er Ufuk Bozkurt (K\u0131rklareli)&#8221;\u00a0<!--more--><\/p>\n<p style=\"text-align: justify;\"><strong>KONYA AK\u015eEH\u0130R\u00a0<\/strong><\/p>\n<p style=\"text-align: justify;\">HAKKAR\u0130\u2019nin \u00c7ukurca \u0130l\u00e7esi\u2019nde s\u0131n\u0131rdaki askeri birli\u011fe PKK\u2019l\u0131 ter\u00f6ristler taraf\u0131ndan a\u011f\u0131r silahlarla e\u015f zamanl\u0131 d\u00fczenlenen sald\u0131r\u0131 ard\u0131ndan \u00e7\u0131kan \u00e7at\u0131\u015fmada \u015fehit olan 36 ya\u015f\u0131ndaki Astsubay K\u0131demli Ba\u015f\u00e7avu\u015f \u0130brahim Ge\u00e7er\u2019in Konya\u2019n\u0131n Ak\u015fehir \u0130l\u00e7esi\u2019ndeki babas\u0131n\u0131n evine ate\u015f d\u00fc\u015ft\u00fc. Evli ve 2 \u00e7ocuk babas\u0131 olan astsubay Ge\u00e7er\u2019in, bir y\u0131l \u00f6nce babas\u0131n\u0131 kaybetti\u011fi belirlendi.<\/p>\n<p style=\"text-align: justify;\"><strong>YOZGAT\u00a0<\/strong><\/p>\n<p style=\"text-align: justify;\">HAKKAR\u0130\u2019nin \u00c7ukurca \u0130l\u00e7esin\u2019de askeri birli\u011fe ter\u00f6ristlerin a\u011f\u0131r silahlarla sald\u0131r\u0131s\u0131 sonucu \u00e7\u0131kan \u00e7at\u0131\u015fmada \u015fehit d\u00fc\u015fen \u00dcste\u011fmen Murat Bek ile ilgili ac\u0131 haber, ailesine oturduklar\u0131 Yozgat\u2019\u0131n S\u00f6\u011f\u00fctl\u00fcyayla K\u00f6y\u00fc\u2019nde verildi.<\/p>\n<p style=\"text-align: justify;\">Yozgat Jandarma Komutanl\u0131\u011f\u0131\u2019nda g\u00f6revli subaylar, beraberinde \u0130l M\u00fcft\u00fcs\u00fc Nuh Korkmaz ve sa\u011fl\u0131k ekibiyle birlikte bug\u00fcn saat 09.15\u2019de gittikleri S\u00f6\u011f\u00fctl\u00fcyayla K\u00f6y\u00fc\u2019nde oturan aileye ac\u0131 haberi verdi. Jandarma ekiplerinin evin \u00f6n\u00fcnde durdu\u011funu g\u00f6ren anne Elmas Bek, o\u011flunun \u015fehit oldu\u011funu anlayarak sinir krizleri ge\u00e7irdi. Ac\u0131l\u0131 anne, haberi almadan evden \u00e7\u0131k\u0131p ko\u015farak, Jandarma Binba\u015f\u0131 S\u00fcleyman G\u00fcrz\u2019e sar\u0131l\u0131p yere y\u0131\u011f\u0131ld\u0131. Jandarmalar\u0131 g\u00f6ren baba Abdullah Bek ise evin merdivenlerine d\u00fc\u015f\u00fcp sinir krizi ge\u00e7irdi.<\/p>\n<p style=\"text-align: justify;\">Kendini yere b\u0131rakan ac\u0131l\u0131 anne Elmas Bek\u2019i sa\u011fl\u0131k ekibi g\u00fc\u00e7l\u00fckle sakinle\u015ftirdi. O\u011flunun \u015fehit oldu\u011fu haberiyle y\u0131k\u0131lan ac\u0131l\u0131 anne Elmas Bek o\u011flunun ard\u0131ndan a\u011f\u0131t yakarak g\u00f6zya\u015f\u0131 d\u00f6kt\u00fc. \u015eehit \u00dcste\u011fmen Murat Bek\u2019in ni\u015fanl\u0131 oldu\u011fu ve evlilik haz\u0131rl\u0131\u011f\u0131 yapt\u0131\u011f\u0131 belirtildi.<\/p>\n<p style=\"text-align: justify;\"><strong>\u0130STANBUL\u00a0<\/strong><\/p>\n<p style=\"text-align: justify;\"><strong>HA\u0130N SALDIRIDAN \u00d6NCE ANNES\u0130YLE KONU\u015eMU\u015e\u00a0<\/strong><\/p>\n<p style=\"text-align: justify;\">\u015eehit Er \u00c7olako\u011flu&#8217;ndan geriye 5. g\u00fcn \u00f6nce \u015fehit oldu\u011fu birli\u011findeki mevzide \u00e7ekilmi\u015f bu foto\u011fraf\u0131 kald\u0131.<\/p>\n<p style=\"text-align: justify;\">\u0130stanbul&#8217;daki annesine d\u00fcn ak\u015fam izne gelmeyi planlad\u0131\u011f\u0131n\u0131 s\u00f6yleyen \u015eehit Er Ey\u00fcp \u00c7olako\u011flu&#8217;nun g\u00f6rev yapt\u0131\u011f\u0131 birlik bu telefon g\u00f6r\u00fc\u015fmesinden bir ka\u00e7 saat sonra sald\u0131r\u0131ya u\u011frad\u0131.<\/p>\n<p style=\"text-align: justify;\">Hakkari \u00c7ukurca&#8217;daki 26 g\u00fcvenlik g\u00f6revlisinin \u015fehit oldu\u011fu hain sald\u0131r\u0131da hayat\u0131n\u0131 kaybeden Er Ey\u00fcp \u00c7olako\u011flu&#8217;nun \u0130stanbul Avc\u0131lar&#8217;daki evine ac\u0131 haber ula\u015ft\u0131. Sald\u0131r\u0131n\u0131n ard\u0131ndan \u00c7olako\u011flu&#8217;nun Avc\u0131lar&#8217;daki evine gelen askeri yetkililer<\/p>\n<p style=\"text-align: justify;\">\u015fahadet haberini aileye verdi. \u015eehit erin evinin evinin \u00f6n\u00fcnde 112 ambulans ekibi beklerken, balkonuna T\u00fcrk bayra\u011f\u0131 as\u0131ld\u0131\u011f\u0131 ve yak\u0131nlar\u0131n\u0131n ba\u015fsa\u011fl\u0131\u011f\u0131na geldikleri g\u00f6r\u00fcld\u00fc. \u015eehit er \u00c7olako\u011flu&#8217;nun \u00fcvey babas\u0131 Ya\u015far Ergin, Ey\u00fcp&#8217;\u00fcn d\u00fcn ak\u015fam annesiyle konu\u015ftu\u011funu s\u00f6yledi. Ergin, \u201c Annesiyle d\u00fcn ak\u015fam telefonla konu\u015fmu\u015f. Yak\u0131n zamanda izine gelece\u011fini s\u00f6ylemi\u015f. Ama \u015fehadet haberi geldi&#8221; dedi.<\/p>\n<p style=\"text-align: justify;\"><strong>AKSARAY\u00a0<\/strong><\/p>\n<p style=\"text-align: justify;\">21 ya\u015f\u0131ndaki jandarma komando onba\u015f\u0131 Yavuz \u00c7oban\u2019\u0131n, memleketi Aksaray\u2019daki baba oca\u011f\u0131na ate\u015f d\u00fc\u015ft\u00fc. \u015eehit onba\u015f\u0131 \u00c7oban\u2019\u0131n terhisine 5 ay kald\u0131\u011f\u0131 \u00f6\u011frenildi.<\/p>\n<p style=\"text-align: justify;\">\u015eehit jandarma komando onba\u015f\u0131 Yavuz \u00c7oban\u2019\u0131n ac\u0131 haberi, ailesine Aksaray \u0130l Jandarma Komutanl\u0131\u011f\u0131\u2019nda g\u00f6revli subaylar taraf\u0131ndan sa\u011fl\u0131k ekibi e\u015fli\u011finde verildi. O\u011flunun \u015fehit oldu\u011funu \u00f6\u011frenen 4 \u00e7ocuk annesi 50 ya\u015f\u0131ndaki D\u00fcrdane \u00c7oban, sinir krizi ge\u00e7irdi. D\u00fcrdane \u00c7oban, haz\u0131rda bulunan sa\u011fl\u0131k g\u00f6revlileri taraf\u0131ndan sakinle\u015ftirilmeye \u00e7al\u0131\u015f\u0131ld\u0131. \u015eehit \u00c7oban\u2019\u0131n kamyon \u015fof\u00f6r\u00fc olan babas\u0131 50 ya\u015f\u0131ndaki Ekrem \u00c7oban\u2019\u0131n ise i\u015fte oldu\u011fu belirtildi.<\/p>\n<p style=\"text-align: justify;\">Askerden \u00f6nce \u015fof\u00f6rl\u00fck yapan ve terhisine 5 ay kalan \u015fehit Yavuz \u00c7oban\u2019\u0131n, bekar oldu\u011fu, k\u0131z karde\u015finin ni\u015fanl\u0131s\u0131 er Cengiz Ertu\u011frul\u2019un ise Hakkari\u2019de vatani g\u00f6revini yapt\u0131\u011f\u0131 \u00f6\u011frenildi. \u015eehit \u00c7oban\u2019\u0131n cenazesinin yar\u0131n Aksaray\u2019da topra\u011fa verilmesi bekleniyor.<\/p>\n<p style=\"text-align: justify;\"><strong>ADANA\u00a0<\/strong><\/p>\n<p style=\"text-align: justify;\">Jandarma Er Koray \u00d6zel\u2019in ac\u0131 haberi, memleketi Adana\u2019n\u0131n Feke \u0130l\u00e7esi\u2019ndeki ailesini yasa bo\u011fdu.<\/p>\n<p style=\"text-align: justify;\">Feke\u2019ye ba\u011fl\u0131 S\u00fcphandere K\u00f6y\u00fc\u2019nde oturan ve terhisine 50 g\u00fcn kald\u0131\u011f\u0131 \u00f6\u011frenilen Jandarma Er Koray \u00d6zel\u2019in \u015fehit oldu\u011fu haberini sabah saatlerinde alan anne 43 ya\u015f\u0131ndaki Elif \u00d6zel, sinir krizi ge\u00e7irdi. 2 \u00e7ocu\u011fundan erkek olan\u0131n\u0131 kaybeden Elif \u00d6zel\u2019e eve gelen sa\u011fl\u0131k ekipleri m\u00fcdahale etti. Sakinle\u015ftirici i\u011fne yap\u0131lan \u00d6zel\u2019i yak\u0131nlar\u0131 teselli etmeye \u00e7al\u0131\u015ft\u0131.<\/p>\n<p style=\"text-align: justify;\">Orman i\u015f\u00e7isi olan baba 47 ya\u015f\u0131ndaki \u0130diris \u00d6zel\u2019in ise b\u00f6lgenin ormanl\u0131k alan\u0131nda \u00e7al\u0131\u015ft\u0131\u011f\u0131 \u00f6\u011frenilince, yak\u0131nlar\u0131 ac\u0131 haberi vermek i\u00e7in yan\u0131na gitti. Bu arada \u015fehidin tek katl\u0131 ah\u015fap evinine gelen yak\u0131nlar\u0131 ve k\u00f6yl\u00fcler ise ter\u00f6re tepki g\u00f6sterdi.<\/p>\n<p style=\"text-align: justify;\">Feke Kaymakaml\u0131\u011f\u0131\u2019na vekalet eden Saimbeyli Kaymakam\u0131 Mustafa \u00c7ift\u00e7iler, Feke Garnizon Komutan\u0131 Jandarma Y\u00fczba\u015f\u0131 Akg\u00fcn Baydar, Feke Belediye Ba\u015fkan\u0131 MHP Ahmet Sel de eve gelerek aileye taziye dileklerinde bulundu.<\/p>\n<p style=\"text-align: justify;\"><strong>AYDIN NAZ\u0130LL\u0130\u00a0<\/strong><\/p>\n<p style=\"text-align: justify;\">HAKKAR\u0130&#8217;nin \u00c7ukurca \u0130l\u00e7esi&#8217;nde kalabal\u0131k bir PKK&#8217;l\u0131 grubun sald\u0131r\u0131s\u0131nda \u015fehit d\u00fc\u015fen askerlerden 21 ya\u015f\u0131ndaki Mehmet \u00c7etin&#8217;in Ayd\u0131n&#8217;\u0131n Nazilli \u0130l\u00e7esi&#8217;ne ba\u011fl\u0131 Be\u011ferli Be\u011ferli K\u00f6y\u00fc&#8217;ndeki baba oca\u011f\u0131na ate\u015f d\u00fc\u015ft\u00fc. Adeta bir barakada ya\u015fayan anne \u015eerife ve baba Bekir \u00c7etin, ac\u0131 haberi vermeye gelen askeri yetkililer ile ambulans\u0131 g\u00f6r\u00fcnce g\u00f6zya\u015flar\u0131na bo\u011fulup &#8220;Kara o\u011flum nerede&#8221; diye feryat etti. \u015eehidin evine ak\u0131n eden yak\u0131nlar\u0131 sinir krizi ge\u00e7irdi.<\/p>\n<p style=\"text-align: justify;\"><strong>TERH\u0130S\u0130NE 90 G\u00dcN VARDI\u00a0<\/strong><\/p>\n<p style=\"text-align: justify;\">Be\u011ferli K\u00f6y\u00fc&#8217;n\u00fcn tek askeri, be\u015f \u00e7ocuklu \u00c7etin Ailesi&#8217;nin de en k\u00fc\u00e7\u00fc\u011f\u00fc olan \u015fehit er \u00c7etin&#8217;in, da\u011f\u0131t\u0131m iznine geldikten sonra bir daha izin kullanmad\u0131\u011f\u0131, terhisine de 90 g\u00fcn kald\u0131\u011f\u0131 \u00f6\u011frenildi.<\/p>\n<p style=\"text-align: justify;\"><strong>ABLA S\u0130N\u0130R KR\u0130Z\u0130 GE\u00c7\u0130RD\u0130\u00a0<\/strong><\/p>\n<p style=\"text-align: justify;\">Ac\u0131 haberi al\u0131p anne ve babas\u0131n\u0131n yan\u0131na ko\u015fan \u015fehidin ablas\u0131 Fatma Tuzsuz, sinir krizi ge\u00e7irdi. G\u00f6zya\u015flar\u0131na bo\u011fulan ac\u0131l\u0131 ablan\u0131n \u00e7\u0131\u011fl\u0131klar\u0131 y\u00fcrek da\u011flad\u0131. \u015eehidin ye\u011feni S\u00fcleyman Tuzsuz, &#8220;Day\u0131m nerede, ona ne oldu. Ben daha askere gitmedim. Onun intikam\u0131n\u0131 ben alaca\u011f\u0131m&#8221; diyerek g\u00f6zya\u015flar\u0131na hakim olamad\u0131. Day\u0131s\u0131yla en son iki g\u00fcn \u00f6nce telefonla konu\u015ftu\u011funu, kendisine &#8220;En k\u0131sa zamanda aran\u0131zda olaca\u011f\u0131m&#8221; dedi\u011fini anlatt\u0131. \u00c7ift\u00e7ilik yapan ailenin yokluk i\u00e7inde b\u00fcy\u00fctt\u00fc\u011f\u00fc \u015fehit er \u00c7etin&#8217;in askerden geldikten sonra babas\u0131yla birlikte \u00e7ift\u00e7ilik yapmaya devam etmek istedi\u011fi belirtildi.<\/p>\n<p style=\"text-align: justify;\"><strong>ISPARTA YALVA\u00c7\u00a0<\/strong><\/p>\n<p style=\"text-align: justify;\">HAKKAR\u0130\u2019nin \u00c7ukurca \u0130l\u00e7esi\u2019nde PKK\u2019l\u0131 ter\u00f6ristlerin a\u011f\u0131r silahlarla d\u00fczenledi\u011fi sald\u0131r\u0131 sonras\u0131nda \u00e7\u0131kan \u00e7at\u0131\u015fmada \u015fehit d\u00fc\u015fen 21 ya\u015f\u0131ndaki jandarma komando er S\u00fcleyman Kalkan\u2019\u0131n ac\u0131 haberini alan Isparta\u2019n\u0131n Yalva\u00e7 \u0130l\u00e7esi\u2019ndeki ailesi g\u00f6zya\u015flar\u0131na bo\u011fuldu. Anne \u015eerif Kalkan, &#8220;Yavrum, ku\u015fum \u00f6ld\u00fc m\u00fc? Ben \u2019Hakkari\u2019ye gitme\u2019 dedim. B\u00f6yle olaca\u011f\u0131n\u0131 biliyordum&#8221; diye feryat etti.<\/p>\n<p style=\"text-align: justify;\">\u00c7ukurca\u2019da PKK ter\u00f6r \u00f6rg\u00fctn\u00fcn d\u00fczenledi\u011fi sald\u0131r\u0131da \u015fehit d\u00fc\u015fen jandarma komando er S\u00fcleyman Kalkan\u2019\u0131n \u015fehit haberini Yalva\u00e7\u2019\u0131n S\u00fcc\u00fcll\u00fc Beldesi\u2019nde oturan ailesine, \u0130l\u00e7e Garnizon Komutan\u0131 Jandarma \u00dcste\u011fmen Hakan G\u00fcler, M\u00fcft\u00fcl\u00fck\u2019ten bir din g\u00f6revlisi ve sa\u011fl\u0131k ekipleriyle birlikte verdi. Kalkan Ailesi\u2019nin oturdu\u011fu Harmanyeri Mahallesi\u2019ne giden G\u00fcler ve beraberindekiler, sokakta kom\u015fular\u0131yla birlikte oturan anne \u015eerif Kalkan\u2019a \u015fehit haberini verdi. O\u011flunun \u015fehit d\u00fc\u015ft\u00fc\u011f\u00fcn\u00fc o anda \u00f6\u011frenen \u015eerif Kalkan, &#8220;Yavrum, ku\u015fum \u00f6ld\u00fc m\u00fc? \u015eimdi bana kim kanat gerecek? Yavrum S\u00fcleyman\u2019\u0131m. Ben \u2019Hakkari\u2019ye gitme\u2019 dedim. B\u00f6yle olaca\u011f\u0131n\u0131 biliyordum&#8221; diye feryat etti. Sinir krizi ge\u00e7iren anne Kalkan\u2019a sa\u011fl\u0131k ekipleri m\u00fcdahale etti.<\/p>\n<p style=\"text-align: justify;\">Kendisine sakinle\u015ftirici vermek isteyen sa\u011fl\u0131k ekiplerine izin vermeyen ac\u0131l\u0131 kad\u0131n, kendini yerden yere att\u0131.<\/p>\n<p style=\"text-align: justify;\">\u015eehit er S\u00fcleyman Kalkan\u2019\u0131n karde\u015fleri 18 ya\u015f\u0131ndaki \u0130lknur, 15 ya\u015f\u0131ndaki Ay\u015fe, 13 ya\u015f\u0131ndaki Burcu ve 10 ya\u015f\u0131ndaki Murat da g\u00f6zya\u015flar\u0131na bo\u011fuldu.<\/p>\n<p style=\"text-align: justify;\">Torunu ile ayn\u0131 ismi ta\u015f\u0131yan S\u00fcleyman Kalkan ise ter\u00f6r\u00fc lanetledi. O\u011flu \u0130sa Kalkan\u2019\u0131n 8 y\u0131l \u00f6nce vefat etti\u011fini belirten S\u00fcleyman Kalkan, &#8220;Sabah uyand\u0131\u011f\u0131mda haberlerde \u015fehitler oldu\u011funu duydum. \u0130\u00e7ime torunumun \u015fehit oldu\u011fu ku\u015fkusu d\u00fc\u015fm\u00fc\u015ft\u00fc. Ben torunumu yetim b\u00fcy\u00fctt\u00fcm. B\u00f6yle olsun diye mi b\u00fcy\u00fctt\u00fcm?&#8221; dedi.<\/p>\n<p style=\"text-align: justify;\">Di\u011fer yandan, \u015fehidin evine ve beldenin bir\u00e7ok yerine T\u00fcrk bayraklar\u0131 as\u0131ld\u0131.<\/p>\n<p style=\"text-align: justify;\"><strong>HATAY \u0130SKENDERUN\u00a0<\/strong><\/p>\n<p style=\"text-align: justify;\">HAKKAR\u0130\u2019nin \u00c7ukurca \u0130l\u00e7esi\u2019nde ter\u00f6ristlerin sald\u0131r\u0131s\u0131nda \u015fehit olan askerlerden Jandarma Er 20 ya\u015f\u0131ndaki Mesut Cengiz\u2019in ac\u0131 haberi, memleketi Hatay\u2019\u0131n \u0130skenderun \u0130l\u00e7esi\u2019ndeki baba evine kor gibi d\u00fc\u015ft\u00fc.<\/p>\n<p style=\"text-align: justify;\">Bekar olan 5 ayl\u0131k asker Mesut Cengiz\u2019in il\u00e7eye ba\u011fl\u0131 Denizciler Beldesi \u015eirinyurt Mahallesi\u2019ndeki evine gelen askerler, baba i\u015f\u00e7i emeklisi 65 ya\u015f\u0131ndaki Ahmet Cengiz\u2019e ac\u0131 haberi verdi. Bu s\u0131rada 2 katl\u0131 eve T\u00fcrk Bayra\u011f\u0131 as\u0131ld\u0131, kap\u0131da bir ambulans da haz\u0131r bekledi.<\/p>\n<p style=\"text-align: justify;\"><strong>\u015eEH\u0130T ANNES\u0130 KO\u015eARAK GELD\u0130\u00a0<\/strong><\/p>\n<p style=\"text-align: justify;\">Bu s\u0131rada d\u0131\u015far\u0131da olan 4 \u00e7ocuk annesi 60 ya\u015f\u0131ndaki Sultan Cengiz, evinin \u00f6n\u00fcndeki ambulans ve askerleri g\u00f6r\u00fcnce ko\u015fmaya ba\u015flad\u0131. Ko\u015farken, kalabal\u0131\u011f\u0131n kendi evinde topland\u0131\u011f\u0131, evinin duvar\u0131na da T\u00fcrk Bayra\u011f\u0131 as\u0131ld\u0131\u011f\u0131n\u0131 fark eden Sultan Cengiz, o\u011flunun \u015fehit oldu\u011funu anlay\u0131p a\u011flamaya ba\u015flad\u0131. Evinin kap\u0131s\u0131nda yere y\u0131\u011f\u0131lan Cengiz, kom\u015fular\u0131 taraf\u0131ndan koluna girilerek i\u00e7eri al\u0131nd\u0131. Bayg\u0131nl\u0131k ge\u00e7iren anneye, sa\u011fl\u0131k ekipleri m\u00fcdahale etti. Bu arada fenala\u015fan baba Ahmet Cengiz, ila\u00e7 verilerek sakinle\u015ftirildi.<\/p>\n<p style=\"text-align: justify;\">\u0130skenderun Kaymakam\u0131 Ali \u0130hsan Su da eve gelerek amca Emin Cengiz\u2019e ba\u015fsa\u011fl\u0131\u011f\u0131 dile\u011finde bulundu. Ter\u00f6re tepki g\u00f6steren amca Cengiz, &#8220;Bu \u00e7ocuklar\u0131n ne g\u00fcnah\u0131 vard\u0131&#8221; dedi.<\/p>\n<p style=\"text-align: justify;\"><strong>GAZ\u0130ANTEP\u00a0<\/strong><\/p>\n<p style=\"text-align: justify;\">HAKKAR\u0130\u2019nin \u00c7ukurca \u0130l\u00e7esi\u2019nde ter\u00f6ristlerle \u00e7\u0131kan \u00e7at\u0131\u015fmada \u015fehit d\u00fc\u015fen Piyade Er 20 ya\u015f\u0131ndaki Fevzi Kazak\u2019\u0131n Gaziantep\u2019te ya\u015fayan ailesi ac\u0131l\u0131 haberle y\u0131k\u0131ld\u0131. Kurban Bayram\u0131\u2019ndan hemen sonra terhis olaca\u011f\u0131 \u00f6\u011frenilen \u015fehit erin annesi, pencereden askerlerin evine geldi\u011fini g\u00f6r\u00fcnce &#8220;Eyvah oca\u011f\u0131m\u0131z batt\u0131&#8221; diye \u00e7\u0131\u011fl\u0131k att\u0131.<\/p>\n<p style=\"text-align: justify;\">\u015eehit Piyade Er Kazak\u2019\u0131n merkez \u015eehitkamil \u0130l\u00e7esi Zeytinli Mahallesi 132 Nolu Sokak\u2019ta oturan ailesine ac\u0131 haberi askeri yetkililer verdi. D\u0131\u015far\u0131dan gelen sesler \u00fczerine iki katl\u0131 s\u0131vas\u0131z evlerinin penceresinden k\u0131z\u0131yla d\u0131\u015far\u0131 bakan anne 40 ya\u015f\u0131ndaki Fatma Kazak, askeri g\u00f6r\u00fcnce, &#8220;Fevzi\u2019me bir\u015fey mi oldu? Eyvah oca\u011f\u0131m\u0131z batt\u0131&#8221; diye \u00e7\u0131\u011fl\u0131k att\u0131. Sinir krizleri ge\u00e7iren anne Fatma Kazak\u2019a sa\u011fl\u0131k ekipleri m\u00fcdahalede bulunurken, erkek karde\u015fleri ise polis, asker ve yak\u0131nlar\u0131 taraf\u0131ndan g\u00fc\u00e7l\u00fckle sakinle\u015ftirildi.<\/p>\n<p style=\"text-align: justify;\">\u015eehidin babas\u0131 Mehmet Kazak\u2019\u0131n bir in\u015faatta bek\u00e7ilik yapt\u0131\u011f\u0131, \u015fehit olan o\u011flu Fevzi Kazak\u2019\u0131n ikinci evlili\u011finden d\u00fcnyaya geldi\u011fi, di\u011fer o\u011flu Cuma Kazak\u2019\u0131n da halen Kocaeli\u2019nde askerlik yapt\u0131\u011f\u0131 \u00f6\u011frenildi. Ac\u0131 haber \u00fczerine \u015fehidin evinde toplanan \u00e7ok say\u0131da yak\u0131n\u0131 b\u00fcy\u00fck \u00fcz\u00fcnt\u00fc ya\u015farken, \u015fehidin evinin bulundu\u011fu mahalleye T\u00fcrk bayraklar\u0131 as\u0131ld\u0131. \u015eehit Kazak\u2019\u0131n Kurban Bayram\u0131\u2019ndan hemen sonra terhis olaca\u011f\u0131 bildirildi.<\/p>\n<p style=\"text-align: justify;\"><strong>SAMSUN\u00a0<\/strong><\/p>\n<p style=\"text-align: justify;\">21 ya\u015f\u0131ndaki piyade er Fikret \u00d6zel\u2019in Samsun\u2019daki evine ate\u015f d\u00fc\u015ft\u00fc. Baba Celal \u00d6zel, o\u011fluyla d\u00fcn konu\u015ftuklar\u0131 belirterek, &#8220;8 g\u00fcnl\u00fck bir g\u00f6reve gideceklerini s\u00f6yleyip \u2019Hakk\u0131n\u0131 helal et\u2019 dedi. Sonra bu ac\u0131 haberi \u00f6\u011frendik&#8221; dedi.<\/p>\n<p style=\"text-align: justify;\">\u00c7ukurca\u2019daki sald\u0131r\u0131da \u015fehit d\u00fc\u015fen piyade er Fikret \u00d6zel\u2019in ac\u0131l\u0131 haberini ailesine Atakum Kaymakam\u0131 Salim Demir ve Merkez Komutan\u0131 K\u0131demli Albay Ahmet \u015eadi \u00c7ak\u0131r, sa\u011fl\u0131k ekibi e\u015fli\u011finde verdi. Haberi alan aile, yasa bo\u011fuldu. Sinir krizi ge\u00e7iren anne \u0130nci \u00d6zel g\u00f6zya\u015flar\u0131na bo\u011fuldu.<\/p>\n<p style=\"text-align: justify;\">3 \u00e7ocuk sahibi baba Celal \u00d6zel, o\u011fluyla d\u00fcn konu\u015ftuklar\u0131n\u0131 belirterek, &#8220;Mart ay\u0131nda askere gitti. D\u00fcn \u00f6\u011fleden sonra telefonla konu\u015ftuk. 8 g\u00fcnl\u00fck g\u00f6reve \u00e7\u0131kacaklar\u0131n\u0131 s\u00f6yleyip, \u2019Hakk\u0131n\u0131 helal et\u2019 dedi. Bu s\u00fcre i\u00e7inde arayamayaca\u011f\u0131n\u0131 s\u00f6yledi. Ben de kendisine dikkat etmesini s\u00f6yledim. Sonra bug\u00fcn ac\u0131 haberi geldi. T\u00fcrk milletinin ba\u015f\u0131 sa\u011folsun&#8221; diye konu\u015ftu.<\/p>\n<p style=\"text-align: justify;\">\u015eehidin evi ve bulundu\u011fu mahalle, T\u00fcrk bayraklar\u0131yla donat\u0131ld\u0131.<\/p>\n<p style=\"text-align: justify;\"><strong>\u00c7ORUM\u00a0<\/strong><\/p>\n<p style=\"text-align: justify;\">HAKKAR\u0130\u2019deki hain sald\u0131r\u0131da \u015fehit d\u00fc\u015fen 27 ya\u015f\u0131ndaki Piyade Uzman \u00c7avu\u015f Mustafa Aslan\u2019\u0131n ac\u0131 haberi memleketi \u00c7orum\u2019da \u00f6nce e\u015fi P\u0131nar Aslan\u2019a ard\u0131n da anne ve babas\u0131na verildi.<\/p>\n<p style=\"text-align: justify;\">Hakkari\u2019de \u015fehit d\u00fc\u015fen uzman \u00e7avu\u015f Mustafa Aslan\u2019\u0131n \u015fehit olmas\u0131 \u00c7orum\u2019un Kale Mahallesi\u2019ndeki ailesini yasa yasa bo\u011fdu. 7 y\u0131ll\u0131k uzman \u00e7avu\u015f olan 2 \u00e7ocuk babas\u0131 Aslan\u2019\u0131n ac\u0131 haberini \u00f6nce e\u015fi 25 ya\u015f\u0131ndaki P\u0131nar Aslan, ard\u0131ndan annesi, 46 ya\u015f\u0131ndaki Samiye Aslan ve babas\u0131, 50 ya\u015f\u0131ndaki Ali Aslan \u00f6\u011frendi.<\/p>\n<p style=\"text-align: justify;\">Ac\u0131l\u0131 haberi alan aile fertleri g\u00f6zya\u015flar\u0131na hakim olamad\u0131. 3 \u00e7ocu\u011fu oldu\u011funu s\u00f6yleyen baba Ali Aslan, &#8220;T\u00fcrk milletinin ba\u015f\u0131 sa\u011folsun&#8221; diye konu\u015farak ter\u00f6r \u00f6rg\u00fct\u00fcne lanet okudu. Anne Samiye Aslan evin \u00f6n\u00fcne as\u0131lan T\u00fcrk bayra\u011f\u0131na sar\u0131larak a\u011flad\u0131. E\u015fini kaybeden P\u0131nar Aslan ise, ayakta durmakta g\u00fc\u00e7l\u00fck \u00e7ekti.<\/p>\n<p style=\"text-align: justify;\"><strong>ANKARA\u00a0<\/strong><\/p>\n<p style=\"text-align: justify;\"><strong>BABASINDAN HELALL\u0130K \u0130STED\u0130\u00a0<\/strong><\/p>\n<p style=\"text-align: justify;\">Hakkari \u00c7ukurca\u2019daki 26 g\u00fcvenlik g\u00f6revlisinin \u015fehit oldu\u011fu hain sald\u0131r\u0131da hayat\u0131n\u0131 kaybeden Er Yunus Y\u0131lmaz&#8217;\u0131n Ankara&#8217;daki baba evine ate\u015f d\u00fc\u015ft\u00fc. \u015eehit er Y\u0131lmaz&#8217;\u0131n d\u00fcn gece babas\u0131n\u0131 arayarak, &#8220;Baba operasyona \u00e7\u0131k\u0131yoruz. Hakk\u0131n\u0131 helal et&#8221; dedi\u011fi \u00f6\u011frenildi.\u015eehit er Y\u0131lmaz&#8217;\u0131n Ankara Pursaklar \u0130l\u00e7esi&#8217;ndeki baba evine gelen askeri yetkililer, \u015fehadet haberini aileye verdi. \u015eehit erin evinin evinin \u00f6n\u00fcnde 112 ambulans ekibi beklerken, balkonuna ve mahalledeki baz\u0131 evlere T\u00fcrk bayra\u011f\u0131 as\u0131ld\u0131.<\/p>\n<p style=\"text-align: justify;\"><strong>BABA \u0130SYAN ETT\u0130<\/strong><\/p>\n<p style=\"text-align: justify;\">Taziyeleri kabul eden \u015fehidin babas\u0131 Hasan Y\u0131lmaz, art\u0131k akan kan\u0131n durmas\u0131 gerekti\u011fini belirterek, &#8220;Yeter art\u0131k, ne gerekiyorsa, ne yap\u0131lmas\u0131 laz\u0131msa yap\u0131ls\u0131n. Art\u0131k y\u00fcreklere ate\u015f d\u00fc\u015fmesin. Bu hainleri temizlesinler. Meclisteki BDP&#8217;li milletvekillerinin ald\u0131\u011f\u0131 maa\u015flar haram olsun. Meclis&#8217;te ter\u00f6rist istemiyoruz. Herkes akl\u0131n\u0131 ba\u015f\u0131na als\u0131n, sabr\u0131m\u0131z t\u00fckendi&#8221; dedi. Baba Y\u0131lmaz, o\u011flunun d\u00fcn gece saat 02.00 s\u0131ralar\u0131nda kendisine arad\u0131\u011f\u0131n\u0131 belirterek, &#8220;Bana &#8216;Baba operasyona \u00e7\u0131k\u0131yoruz&#8217; hakk\u0131n\u0131 helal et. S\u0131k\u0131nt\u0131l\u0131 bir durum var gibi. Dua edin, operasyondan d\u00f6n\u00fcnce haber veririm&#8217; dedi. D\u00fcn gece g\u00f6z\u00fcme uyku girmedi. Sabahta o\u011flumun \u015fehit haberiyle uyand\u0131m&#8221; diye konu\u015ftu. \u015eehidin day\u0131s\u0131 Yusuf Karc\u0131 ise isyan ederek, &#8220;\u015eu hainlere s\u00f6yleyin, biz bitmeyiz, biz yorulmay\u0131z, aya\u011f\u0131 d\u00fc\u015fmeyiz. Bir \u00f6l\u00fcr\u00fcz bin do\u011far\u0131z. Onlar bizi yok edemez&#8221; dedi.<\/p>\n<p style=\"text-align: justify;\">\u015eehit er Y\u0131lmaz&#8217;\u0131n 4 karde\u015ften en k\u00fc\u00e7\u00fc\u011f\u00fc oldu\u011fu ve 4 ay \u00f6nce askere gitti\u011fi \u00f6\u011frenildi. Acemi birli\u011fini Isparta&#8217;da yapan Y\u0131lmaz&#8217;\u0131n, bir ay \u00f6nce Hakkari&#8217;ye gitti\u011fi belirtildi. Sivil hayatta bir i\u015fyerinde asgari \u00fccret ile \u00e7al\u0131\u015ft\u0131\u011f\u0131 \u00f6\u011frenilen Y\u0131lmaz&#8217;\u0131n, vatani g\u00f6revini tamamlad\u0131ktan sonra evlili\u011fi d\u00fc\u015f\u00fcnd\u00fc\u011f\u00fc kaydedildi.<\/p>\n<p style=\"text-align: justify;\"><strong>KAHRAMANMARA\u015e\u00a0<\/strong><\/p>\n<p style=\"text-align: justify;\">HAKKAR\u0130\u2019nin \u00c7ukurca \u0130l\u00e7esi\u2019nde ter\u00f6ristlerin sald\u0131r\u0131s\u0131nda \u015fehit d\u00fc\u015fen askerlerden Piyade \u00c7avu\u015f \u0130dris \u00c7am\u2019\u0131n memleketi Kahramanmara\u015f\u2019ta oturan yak\u0131nlar\u0131 ac\u0131 haberle y\u0131k\u0131l\u0131rken \u015fehidin terhisine 38 g\u00fcn kald\u0131\u011f\u0131 belirtildi.<\/p>\n<p style=\"text-align: justify;\">Merkeze ba\u011fl\u0131 D\u00f6ngele Beldesi\u2019nde oturan babas\u0131 \u00e7ift\u00e7i 65 ya\u015f\u0131ndaki Ali \u00c7am ile annesi 60 ya\u015f\u0131ndaki \u00dcmm\u00fchan \u00c7am, bu sabah sald\u0131r\u0131 haberini duyunca, ula\u015fabildikleri t\u00fcm ilgililere telefon ederek o\u011fullar\u0131ndan gelecek iyi bir haberi bekledi. Ancak \u00f6\u011fle saatlerinde evlerine gelen askerlerden ac\u0131 haberi alan anne ile baba, g\u00f6zya\u015flar\u0131na bo\u011fuldu. Baba Ali \u00c7am, duygular\u0131n\u0131 ifade etmekte zorlan\u0131rken, &#8220;Ne yapal\u0131m, kader. Kader b\u00f6yleymi\u015f&#8221; dedi. \u015eehidin a\u011fabeyi Cuma \u00c7am da, &#8220;Hainler en k\u0131sa zamanda yakalans\u0131n, gerekenler yap\u0131ls\u0131n. Karde\u015fimin terhis olmas\u0131na 38 g\u00fcn kalm\u0131\u015ft\u0131. Kendisi ile d\u00fcn ak\u015fam saat 20.00\u2019da g\u00f6r\u00fc\u015ft\u00fck. \u201938 g\u00fcn\u00fcm kald\u0131 geliyorum a\u011fabey\u2019 dedi. Ben de kendisine iyi bakmas\u0131n\u0131 s\u00f6yleyince, iyi oldu\u011fu cevab\u0131n\u0131 verdi. Arada s\u0131rada telefon a\u00e7ard\u0131. Aramazsa ben k\u0131zard\u0131m&#8221; dedi. A\u011fabey Cam, televizyondan sald\u0131r\u0131 haberini duyunca ula\u015fabildi\u011fi her yeri arad\u0131\u011f\u0131n\u0131 ancak ac\u0131 haberi eve gelen askerlerden ald\u0131klar\u0131n\u0131 s\u00f6yledi.<\/p>\n<p style=\"text-align: justify;\">Haberi duyan yak\u0131nlar\u0131 ve kom\u015fular\u0131 da \u00c7am Ailesi\u2019nin evine ak\u0131n ederek onlar\u0131 teselli etmeye \u00e7al\u0131\u015ft\u0131.<\/p>\n<p style=\"text-align: justify;\"><strong>KOCAEL\u0130\u00a0<\/strong><\/p>\n<p style=\"text-align: justify;\">HAKKAR\u0130\u2019nin \u00c7ukurca \u0130l\u00e7esi\u2019nde \u015fehit olan askerler aras\u0131nda Kocaeli\u2019nin Karam\u00fcrsel \u0130l\u00e7esi\u2019nde oturan 24 ya\u015f\u0131ndaki H\u00fcseyin G\u00fcldal\u2019\u0131n da bulundu\u011fu bildirildi.<\/p>\n<p style=\"text-align: justify;\">Ailesi Karam\u00fcrsel \u0130l\u00e7esi\u2019nin Yalakdere semtinde oturan H\u00fcseyin G\u00fcldal\u2019\u0131n Kocaeli \u00dcniversitesi mezunu oldu\u011fu ve terhisine de 6 ay kald\u0131\u011f\u0131 \u00f6\u011frenildi. \u015eehit erin Ebru Uta\u015f ile ni\u015fanl\u0131 oldu\u011fu ve d\u00fc\u011f\u00fcn i\u00e7in terhisinin beklendi\u011fi de bildirildi.<\/p>\n<p style=\"text-align: justify;\"><strong>ELAZI\u011e&#8217;DA \u0130K\u0130 \u015eEH\u0130T\u00a0<\/strong><\/p>\n<p style=\"text-align: justify;\">HAKKAR\u0130\u2019nin \u00c7ukurca \u0130l\u00e7esi\u2019nde PKK\u2019l\u0131 ter\u00f6ristlerin sald\u0131r\u0131s\u0131nda \u015fehit olan askerlerden Elaz\u0131\u011fl\u0131 olan uzman \u00e7avu\u015f 25 ya\u015f\u0131ndaki Re\u015fit Ercan ile er Mehmet A\u011fgedik\u2019in evlerine ate\u015f d\u00fc\u015ft\u00fc.<\/p>\n<p style=\"text-align: justify;\">\u00c7ukurca\u2019da PKK\u2019l\u0131 ter\u00f6ristlerin sald\u0131r\u0131s\u0131nda \u015fehit olan askerlerden ikisi Elaz\u0131\u011fl\u0131 \u00e7\u0131kt\u0131. \u015eehit haberleri kentte b\u00fcy\u00fck \u00fcz\u00fcnt\u00fc yarat\u0131rken, \u015fehitlerin baba evlerine de ate\u015f d\u00fc\u015f\u00fcrd\u00fc.<\/p>\n<p style=\"text-align: justify;\"><strong>TERH\u0130S\u0130NE 5 AY VARDI\u00a0<\/strong><\/p>\n<p style=\"text-align: justify;\">\u00c7ukurca\u2019da PKK sald\u0131r\u0131s\u0131nda \u015fehit olan 21 ya\u015f\u0131ndaki er Mehmet A\u011fgedik\u2019in Elaz\u0131\u011f merkez Olgunlar Mahallesi Atat\u00fcrk Caddes \u00fczerindeki Tekin Apartman\u0131\u2019nda ya\u015fayan ailesine ac\u0131 haber 8\u2019inci Kolordu Komutanl\u0131\u011f\u0131 g\u00f6revlileri taraf\u0131ndan, sa\u011fl\u0131k g\u00f6revlileleri e\u015fli\u011finde verildi. Ac\u0131 haberi alan \u015fehit babas\u0131 Bekir A\u011fgedik, b\u00fcy\u00fck \u00fcz\u00fcnt\u00fc ya\u015fad\u0131. Baba A\u011fgedik, g\u00f6zya\u015flar\u0131 d\u00f6kerken evine giremedi. A\u011fgedik, yak\u0131nlar\u0131 taraf\u0131ndan teselli edilmeye \u00e7al\u0131\u015f\u0131ld\u0131. Baba A\u011fgedik, o\u011flu ile en son pazartesi g\u00fcn\u00fc g\u00f6r\u00fc\u015ft\u00fc\u011f\u00fcn\u00fc belirterek, &#8220;Vatan sa\u011folsun ne yapal\u0131m ba\u015fka bir \u015fey yok. Milletimizin ba\u015f\u0131 sa\u011f olsun, ne yapal\u0131m. Yeter bu art\u0131k&#8221; dedi. 3 karde\u015f oldu\u011fu belirtilen \u015eehit A\u011fgedik\u2019in askere gitmeden \u00f6nce bir avukat\u0131n yan\u0131nda \u00e7al\u0131\u015ft\u0131\u011f\u0131 ve yaz aylar\u0131nda ise A\u011f\u0131n \u0130l\u00e7esi\u2019ne giderek, burada dedesine tarlada \u00e7al\u0131\u015farak yard\u0131m etti\u011fi \u00f6\u011frenildi.<\/p>\n<p style=\"text-align: justify;\">8 ayl\u0131k asker olan Mehmet A\u011fgedik\u2019in yak\u0131nlar\u0131 evlerine T\u00fcrk bayra\u011f\u0131 ast\u0131.<\/p>\n<p style=\"text-align: justify;\"><strong>UZMAN CAVU\u015eUN EV\u0130NDE YAS<\/strong><\/p>\n<p style=\"text-align: justify;\">\u00c7ukurca\u2019da \u015fehit olan uzman \u00e7avu\u015f Re\u015fit Ercan\u2019\u0131n Elaz\u0131\u011f\u2019\u0131n Kovanc\u0131lar \u0130l\u00e7esi Yar\u0131mca Beldesi\u2019ndeki baba oca\u011f\u0131na ate\u015f d\u00fc\u015ft\u00fc. 1 y\u0131ll\u0131k uzman \u00e7avu\u015f oldu\u011fu belirtilen Ercan\u2019\u0131n 1 ay \u00f6nce amcas\u0131n\u0131n k\u0131z\u0131 G\u00fcll\u00fc Ercan ile ni\u015fanland\u0131\u011f\u0131 \u00f6\u011frenildi.<\/p>\n<p style=\"text-align: justify;\">Ac\u0131 haberi alan Ercan ailesinin fertleri fenal\u0131k ge\u00e7irdi. 5 \u00e7ocuk babas\u0131 \u0130srafil Ercan ile karde\u015fleri fenal\u0131k ge\u00e7irdi. Aileye eve giren sa\u011fl\u0131k ekipleri m\u00fcdahalede bulundu.<\/p>\n<p style=\"text-align: justify;\"><strong>S\u0130NOP\u00a0<\/strong><\/p>\n<p style=\"text-align: justify;\">HAKKAR\u0130\u2019nin \u00c7ukurca \u0130l\u00e7esi\u2019nde 41 ya\u015f\u0131ndaki Piyade Uzman \u00c7avu\u015f Halil \u00d6zdo\u011fru\u2019nun \u015fehit oldu\u011fu haberi Sinop\u2019taki evini yas b\u00fcr\u00fcnd\u00fcrd\u00fc. Afganistan\u2019daki T\u00fcrk Birli\u011fi\u2019nden Hakkari\u2019ye atanan Uzman \u00c7avu\u015f \u00d6zdo\u011fru\u2019nun ailesi ac\u0131 haber \u00fczerine g\u00f6zya\u015flar\u0131na bo\u011fuldu.<\/p>\n<p style=\"text-align: justify;\">Sinop Garnizon Komutan\u0131 Jandarma Albay Mehmet Erkan Ar\u0131kan, Piyade Uzman \u00c7avu\u015f Halil \u00d6zdo\u011fru\u2019nun merkeze ba\u011fl\u0131 Uzung\u00fcrgen k\u00f6y\u00fcnde ya\u015fayan ailesine ac\u0131l\u0131 haberine verince herkes g\u00f6zya\u015flar\u0131na bo\u011fuldu. Ac\u0131 haberi alan \u015fehit uzman \u00e7avu\u015fun yak\u0131nlar\u0131 fenal\u0131k ge\u00e7irdi.<\/p>\n<p style=\"text-align: justify;\">G\u00fc\u00e7l\u00fckle ayakta duran baba Osman \u00d6zdo\u011fru, o\u011fluyla en son bir ay \u00f6nce g\u00f6r\u00fc\u015ft\u00fc\u011f\u00fcn\u00fc belirterek, &#8220;Vatan sa\u011folsun, Allah geride kalan askerlerimize uzun \u00f6m\u00fcrler versin&#8221; dedi. Anne \u015eehri \u00d6zdo\u011fru ise g\u00f6zya\u015flar\u0131n\u0131 tutamayarak, o\u011flunun foto\u011fraf\u0131na sar\u0131l\u0131p, &#8220;Bu da m\u0131 ba\u015f\u0131m\u0131za gelecekti&#8221; diyerek a\u011f\u0131tlar yak\u0131p a\u011flad\u0131.<\/p>\n<p style=\"text-align: justify;\">3 \u00e7ocuk babas\u0131 piyade Uzman \u00e7avu\u015f Halil \u00d6zdo\u011fru\u2019nun e\u015fi Nuray \u00d6zdo\u011fru ise sinir krizi ge\u00e7irdi. Ac\u0131l\u0131 kad\u0131n\u0131 yak\u0131nlar\u0131 teselli etmeye \u00e7al\u0131\u015ft\u0131.<\/p>\n<p style=\"text-align: justify;\">\u015eehidin karde\u015fi olan Kamil \u00d6zdo\u011fru ise a\u011fabeyinin Afganistan\u2019daki T\u00fcrk Birli\u011fi\u2019nde g\u00f6rev yapt\u0131\u011f\u0131n\u0131 belirterek, &#8220;D\u00f6nd\u00fckten sonra Hakkari\u2019ye g\u00f6reve gitti. 1 ay \u00f6nce de 15 g\u00fcnl\u00fc\u011f\u00fcne izine geldi. Bizimle g\u00f6r\u00fc\u015ft\u00fc ve gitti. Daha sonra g\u00f6r\u00fc\u015femedik. Bu haber gelince y\u0131k\u0131ld\u0131k&#8221; diye konu\u015ftu.<\/p>\n<p style=\"text-align: justify;\"><strong>KIRKLAREL\u0130\u00a0<\/strong><\/p>\n<p style=\"text-align: justify;\">HAKKAR\u0130\u2019nin \u00c7ukurca \u0130l\u00e7esinde \u015fehit olan K\u0131rklarelili Piyade Er Ufuk Bozkurt\u2019un Vize il\u00e7esi \u00c7avu\u015fk\u00f6y\u2019de ya\u015fayan baba evine ate\u015f d\u00fc\u015ft\u00fc. Ormandan s\u0131rtlar\u0131nda yakmak i\u00e7in toplad\u0131klar\u0131 \u00e7al\u0131lar ile d\u00f6nen baba Fedai \u00d6zt\u00fcrk haberi al\u0131nca bayg\u0131nl\u0131k ge\u00e7irdi.<\/p>\n<p style=\"text-align: justify;\">Vize Kaymakam Vekili Mevl\u00fct \u00d6zmen, Vize Garnizon Komutan\u0131 Jandarma Albay Hasan Basri K\u00fc\u00e7\u00fck, Vize Belediye Ba\u015fkan\u0131 Sel\u00e7uk Y\u0131lmaz ve askeri yetkililer, sa\u011fl\u0131k g\u00f6revlileri ile birlikte bug\u00fcn \u00f6\u011fleden sonra \u015fehit Piyade Er Ufuk Bozkurt\u2019un ailesinin bulundu\u011fu \u00c7avu\u015fk\u00f6y\u2019e gitti. Ancak g\u00f6revliler aileyi evde bulamad\u0131. Ailenin ormanl\u0131k alana odun toplamaya gitti\u011finin \u00f6\u011frenilmesi \u00fczerine g\u00fcvenlik g\u00f6revlileri ormanl\u0131k alanda aramaya gitti.<\/p>\n<p style=\"text-align: justify;\"><strong>YE\u015e\u0130L KARTLI \u015eEH\u0130T BABASI\u00a0<\/strong><\/p>\n<p style=\"text-align: justify;\">Ye\u015fil Kart\u0131 bulunan baba Fedai Bozkurt ile \u00fcvey anne Ay\u015fe Bozkurt s\u0131rtlar\u0131nda \u00e7al\u0131larla d\u00f6nd\u00fcklerinde, evin \u00f6n\u00fcnde bekleyen g\u00f6revlileri g\u00f6r\u00fcnce ne oldu\u011funu sordu. G\u00f6revlilerin aileye tezkeresine 5 ay kalan tek o\u011fullar\u0131 Ufuk Bozkurt\u2019un \u015fehit d\u00fc\u015ft\u00fc\u011f\u00fc haberi \u00fczerine, Fedai ve Ay\u015fe Bozkurt \u00e7ifti bayg\u0131nl\u0131k ge\u00e7irdi. Sa\u011fl\u0131k ekiplerinin m\u00fcdahalesinin ard\u0131ndan Bozkurt cifti Vize Devlet Hastanesi\u2019ne kald\u0131r\u0131ld\u0131.<\/p>\n<p style=\"text-align: justify;\">Tekirda\u011f\u2019\u0131n Saray \u0130l\u00e7esi \u00c7ak\u0131ll\u0131 Beldesi\u2019nde ya\u015fayan \u015fehit Er Ufuk Bozkurt\u2019un \u00f6z annesi Naciye K\u00f6sem de ac\u0131 haberi \u00f6\u011frenince \u00c7avu\u015fk\u00f6y\u2019e geldii. Burada ac\u0131ya daha fazla dayanamay\u0131p bayg\u0131nl\u0131k ge\u00e7iren ac\u0131l\u0131 anne K\u00f6sem de Vize Devlet Hastanesi\u2019ne kald\u0131r\u0131ld\u0131.<\/p>\n<p style=\"text-align: justify;\"><strong>ARTV\u0130N\u00a0<\/strong><\/p>\n<p style=\"text-align: justify;\">\u00dcLKEN\u0130N y\u00fcre\u011fini yakan \u015fehit ac\u0131s\u0131 Artvin\u2019in Yusufeli \u0130l\u00e7esi\u2019ne de d\u00fc\u015ft\u00fc. Hakkari\u2019de \u015fehit olan jandarma piyade onba\u015f\u0131 Soner Ate\u015fsa\u00e7an\u2019\u0131n yak\u0131nlar\u0131 g\u00f6zya\u015flar\u0131na bo\u011fuldu.<\/p>\n<p style=\"text-align: justify;\">Yusufeli Kaymakam\u0131 Cumhur Duran ve Jandarma Alay Komutan\u0131 Albay Alper S\u0131r ile baz\u0131 yetkililer, ailenin ya\u015fad\u0131\u011f\u0131 \u00d6zg\u00fcven K\u00f6y\u00fc\u2019ne giderek ac\u0131 haberi verdi. Baba Mehmet ve anne Fatma Ate\u015fsa\u00e7an ile karde\u015fleri feryat etti, k\u00fc\u00e7\u00fck karde\u015flerini kaybetmenin ac\u0131s\u0131yla g\u00f6zya\u015f\u0131 d\u00f6kt\u00fc. 6 \u00e7ocuklu ailenin en k\u00fc\u00e7\u00fc\u011f\u00fc olan 20 ya\u015f\u0131ndaki Soner Ate\u015fsa\u00e7an\u2019\u0131n, 6 ay \u00f6nce askere gitti\u011fi ve e\u011fitiminin ard\u0131ndan da Hakkari Ge\u00e7itli Da\u011f Komando Tugay\u0131\u2019nda s\u0131hh\u0131ye g\u00f6revlisi olarak g\u00f6reve ba\u015flad\u0131\u011f\u0131 \u00f6\u011frenildi. Sa\u011fl\u0131k Meslek Lisesi mezunu oldu\u011fu \u00f6\u011frenilen piyade onba\u015f\u0131 Soner\u2019in, Facebook sayfas\u0131nda da, bir kad\u0131n askerin g\u00f6zya\u015f\u0131 g\u00f6r\u00fcnt\u00fcs\u00fcne yer verdi\u011fi g\u00f6zlendi.<\/p>\n<p style=\"text-align: justify;\"><strong>ERZURUM \/ A\u011eRI\u00a0<\/strong><\/p>\n<p style=\"text-align: justify;\">HAKKAR\u0130\u2019nin \u00c7ukurca il\u00e7esinde b\u00f6l\u00fcc\u00fc ter\u00f6r \u00f6rg\u00fct\u00fcn\u00fcn sald\u0131r\u0131s\u0131 s\u0131ras\u0131nda \u015fehit askerlerden birinin Erzurumlu onba\u015f\u0131 Mesut Kazan\u00e7 (24), di\u011ferinin ise A\u011fr\u0131\u2019n\u0131n Hamur il\u00e7esinden er Ramazan Ak\u0131n (20) oldu\u011fu belirlendi.<\/p>\n<p style=\"text-align: justify;\">Erzurum\u2019un Konakl\u0131 Mahallesinde ya\u015fayan onba\u015f\u0131 Mesut Kazan\u00e7\u2019\u0131n ailesine haber vermek \u00fczere 9\u2019uncu Kolordu Komutanl\u0131\u011f\u0131ndan subaylardan olu\u015fan bir ekip saat 15.00 s\u0131ralar\u0131nda \u00c7at \u0130l\u00e7esine do\u011fru hareket etti. Ambulans ve sa\u011fl\u0131k g\u00f6revlilerinin de aralar\u0131nda bulundu\u011fu ekip, Paland\u00f6ken Da\u011f\u0131 eteklerindeki Konakl\u0131 K\u00f6y\u00fcne y\u00f6nlendi. Dozerin kar temizlemesinin ard\u0131ndan konvoyun k\u00f6ye giri\u015fi s\u0131ras\u0131nda bir \u00e7ocuk, asker selam\u0131 vererek konvoyu kar\u015f\u0131lad\u0131. Subaylar, doktorlarla birlikte Ma\u015fuka- \u015eevket Kazan\u00e7 \u00e7iftinin evine do\u011fru gittiler.<\/p>\n<p style=\"text-align: justify;\"><strong>TEK O\u011eLUNU KAYBEDEN BABA BAYGINLIK GE\u00c7\u0130RD\u0130\u00a0<\/strong><\/p>\n<p style=\"text-align: justify;\">T\u00fcm k\u00f6yden a\u011flama sesi y\u00fckselirken, be\u015f k\u0131z babas\u0131 \u015eevket Kazan\u00e7, tek o\u011flunun \u015fehit oldu\u011fu haberini al\u0131nca bayg\u0131nl\u0131k ge\u00e7irdi ve kendini yerlere att\u0131. Anne ve k\u0131z karde\u015fleri, g\u00f6zya\u015flar\u0131na bo\u011fulurken, subaylar ve sa\u011fl\u0131k personeli aileyi teselli etmeye \u00e7al\u0131\u015ft\u0131. Bekar ve A\u00e7\u0131k \u00d6\u011fretim Fak\u00fcltesi \u00f6\u011frencisi olan 91\/1 tertip onba\u015f\u0131 Mesut Kazan\u00e7\u2019\u0131n anne, baba ve k\u0131z karde\u015fleri rahats\u0131zlan\u0131nca ambulanslarla hastaneye kald\u0131r\u0131ld\u0131. Beyin damarlar\u0131nda rahats\u0131zl\u0131\u011f\u0131 bulunan \u015eevket Kazan\u00e7 ile e\u015fi ve 5 k\u0131z\u0131 Mera\u015fal Fevzi \u00c7akmak Askeri Hastanesinde tedavi alt\u0131na al\u0131nd\u0131.<\/p>\n<p style=\"text-align: justify;\"><strong>A\u011eRI\u2019DA \u015eEH\u0130T ACISI\u00a0<\/strong><\/p>\n<p style=\"text-align: justify;\">\u00d6te yandan \u00c7ukurca\u2019da \u015fehit olanlardan birinin de A\u011fr\u0131\u2019n\u0131n Hamur il\u00e7esine ba\u011fl\u0131 A. Yenig\u00fcn k\u00f6y\u00fcnden 20 ya\u015f\u0131ndaki er Ramazan Ak\u0131n oldu\u011fu a\u00e7\u0131kland\u0131. K\u00f6y Muhtar\u0131 olan baba Mehmet ile anne Sakine Ak\u0131n\u2019a il\u00e7e yetkilileri ac\u0131 haberi verdi. Ramazan Ak\u0131n\u2019\u0131n 8 karde\u015ften 5\u2019inci oldu\u011fu bildirildi.<\/p>\n<p style=\"text-align: justify;\"><strong>B\u0130TL\u0130S\u00a0<\/strong><\/p>\n<p style=\"text-align: justify;\">HAKKAR\u0130\u2019nin \u00c7ukurca \u0130l\u00e7esi\u2019nde PKK\u2019l\u0131 ter\u00f6ristlerin d\u00fczenledi\u011fi sald\u0131r\u0131da \u015fehit d\u00fc\u015fen 24 askerden piyade er Ahmet Tuncel\u2019in ac\u0131 haberi, Bitlis\u2019in Mutki \u0130l\u00e7esi\u2019ne ba\u011fl\u0131 \u00c7\u0131\u011f\u0131r K\u00f6y\u00fc\u2019nde oturan ailesini yasa bo\u011fdu.<\/p>\n<p style=\"text-align: justify;\">Mutki\u2019nin \u00c7\u0131\u011f\u0131r K\u00f6y\u00fc\u2019nde oturan \u015fehit Tuncel\u2019in ailesi, ac\u0131 haberi sa\u011fl\u0131k ekibi e\u015fli\u011finde evlerine gelen askeri yetkililerden ald\u0131. Haberi duyan \u015fehidin annesi Perihan ve babas\u0131 Mehmet Baki Tuncel, sinir krizi ge\u00e7irdi. Kendilerini yerden yere atan ve kendilerine getirilemeyen Mehmet Baki ve Perihan Tuncel \u00e7ifti, yak\u0131nlar\u0131 taraf\u0131ndan hastaneye kald\u0131r\u0131ld\u0131.<\/p>\n<p style=\"text-align: justify;\">Mutki Kaymakam\u0131 O\u011fuzhan Bulut, hastaneye giderek burada \u015fehidin anne ve babas\u0131na ba\u015fsa\u011fl\u0131\u011f\u0131 diledi.<\/p>\n<p style=\"text-align: justify;\"><a href=\"http:\/\/gundem.milliyet.com.tr\/sehitlerimiz-belli-oldu\/gundem\/gundemdetay\/19.10.2011\/1452610\/default.htm?PAGE=1\" target=\"_blank\">Kaynak : Milliyet.com.tr<\/a><\/p>\n","protected":false},"excerpt":{"rendered":"<p style=\"text-align: center;\">\n<p style=\"text-align: justify;\">Hakkari \u00c7ukurca&#8217;da \u015fehit olan 24 askerin ac\u0131 haberleri baba ocaklar\u0131na ula\u015fmaya ba\u015flad\u0131.<\/p>\n<p style=\"text-align: justify;\">Hakkari\u2019nin \u00c7ukurca il\u00e7esindeki ter\u00f6r sald\u0131r\u0131s\u0131nda \u015fehit olan askerlerin isimleri belli oldu.<\/p>\n<p style=\"text-align: justify;\">\u0130\u00e7i\u015fleri Bakanl\u0131\u011f\u0131 Bas\u0131n M\u00fc\u015favirli\u011fi\u2019nden yap\u0131lan yaz\u0131l\u0131 a\u00e7\u0131klamaya g\u00f6re, \u015fehitlerin isimleri \u015f\u00f6yle:<\/p>\n<p style=\"text-align: justify;\">&#8220;Jandarma \u00dcste\u011fmen Murat Bek (Yozgat), Jandarma K\u0131demli Ba\u015f\u00e7avu\u015f \u0130brahim Ge\u00e7er <\/p>\n","protected":false},"author":1,"featured_media":0,"comment_status":"open","ping_status":"open","sticky":false,"template":"","format":"standard","meta":{"footnotes":""},"categories":[105],"tags":[],"class_list":["post-41372","post","type-post","status-publish","format-standard","hentry","category-gundem","odd"],"_links":{"self":[{"href":"http:\/\/www.korhanyilmaz.com\/index.php?rest_route=\/wp\/v2\/posts\/41372","targetHints":{"allow":["GET"]}}],"collection":[{"href":"http:\/\/www.korhanyilmaz.com\/index.php?rest_route=\/wp\/v2\/posts"}],"about":[{"href":"http:\/\/www.korhanyilmaz.com\/index.php?rest_route=\/wp\/v2\/types\/post"}],"author":[{"embeddable":true,"href":"http:\/\/www.korhanyilmaz.com\/index.php?rest_route=\/wp\/v2\/users\/1"}],"replies":[{"embeddable":true,"href":"http:\/\/www.korhanyilmaz.com\/index.php?rest_route=%2Fwp%2Fv2%2Fcomments&post=41372"}],"version-history":[{"count":0,"href":"http:\/\/www.korhanyilmaz.com\/index.php?rest_route=\/wp\/v2\/posts\/41372\/revisions"}],"wp:attachment":[{"href":"http:\/\/www.korhanyilmaz.com\/index.php?rest_route=%2Fwp%2Fv2%2Fmedia&parent=41372"}],"wp:term":[{"taxonomy":"category","embeddable":true,"href":"http:\/\/www.korhanyilmaz.com\/index.php?rest_route=%2Fwp%2Fv2%2Fcategories&post=41372"},{"taxonomy":"post_tag","embeddable":true,"href":"http:\/\/www.korhanyilmaz.com\/index.php?rest_route=%2Fwp%2Fv2%2Ftags&post=41372"}],"curies":[{"name":"wp","href":"https:\/\/api.w.org\/{rel}","templated":true}]}}