{"id":4137,"date":"2009-02-28T08:58:36","date_gmt":"2009-02-28T06:58:36","guid":{"rendered":"http:\/\/www.korhanyilmaz.com\/?p=4137"},"modified":"2009-02-28T08:58:36","modified_gmt":"2009-02-28T06:58:36","slug":"kim-bu-derin-kulak","status":"publish","type":"post","link":"http:\/\/www.korhanyilmaz.com\/?p=4137","title":{"rendered":"Kim bu derin kulak"},"content":{"rendered":"<p style=\"text-align: justify;\"><img loading=\"lazy\" decoding=\"async\" class=\"aligncenter size-full wp-image-4138\" title=\"Kim bu derin kulak \" src=\"http:\/\/www.korhanyilmaz.com\/wp-content\/uploads\/2009\/02\/280220090540560056370.jpg\" alt=\"Kim bu derin kulak \" width=\"376\" height=\"240\" \/><\/p>\n<p style=\"text-align: justify;\"><strong>Son g\u00fcnlerde &#8216;Karanl\u0131k bir el&#8217; gizlice kaydedilen ses kasetlerini internete s\u0131zd\u0131r\u0131yor.<\/strong><\/p>\n<p style=\"text-align: justify;\">Tolon&#8217;un tahliyesi \u00f6ncesi mahkemeyi su\u00e7layan kaset yay\u0131nland\u0131 Do\u011fan Grubu&#8217;na vergi cezas\u0131 g\u00fcndemdeyken eski bir g\u00f6r\u00fc\u015fme servis edildi. 28 \u015eubat&#8217;ta ise emekli Org. Karaday\u0131&#8217;n\u0131n ses kay\u0131tlar\u0131 internete d\u00fc\u015ft\u00fc<\/p>\n<p style=\"text-align: justify;\"><strong>B\u00fcy\u00fck organizasyon i\u015fi<\/strong><\/p>\n<p style=\"text-align: justify;\">Y\u0131llard\u0131r telekulak faaliyetlerini tart\u0131\u015fan T\u00fcrkiye, her sabah casus filmlerinde g\u00f6r\u00fclecek t\u00fcrden bir skandalla uyan\u0131yor. Kritik g\u00f6revlerde bulunan asker ve sivillerin; telefonda, lokantada, hastanede yapt\u0131\u011f\u0131 konu\u015fmalar kelime kelime internet sitelerinde yay\u0131nlan\u0131yor. Bu &#8216;derin kula\u011f\u0131n&#8217; arkas\u0131nda b\u00fcy\u00fck bir organizasyon oldu\u011fu anla\u015f\u0131l\u0131yor. \u00c7\u00fcnk\u00fc zamanlamas\u0131 m\u00fcthi\u015f. Hedefte kim varsa, onunla ilgili bir kaset pat diye \u00e7\u0131kar\u0131l\u0131yor.<!--more--><strong>28 \u015eubat hediyesi!<\/strong><\/p>\n<p style=\"text-align: justify;\"><strong><\/strong><br \/>\nKara Harp Okulu Komutan\u0131&#8217;ndan Y\u00d6K Ba\u015fkan\u0131 Tezi\u00e7&#8217;e, savc\u0131lardan tabur komutanlar\u0131na kadar hemen herkesi dinleyip, ses kay\u0131tlar\u0131n\u0131 internete veren &#8216;derin kulak&#8217;\u0131n son hedefi eski Genelkurmay Ba\u015fkan\u0131 \u0130smail Hakk\u0131 Karaday\u0131 oldu. Cumhurba\u015fkanl\u0131\u011f\u0131 se\u00e7imindeki 367 olay\u0131 ve Enc\u00fcmen-i Dani\u015f&#8217;le ilgili iki kasedi daha \u00f6nce yay\u0131nlanan Karaday\u0131&#8217;n\u0131n son ses kayd\u0131 28 \u015eubat&#8217;\u0131n y\u0131ld\u00f6n\u00fcm\u00fcnde Kanal 7&#8217;ye ba\u011fl\u0131 &#8216;Haber 7&#8217; adl\u0131 internet sitesinde yer ald\u0131.\n<\/p>\n<p style=\"text-align: justify;\"><strong>EN KR\u0130T\u0130K D\u00d6NEMLERDE B\u0130R KASET \u00c7IKIYOR<\/strong><\/p>\n<p style=\"text-align: justify;\">Daha \u00f6nce ortaya \u00e7\u0131kan Karaday\u0131&#8217;ya ait oldu\u011fu \u00f6ne s\u00fcr\u00fclen ilk ses kayd\u0131nda, Anayasa Mahkemesi&#8217;nin taraf\u0131ndan iptal edilen Cumhurba\u015fkanl\u0131\u011f\u0131 se\u00e7imi \u00f6ncesi ya\u015fanan 367 tart\u0131\u015fmas\u0131 ile ilgili olarak ANAP Genel Ba\u015fkan\u0131 Erkan Mumcu&#8217;ya y\u00f6nelik hakaretleriyle, silahl\u0131 kuvvetlerden beklentileri bulunuyordu. Karaday\u0131&#8217;ya ait ikinci ses kayd\u0131nda ise Enc\u00fcmen-i Dani\u015f toplant\u0131lar\u0131na kat\u0131ld\u0131\u011f\u0131 \u00f6ne s\u00fcr\u00fclen emekli pa\u015falar\u0131n isimleri say\u0131l\u0131yor ve bu giri\u015fimin yarataca\u011f\u0131 sonu\u00e7lar de\u011ferlendiriliyordu. Telefon ve ortam dinlemesi yoluyla elde edilen ses kay\u0131tlar\u0131, elde edenler taraf\u0131ndan konjonkt\u00fcr ve g\u00fcndemdeki konular a\u00e7\u0131s\u0131ndan gerekli g\u00f6r\u00fcld\u00fck\u00e7e kamuoyuna yans\u0131t\u0131l\u0131yor. Dinleme ve kay\u0131t konusunda ya\u015fanan \u00f6rnekler \u015f\u00f6yle:<\/p>\n<p style=\"text-align: justify;\"><strong>TA\u015eKESEN&#8217;\u0130N KAYITLARI: <\/strong>Kara Harp Okulu Komutan\u0131 T\u00fcmgeneral Reha Ta\u015fkesen: Ta\u015fkesen&#8217;in \u00f6zel hayat\u0131na ili\u015fkin baz\u0131 telefon g\u00f6r\u00fc\u015fmelerinin kayda al\u0131nd\u0131\u011f\u0131na ili\u015fkin haberler \u00e7\u0131kt\u0131. Bunun \u00fczerine Ta\u015fkesen istifa etti.<\/p>\n<p style=\"text-align: justify;\"><strong>TEZ\u0130\u00c7&#8217;\u0130N  SES KAYDI:<\/strong> Eski Y\u00d6K Ba\u015fkan\u0131 Prof. Dr. Erdo\u011fan Tezi\u00e7: Tezi\u00e7&#8217;in Genelkurmay&#8217;\u0131n 27 Nisan muht\u0131ras\u0131na ili\u015fkin kar\u015f\u0131s\u0131ndaki ki\u015fiyle yapt\u0131\u011f\u0131 konu\u015fmalar ve G\u00fcl&#8217;\u00fcn Cumhurba\u015fkanl\u0131\u011f\u0131&#8217;n\u0131n mutlaka engellenece\u011fine ili\u015fkin yorumlar\u0131 internete d\u00fc\u015ft\u00fc.<\/p>\n<p style=\"text-align: justify;\"><strong>KOMUTANLARIN V\u0130DEOSU: <\/strong>Deniz Kuvvetleri Komutanl\u0131\u011f\u0131 E\u011fitim ve \u00d6\u011fretim Komutan\u0131 T\u00fcmamiral Kadir Sa\u011fd\u0131\u00e7: YouTube&#8217;a d\u00fc\u015fen ses kayd\u0131nda, Sa\u011fd\u0131\u00e7 oldu\u011fu \u00f6ne s\u00fcr\u00fclen ki\u015fi, darbe imas\u0131nda bulunuyor ve askerlerden olu\u015ftu\u011fu izlenimi veren bir toplulu\u011fa konu\u015fma yap\u0131yordu. Sa\u011fd\u0131\u00e7, Komutan konu\u015fmas\u0131nda ordunun her 20-25 y\u0131lda bir siyasilerin elinde yozla\u015fan sistemi tekrar ray\u0131na oturtmak zorunda kald\u0131\u011f\u0131n\u0131 ve askerin gerekti\u011fi zaman gerekli reaksiyonlar\u0131 g\u00f6sterebilece\u011fini s\u00f6yl\u00fcyordu.<\/p>\n<p style=\"text-align: justify;\">Hakkari Da\u011fl\u0131ca Tabur Komutan\u0131 Yarbay Onur Dirik: PKK&#8217;n\u0131n bask\u0131n yapt\u0131\u011f\u0131 Da\u011fl\u0131ca taburunun komutan\u0131na ait ses kayd\u0131nda, komutanlara ve b\u00f6lgede halk\u0131na a\u011f\u0131r hakaretler yer al\u0131yordu.<\/p>\n<p style=\"text-align: justify;\">Genelkurmay Plan Harekat Daire Ba\u015fkan\u0131 T\u00fcmgeneral Kenan Ko\u00e7ak-Stratejik Ara\u015ft\u0131rmalar ve Et\u00fct Merkezi Ba\u015fkan\u0131 Tu\u011fgeneral S\u00fcha Tanyeri: Ko\u00e7ak ve Tanyeri&#8217;ye ait oldu\u011fu \u00f6ne s\u00fcr\u00fclen ses kay\u0131tlar\u0131nda, sivil toplum \u00f6rg\u00fctleri ve gazetecilerin kullan\u0131lmas\u0131 ve parayla sat\u0131n al\u0131nacak akademisyenlerin y\u00f6nlendirilmesi gibi konulardan bahsediliyordu.<\/p>\n<p style=\"text-align: justify;\"><strong>ERUYGUR&#8217;UN 12&#8217;NC\u0130 MAHKEME KAYDI: <\/strong>Mukaddes Eruygur: Emekli Orgeneral \u015eener Eruygur&#8217;un e\u015fi Mukaddes Eruygur&#8217;un avukat\u0131n\u0131n &#8220;M\u00fcvekkilime ait de\u011fil&#8221; dedi\u011fi kay\u0131tta, Mukaddes Eruygur oldu\u011fu iddia edilen ki\u015fi, e\u015finin yarg\u0131land\u0131\u011f\u0131 \u0130stanbul&#8217;daki a\u011f\u0131r ceza mahkemelerinden baz\u0131lar\u0131 i\u00e7in &#8220;bizden&#8221; ifadesini kullan\u0131yordu. Ses kayd\u0131nda ayr\u0131ca Eruygur&#8217;un tahliyesini sa\u011flayan rahats\u0131zl\u0131\u011f\u0131na ili\u015fkin de GATA&#8217;da g\u00f6revli hakim albay Mehmet Nusret Demircan&#8217;\u0131n s\u00f6zleri yer al\u0131yordu.<\/p>\n<p style=\"text-align: justify;\"><strong>DO\u011eAN GRUBU&#8217;NUN TELEFON G\u00d6R\u00dc\u015eMES\u0130: <\/strong>Do\u011fan Yay\u0131n Holding Ba\u015fkan Yard\u0131mc\u0131s\u0131 Soner Gedik ile Gelir \u0130daresi Ba\u015fkan\u0131 Mehmet Akif Ulusoy: Do\u011fan Grubu&#8217;na kesilen vergi cezas\u0131na ili\u015fkin telefon g\u00f6r\u00fc\u015fmesi de internete d\u00fc\u015ft\u00fc.<\/p>\n<p style=\"text-align: justify;\"><span style=\"color: #888888;\">Kaynak : Vatan Gazetesi<\/span><\/p>\n","protected":false},"excerpt":{"rendered":"<p style=\"text-align: justify;\">\n<p style=\"text-align: justify;\">Son g\u00fcnlerde &#8216;Karanl\u0131k bir el&#8217; gizlice kaydedilen ses kasetlerini internete s\u0131zd\u0131r\u0131yor.<\/p>\n<p style=\"text-align: justify;\">Tolon&#8217;un tahliyesi \u00f6ncesi mahkemeyi su\u00e7layan kaset yay\u0131nland\u0131 Do\u011fan Grubu&#8217;na vergi cezas\u0131 g\u00fcndemdeyken eski bir g\u00f6r\u00fc\u015fme servis edildi. 28 \u015eubat&#8217;ta ise emekli Org. Karaday\u0131&#8217;n\u0131n ses kay\u0131tlar\u0131 internete d\u00fc\u015ft\u00fc<\/p>\n<p style=\"text-align: justify;\">B\u00fcy\u00fck organizasyon i\u015fi<\/p>\n<p style=\"text-align: justify;\">Y\u0131llard\u0131r telekulak faaliyetlerini <\/p>\n","protected":false},"author":1,"featured_media":0,"comment_status":"open","ping_status":"closed","sticky":false,"template":"","format":"standard","meta":{"footnotes":""},"categories":[105],"tags":[],"class_list":["post-4137","post","type-post","status-publish","format-standard","hentry","category-gundem","odd"],"_links":{"self":[{"href":"http:\/\/www.korhanyilmaz.com\/index.php?rest_route=\/wp\/v2\/posts\/4137","targetHints":{"allow":["GET"]}}],"collection":[{"href":"http:\/\/www.korhanyilmaz.com\/index.php?rest_route=\/wp\/v2\/posts"}],"about":[{"href":"http:\/\/www.korhanyilmaz.com\/index.php?rest_route=\/wp\/v2\/types\/post"}],"author":[{"embeddable":true,"href":"http:\/\/www.korhanyilmaz.com\/index.php?rest_route=\/wp\/v2\/users\/1"}],"replies":[{"embeddable":true,"href":"http:\/\/www.korhanyilmaz.com\/index.php?rest_route=%2Fwp%2Fv2%2Fcomments&post=4137"}],"version-history":[{"count":0,"href":"http:\/\/www.korhanyilmaz.com\/index.php?rest_route=\/wp\/v2\/posts\/4137\/revisions"}],"wp:attachment":[{"href":"http:\/\/www.korhanyilmaz.com\/index.php?rest_route=%2Fwp%2Fv2%2Fmedia&parent=4137"}],"wp:term":[{"taxonomy":"category","embeddable":true,"href":"http:\/\/www.korhanyilmaz.com\/index.php?rest_route=%2Fwp%2Fv2%2Fcategories&post=4137"},{"taxonomy":"post_tag","embeddable":true,"href":"http:\/\/www.korhanyilmaz.com\/index.php?rest_route=%2Fwp%2Fv2%2Ftags&post=4137"}],"curies":[{"name":"wp","href":"https:\/\/api.w.org\/{rel}","templated":true}]}}