{"id":41367,"date":"2011-10-19T14:31:16","date_gmt":"2011-10-19T11:31:16","guid":{"rendered":"http:\/\/www.korhanyilmaz.com\/?p=41367"},"modified":"2011-10-19T16:54:00","modified_gmt":"2011-10-19T13:54:00","slug":"saldirisinin-ardindan-bdpden-ilk-aciklama","status":"publish","type":"post","link":"http:\/\/www.korhanyilmaz.com\/?p=41367","title":{"rendered":"Sald\u0131r\u0131s\u0131n\u0131n ard\u0131ndan BDP&#8217;den ilk a\u00e7\u0131klama"},"content":{"rendered":"<p style=\"text-align: center;\"><a href=\"http:\/\/www.korhanyilmaz.com\/wp-content\/uploads\/2011\/10\/8132.jpg\"  class=\"lightview\"><img loading=\"lazy\" decoding=\"async\" class=\"aligncenter  wp-image-41368\" src=\"http:\/\/www.korhanyilmaz.com\/wp-content\/uploads\/2011\/10\/8132.jpg\" alt=\"\" width=\"307\" height=\"236\" \/><\/a><\/p>\n<p style=\"text-align: justify;\">BDP Genel Ba\u015fkan\u0131 Selahattin Demirta\u015f, Hakkari&#8217;de 24 askerin \u015fehit d\u00fc\u015ft\u00fc\u011f\u00fc sald\u0131r\u0131yla ilgili yaz\u0131l\u0131 bir a\u00e7\u0131klama yapt\u0131. &#8220;\u00dclkenin d\u00f6rt bir yan\u0131nda ocaklara d\u00fc\u015fen ate\u015f hepimizin y\u00fcre\u011fini yakm\u0131\u015f, herbirimizi derinden sarsm\u0131\u015ft\u0131r&#8221; denilen a\u00e7\u0131klamada, &#8220;H\u00fck\u00fcmete de PKK&#8217;ya da bir tek saniye daha kaybetmeden acilen sava\u015f\u0131 durdurma \u00e7a\u011fr\u0131s\u0131 yap\u0131yoruz&#8221; denildi.\u00a0<!--more--><\/p>\n<p style=\"text-align: justify;\">Demirta\u015f, yapt\u0131\u011f\u0131 yaz\u0131l\u0131 a\u00e7\u0131klamada, \u00fclkenin bir kez daha derin bir ac\u0131yla sars\u0131ld\u0131\u011f\u0131n\u0131 belirterek, ya\u015fam\u0131n\u0131 yitirenlere Allah&#8217;tan rahmet, yak\u0131nlar\u0131na ba\u015fsa\u011fl\u0131\u011f\u0131 ve sab\u0131r, yaral\u0131lara acil \u015fifa diledi. Demirta\u015f, \u015funlar\u0131 kaydetti:<\/p>\n<p style=\"text-align: justify;\">&#8220;\u00dclkenin d\u00f6rt bir yan\u0131nda ocaklara d\u00fc\u015fen bu ate\u015f hepimizin y\u00fcre\u011fini yakm\u0131\u015f, her birimizi derinden sarsm\u0131\u015ft\u0131r. Ac\u0131lar\u0131n kelimelerle ifade edilemedi\u011fi anlar\u0131 ya\u015f\u0131yoruz. Bu sava\u015fa da, \u00f6l\u00fcmlere de &#8216;art\u0131k yeter&#8217; diyoruz. Bu \u00f6l\u00fcmlere ve ya\u015fanan bu ac\u0131lara kar\u015f\u0131 devlet ve h\u00fck\u00fcmetlerin 25 y\u0131ld\u0131r tekrarlay\u0131p durduklar\u0131 \u00e7\u00f6z\u00fcm \u00fcretmeyen ve sava\u015fta \u0131srar eden a\u00e7\u0131klamalara da &#8216;art\u0131k yeter&#8217; diyoruz.<\/p>\n<p style=\"text-align: justify;\">Yapt\u0131\u011f\u0131m\u0131z \u00e7a\u011fr\u0131lara bug\u00fcne kadar olumlu bir yan\u0131t gelmedi. Bug\u00fcn ya\u015fanan bu ac\u0131l\u0131 tablo bir kez daha g\u00f6stermektedir ki T\u00fcrkiye&#8217;nin ekmek, su, hava kadar en acil ihtiyac\u0131 bar\u0131\u015ft\u0131r ve T\u00fcrkiye&#8217;nin bar\u0131\u015ftan ba\u015fka hi\u00e7bir se\u00e7ene\u011fi de yoktur.<\/p>\n<p style=\"text-align: justify;\">Bunun i\u00e7in T\u00fcrkiye&#8217;nin bir an \u00f6nce bu \u00e7at\u0131\u015fmal\u0131 ortamdan \u00e7\u0131kar\u0131lmas\u0131, \u00f6l\u00fcmlerin durdurulmas\u0131 ve bir bar\u0131\u015f s\u00fcrecinin ba\u015flat\u0131lmas\u0131 herkesin ortak hedefi olmal\u0131d\u0131r. H\u00fck\u00fcmete de PKK&#8217;ya de bir tek saniye daha kaybetmeden acilen sava\u015f\u0131 durdurma \u00e7a\u011fr\u0131s\u0131 yap\u0131yoruz.&#8221;<\/p>\n<p style=\"text-align: justify;\">Annelerin bu ac\u0131y\u0131 hi\u00e7bir \u015fekilde hak etmediklerini vurgulayan Demirta\u015f, \u015f\u00f6yle devam etti: &#8220;Devlet, h\u00fck\u00fcmet, parlamento, siyasi partiler, sivil toplum \u00f6rg\u00fctleri, hepimiz, bu \u00e7at\u0131\u015fmalar\u0131n, akan kan\u0131n durdurulmas\u0131, T\u00fcrkiye&#8217;nin onurlu bir bar\u0131\u015f s\u00fcrecine evrilmesi i\u00e7in seferber olmal\u0131y\u0131z. Sorunlar\u0131, diyalog ve uzla\u015f\u0131yla \u00e7\u00f6zme zemininin g\u00fc\u00e7lendirilmesi gerekiyor. Ya\u015fanan bu derin ac\u0131n\u0131n ger\u00e7ekten son olmas\u0131 i\u00e7in H\u00fck\u00fcmeti de Meclisi de el ele vererek sorunun b\u00fct\u00fcnl\u00fckl\u00fc ve k\u00f6kl\u00fc olarak \u00e7\u00f6z\u00fcm\u00fc i\u00e7in birlikte \u00e7al\u0131\u015fmaya \u00e7a\u011f\u0131r\u0131yoruz.&#8221;<\/p>\n<p style=\"text-align: justify;\">Kaynak : CNN T\u00dcRK<\/p>\n","protected":false},"excerpt":{"rendered":"<p style=\"text-align: center;\">\n<p style=\"text-align: justify;\">BDP Genel Ba\u015fkan\u0131 Selahattin Demirta\u015f, Hakkari&#8217;de 24 askerin \u015fehit d\u00fc\u015ft\u00fc\u011f\u00fc sald\u0131r\u0131yla ilgili yaz\u0131l\u0131 bir a\u00e7\u0131klama yapt\u0131. &#8220;\u00dclkenin d\u00f6rt bir yan\u0131nda ocaklara d\u00fc\u015fen ate\u015f hepimizin y\u00fcre\u011fini yakm\u0131\u015f, herbirimizi derinden sarsm\u0131\u015ft\u0131r&#8221; denilen a\u00e7\u0131klamada, &#8220;H\u00fck\u00fcmete de PKK&#8217;ya da bir tek saniye daha kaybetmeden acilen sava\u015f\u0131 durdurma \u00e7a\u011fr\u0131s\u0131 yap\u0131yoruz&#8221; denildi. <\/p>\n","protected":false},"author":1,"featured_media":0,"comment_status":"open","ping_status":"open","sticky":false,"template":"","format":"standard","meta":{"footnotes":""},"categories":[105],"tags":[],"class_list":["post-41367","post","type-post","status-publish","format-standard","hentry","category-gundem","odd"],"_links":{"self":[{"href":"http:\/\/www.korhanyilmaz.com\/index.php?rest_route=\/wp\/v2\/posts\/41367","targetHints":{"allow":["GET"]}}],"collection":[{"href":"http:\/\/www.korhanyilmaz.com\/index.php?rest_route=\/wp\/v2\/posts"}],"about":[{"href":"http:\/\/www.korhanyilmaz.com\/index.php?rest_route=\/wp\/v2\/types\/post"}],"author":[{"embeddable":true,"href":"http:\/\/www.korhanyilmaz.com\/index.php?rest_route=\/wp\/v2\/users\/1"}],"replies":[{"embeddable":true,"href":"http:\/\/www.korhanyilmaz.com\/index.php?rest_route=%2Fwp%2Fv2%2Fcomments&post=41367"}],"version-history":[{"count":0,"href":"http:\/\/www.korhanyilmaz.com\/index.php?rest_route=\/wp\/v2\/posts\/41367\/revisions"}],"wp:attachment":[{"href":"http:\/\/www.korhanyilmaz.com\/index.php?rest_route=%2Fwp%2Fv2%2Fmedia&parent=41367"}],"wp:term":[{"taxonomy":"category","embeddable":true,"href":"http:\/\/www.korhanyilmaz.com\/index.php?rest_route=%2Fwp%2Fv2%2Fcategories&post=41367"},{"taxonomy":"post_tag","embeddable":true,"href":"http:\/\/www.korhanyilmaz.com\/index.php?rest_route=%2Fwp%2Fv2%2Ftags&post=41367"}],"curies":[{"name":"wp","href":"https:\/\/api.w.org\/{rel}","templated":true}]}}