{"id":41363,"date":"2011-10-19T14:59:10","date_gmt":"2011-10-19T11:59:10","guid":{"rendered":"http:\/\/www.korhanyilmaz.com\/?p=41363"},"modified":"2011-10-19T16:51:09","modified_gmt":"2011-10-19T13:51:09","slug":"bahceli-ohal-ilan-edilsin","status":"publish","type":"post","link":"http:\/\/www.korhanyilmaz.com\/?p=41363","title":{"rendered":"Bah\u00e7eli: &#8220;OHAL ilan edilsin&#8221;"},"content":{"rendered":"<p style=\"text-align: center;\"><a href=\"http:\/\/www.korhanyilmaz.com\/wp-content\/uploads\/2011\/10\/8131.jpg\"  class=\"lightview\"><img loading=\"lazy\" decoding=\"async\" class=\"aligncenter  wp-image-41364\" src=\"http:\/\/www.korhanyilmaz.com\/wp-content\/uploads\/2011\/10\/8131.jpg\" alt=\"\" width=\"307\" height=\"236\" \/><\/a><\/p>\n<p style=\"text-align: justify;\">MHP lideri Devlet Bah\u00e7eli, en az 24 \u015fehit verilen Hakkari sald\u0131r\u0131s\u0131n\u0131n ard\u0131ndan yapt\u0131\u011f\u0131 a\u00e7\u0131klamada OHAL ilan edilmesi gerekti\u011fini s\u00f6yledi.<\/p>\n<p style=\"text-align: justify;\">(AA &#8211; DHA) &#8212; Bah\u00e7eli, &#8220;Ter\u00f6r\u00fcn zirve yapt\u0131\u011f\u0131 b\u00f6lgelerde OHAL ilan edilsin. Ter\u00f6r ma\u015falar\u0131 rezil ama\u00e7lar\u0131na asla ula\u015famayacaklar. Bir milim dahi geri \u00e7ekilmeden ter\u00f6re kar\u015f\u0131 m\u00fccadele edilmelidir&#8221; dedi.\u00a0<!--more--><\/p>\n<p style=\"text-align: justify;\">Bah\u00e7eli, yapt\u0131\u011f\u0131 yaz\u0131l\u0131 a\u00e7\u0131klamada, s\u00fcrekli ivme ve g\u00fc\u00e7 kazanan b\u00f6l\u00fcc\u00fc ter\u00f6r \u00f6rg\u00fct\u00fcn\u00fcn, ac\u0131mas\u0131z ve vah\u015fi eylemlerine g\u00f6z g\u00f6re g\u00f6re devam etti\u011fini belirtti.<\/p>\n<p style=\"text-align: justify;\">Hakkari&#8217;nin \u00c7ukurca il\u00e7esinde meydana vahamet derecesindeki son ter\u00f6r sald\u0131r\u0131s\u0131n\u0131n kanl\u0131 bilan\u00e7onun hangi seviyelere ula\u015ft\u0131\u011f\u0131n\u0131n a\u00e7\u0131k kan\u0131t\u0131 oldu\u011funu ifade eden Bah\u00e7eli \u015funlar\u0131 kaydetti:<\/p>\n<p style=\"text-align: justify;\">&#8220;Bu meyanda, PKK&#8217;l\u0131 katillerin \u00c7ukurca&#8217;da d\u00fczenledi\u011fi sald\u0131r\u0131 sonucunda 24 Mehmet\u00e7i\u011fimiz \u015fehit olmu\u015f, 18&#8217;i de yaralanm\u0131\u015ft\u0131r. G\u00f6zlerini kan b\u00fcr\u00fcm\u00fc\u015f canilerin bu al\u00e7ak\u00e7a eylemini lanetliyor ve b\u00fcy\u00fck bir \u00f6fkeyle telin ediyorum. Bilinmelidir ki, ter\u00f6r ma\u015falar\u0131 rezil ama\u00e7lar\u0131na asla ula\u015famayacaklar ve d\u00f6kt\u00fckleri kanda eninde sonunda bo\u011fulacaklard\u0131r. \u00c7ukurca&#8217;daki hain sald\u0131r\u0131da kaybetti\u011fimiz vatan evlatlar\u0131na Cenab-\u0131 Allah&#8217;tan rahmet, ailelerine, silah arkada\u015flar\u0131na, milletimize sab\u0131r ve ba\u015fsa\u011fl\u0131\u011f\u0131 diliyorum. Yaral\u0131 karde\u015flerimizin de bir an \u00f6nce eski sa\u011fl\u0131klar\u0131na kavu\u015fmalar\u0131n\u0131 Y\u00fcce Allah&#8217;tan niyaz ediyorum. \u00dclkemiz &#8216;\u0130yi \u015feyler olacak&#8217; s\u00f6zleriyle girdi\u011fi ter\u00f6r k\u0131skac\u0131nda can ve derman kaybetmekte, milletimiz arkas\u0131 arkas\u0131na menfur suikastlar\u0131n kurban\u0131 olmaktad\u0131r. Bug\u00fcnk\u00fc zaman diliminde; belini do\u011frultarak namlusunu \u00fczerimize \u00e7eviren b\u00f6l\u00fcc\u00fc fitnenin azmas\u0131nda PKK a\u00e7\u0131l\u0131m\u0131ndaki inat ve \u0131srar, ter\u00f6r \u00f6rg\u00fct\u00fcne verilen umut ve tavizler, \u0130mral\u0131 canisiyle m\u00fczakere ve m\u00fctareke aray\u0131\u015f\u0131 ve Irak&#8217;\u0131n kuzeyindeki pe\u015fmerge kal\u0131nt\u0131lar\u0131yla kucakla\u015fma belirleyici olmu\u015ftur.&#8221;<\/p>\n<p style=\"text-align: justify;\"><strong>&#8220;Ekilen b\u00f6l\u00fcc\u00fcl\u00fck tohumlar\u0131&#8230;&#8221;<\/strong><\/p>\n<p style=\"text-align: justify;\">A\u00e7\u0131klamas\u0131nda, &#8220;Ba\u015ftan beri girdi\u011fi yanl\u0131\u015f ve karanl\u0131k yolda y\u00fczs\u00fczce s\u00fcr\u00fcnmeye devam eden Adalet Ve Kalk\u0131nma Partisinin, &#8216;ezber bozuyorum&#8217;, &#8216;tabular\u0131 y\u0131k\u0131yorum&#8217;, &#8216;d\u00fc\u015fmanl\u0131\u011f\u0131 kald\u0131r\u0131yorum&#8217;, &#8216;dostluk \u00e7emberi olu\u015fturuyorum&#8217; ad\u0131 alt\u0131nda s\u00fcrd\u00fcrd\u00fc\u011f\u00fc yanl\u0131\u015f politikalar bug\u00fcn kar\u015f\u0131m\u0131za hezimet, h\u00fcsran ve ter\u00f6r olarak \u00e7\u0131km\u0131\u015ft\u0131r&#8221; iddias\u0131nda bulunan Bah\u00e7eli, ter\u00f6r hadiselerinin \u00f6zellikle Ba\u015fbakan ve h\u00fck\u00fcmetinin &#8220;hareketsizli\u011finden ve geli\u015fmeleri f\u00fctursuzca seyretmesinden feyiz ald\u0131\u011f\u0131n\u0131&#8221; belirtti..<\/p>\n<p style=\"text-align: justify;\">H\u00fck\u00fcmetin, iktidara geldi\u011fi 2002 y\u0131l\u0131nda ter\u00f6r\u00fc ve b\u00f6l\u00fcc\u00fcl\u00fc\u011f\u00fc tamam\u0131yla ortadan kald\u0131rmak i\u00e7in \u00f6n\u00fcnde uygun f\u0131rsatlar buldu\u011funu ve bu imkanlar\u0131 &#8220;d\u00fc\u015f\u00fcncesizce heba ve israf etti\u011fini&#8221; savunan Bah\u00e7eli, \u015f\u00f6yle devam etti:<\/p>\n<p style=\"text-align: justify;\">&#8220;Kar\u015f\u0131m\u0131zdaki kanl\u0131 sonu\u00e7 Adalet ve Kalk\u0131nma Partisi i\u00e7in seneler i\u00e7erisinde b\u00f6l\u00fcc\u00fclerle girdi\u011fi yak\u0131nla\u015fman\u0131n neticesinden ba\u015fka bir \u015fey de\u011fildir. Ekilen b\u00f6l\u00fcc\u00fcl\u00fck tohumlar\u0131 may\u0131n, bomba, mermi ve g\u00f6zya\u015f\u0131 olarak bi\u00e7ilmektedir. T\u00fcrk milletinin ancak sava\u015f \u015fartlar\u0131nda verece\u011fi kay\u0131p &#8216;\u00f6zg\u00fcrl\u00fck&#8217;, &#8216;demokrasi&#8217; ve &#8216;bar\u0131\u015f&#8217; s\u00f6zleriyle hayata ge\u00e7mi\u015ftir.<\/p>\n<p style=\"text-align: justify;\">Bu felakete \u00e7anak tutan, destek veren, te\u015fvik eden, me\u015frula\u015ft\u0131rmaya \u00e7al\u0131\u015fan, sindirmeye \u00e7abalayan ve k\u0131lavuzluk yapan gafillerin ise akan kandan do\u011frudan do\u011fruya sorumlu olduklar\u0131 a\u00e7\u0131k ve meydandad\u0131r. Medyada k\u00f6\u015fe tutmu\u015f baz\u0131 kalem sahiplerinin, s\u00f6zde ayd\u0131nlar\u0131n, ter\u00f6r hamisi i\u015fbirlik\u00e7i zihniyetlerin, siyasetteki b\u00f6l\u00fcc\u00fc odaklar\u0131n PKK ile koalisyon halinde milletimize zehir i\u00e7irmeye gayret ettikleri herkesin malumudur.<\/p>\n<p style=\"text-align: justify;\">Bu kapsamda Cumhuriyet Ba\u015fsavc\u0131l\u0131klar\u0131n\u0131n, Yarg\u0131tay Cumhuriyet Ba\u015fsavc\u0131l\u0131\u011f\u0131&#8217;n\u0131n ahlak, vicdan ve \u015fereften yoksun g\u00fcruhun yaz\u0131lar\u0131, beyanlar\u0131, raporlar\u0131 ve faaliyetleri hakk\u0131nda gerekli tahkikatlar\u0131 ba\u015flatmas\u0131 zorunluluk haline gelmi\u015ftir. Milletimizin de\u011ferlerine ihanet eden, melaneti s\u00fcsl\u00fc s\u00f6zlerle topluma yedirmeye \u00e7al\u0131\u015fan, etnik nifak\u0131 \u00f6zg\u00fcrl\u00fck m\u00fccadelesi diyerek kapatmaya niyetlenen kim varsa, hak etti\u011fi cevab\u0131 ve kar\u015f\u0131l\u0131\u011f\u0131 almas\u0131 mecburiyettir.&#8221;<\/p>\n<p style=\"text-align: justify;\"><strong>Ola\u011fan\u00fcst\u00fc hal\u00a0<\/strong><\/p>\n<p style=\"text-align: justify;\">Partisinin belirli aral\u0131klarla kamuoyuna aktard\u0131\u011f\u0131 g\u00f6r\u00fc\u015f, d\u00fc\u015f\u00fcnce ve tespitlerinin ne kadar hakl\u0131 oldu\u011funun bug\u00fcn bir kez daha anla\u015f\u0131ld\u0131\u011f\u0131na i\u015faret eden Bah\u00e7eli, a\u00e7\u0131klamas\u0131nda \u015fu g\u00f6r\u00fc\u015flere yer verdi:<\/p>\n<p style=\"text-align: justify;\">&#8220;Kandil&#8217;e bayrak dikilmesindeki gecikme ve meseleyi yava\u015ftan alan kay\u0131ts\u0131zl\u0131k \u00f6l\u00fcm ve sald\u0131r\u0131 olarak geri d\u00f6nmektedir. Cinayet \u00f6rg\u00fct\u00fcn\u00fcn s\u00f6zde karargah\u0131na, s\u0131n\u0131r \u00f6tesindeki kamplar\u0131na millet han\u00e7erinin saplanmas\u0131ndaki savsaklaman\u0131n b\u00fcy\u00fck bir bedeli ve a\u011f\u0131r maliyeti oldu\u011fu net ve ortadad\u0131r. ABD&#8217;nin a\u011fz\u0131na bakan, istihbarat payla\u015f\u0131m\u0131ndan medet uman ve merkezi Irak y\u00f6netiminden insaf bekleyen h\u00fck\u00fcmet, bu zamana kadar att\u0131\u011f\u0131 b\u00fct\u00fcn ad\u0131mlarda iflas etmi\u015f ve s\u00f6zde giri\u015fimlerinin ne kadar bo\u015f oldu\u011fu belirginlik kazanm\u0131\u015ft\u0131r.<\/p>\n<p style=\"text-align: justify;\">Bu nedenle 18 Ekim 2011 tarihindeki yaz\u0131l\u0131 bas\u0131n a\u00e7\u0131klamam\u0131zla \u00f6nerdi\u011fimiz tedbirler ba\u015fta olmak \u00fczere, ter\u00f6r ve b\u00f6l\u00fcc\u00fcl\u00fc\u011f\u00fcn zirve yapt\u0131\u011f\u0131 b\u00f6lgeleri ku\u015fatan yerlerde &#8216;Ola\u011fan\u00fcst\u00fc Hal&#8217; ilan edilmesi ka\u00e7\u0131n\u0131lmaz bir hal alm\u0131\u015ft\u0131r. Meclisten al\u0131nan &#8216;S\u0131n\u0131r \u00d6tesi Hareket \u0130zni&#8217; \u00e7er\u00e7evesinde Irak&#8217;\u0131n Kuzeyi ve ter\u00f6ristlerin ikmal merkezleri imha edilmeli, s\u0131n\u0131r\u0131 ve \u015f\u00fcmul\u00fc belirlenecek bir g\u00fcvenlik ku\u015fa\u011f\u0131 olu\u015fturulmal\u0131d\u0131r. Ve Kandil&#8217;de ne yap\u0131lacaksa, Kuzey Irak&#8217;taki ter\u00f6r inlerine nas\u0131l bir plan icra edilecekse, buna i\u00e7eride direni\u015f g\u00f6stermeye yeltenecek bedbahtlara kar\u015f\u0131 da \u00fclkemizin i\u00e7inde ayn\u0131 \u015fey yap\u0131lmal\u0131d\u0131r. Irak&#8217;\u0131n kuzeyinde ter\u00f6r\u00fc besleyen, muhafaza eden, silahland\u0131ran ve azmettiren pe\u015fmerge de mutlaka cezaland\u0131r\u0131lmal\u0131 ve hak etti\u011fi dersi almal\u0131d\u0131r.<\/p>\n<p style=\"text-align: justify;\">Habur&#8217;daki ter\u00f6rist kar\u015f\u0131lama ve teslim t\u00f6renlerinin ikinci karanl\u0131k y\u0131l d\u00f6n\u00fcm\u00fcnde, T\u00fcrkiye Cumhuriyeti&#8217;nin g\u00fc\u00e7 ve imkanlar\u0131 mutlaka harekete ge\u00e7irilerek, milletimizin hakk\u0131 savunulmal\u0131d\u0131r. \u015eehitlerimizin diyeti ve kanlar\u0131n\u0131n intikam\u0131 ancak bu \u015fekilde al\u0131nabilecektir. Milletimizin y\u00fcre\u011fini da\u011flayan sald\u0131r\u0131lar\u0131n \u00f6c\u00fcn\u00fcn al\u0131nmas\u0131 i\u00e7in Ba\u015fbakan ve h\u00fck\u00fcmetinin bekleyecek an\u0131, ihmal edecek zaman\u0131 kalmam\u0131\u015ft\u0131r. AKP h\u00fck\u00fcmeti, b\u00f6l\u00fcc\u00fc ter\u00f6r\u00fcn hakk\u0131nda gelmek amac\u0131yla arad\u0131\u011f\u0131 ve istedi\u011fi millet deste\u011fini mutlaka bulacakt\u0131r. Bu \u015fartlara ra\u011fmen, PKK ma\u015falar\u0131n\u0131n yok edilmesi ve b\u00f6l\u00fcc\u00fcl\u00fc\u011f\u00fcn k\u00f6k\u00fcnden kaz\u0131nmas\u0131 ger\u00e7ekle\u015ftirilemezse AKP&#8217;nin ter\u00f6ristlerle ayn\u0131 emel ve hedefte bulu\u015ftu\u011fu ger\u00e7e\u011fini kimse inkar edemeyecektir.&#8221;<\/p>\n<p style=\"text-align: justify;\"><a href=\"http:\/\/www.cnnturk.com\/2011\/turkiye\/10\/19\/bahceli.ohal.ilan.edilsin\/633732.0\/index.html\" target=\"_blank\">Kaynak : CNN T\u00dcRK<\/a><\/p>\n","protected":false},"excerpt":{"rendered":"<p style=\"text-align: center;\">\n<p style=\"text-align: justify;\">MHP lideri Devlet Bah\u00e7eli, en az 24 \u015fehit verilen Hakkari sald\u0131r\u0131s\u0131n\u0131n ard\u0131ndan yapt\u0131\u011f\u0131 a\u00e7\u0131klamada OHAL ilan edilmesi gerekti\u011fini s\u00f6yledi.<\/p>\n<p style=\"text-align: justify;\">(AA &#8211; DHA) &#8212; Bah\u00e7eli, &#8220;Ter\u00f6r\u00fcn zirve yapt\u0131\u011f\u0131 b\u00f6lgelerde OHAL ilan edilsin. Ter\u00f6r ma\u015falar\u0131 rezil ama\u00e7lar\u0131na asla ula\u015famayacaklar. Bir milim dahi geri \u00e7ekilmeden ter\u00f6re kar\u015f\u0131 m\u00fccadele edilmelidir&#8221; dedi. <\/p>\n","protected":false},"author":1,"featured_media":0,"comment_status":"open","ping_status":"open","sticky":false,"template":"","format":"standard","meta":{"footnotes":""},"categories":[105],"tags":[],"class_list":["post-41363","post","type-post","status-publish","format-standard","hentry","category-gundem","odd"],"_links":{"self":[{"href":"http:\/\/www.korhanyilmaz.com\/index.php?rest_route=\/wp\/v2\/posts\/41363","targetHints":{"allow":["GET"]}}],"collection":[{"href":"http:\/\/www.korhanyilmaz.com\/index.php?rest_route=\/wp\/v2\/posts"}],"about":[{"href":"http:\/\/www.korhanyilmaz.com\/index.php?rest_route=\/wp\/v2\/types\/post"}],"author":[{"embeddable":true,"href":"http:\/\/www.korhanyilmaz.com\/index.php?rest_route=\/wp\/v2\/users\/1"}],"replies":[{"embeddable":true,"href":"http:\/\/www.korhanyilmaz.com\/index.php?rest_route=%2Fwp%2Fv2%2Fcomments&post=41363"}],"version-history":[{"count":0,"href":"http:\/\/www.korhanyilmaz.com\/index.php?rest_route=\/wp\/v2\/posts\/41363\/revisions"}],"wp:attachment":[{"href":"http:\/\/www.korhanyilmaz.com\/index.php?rest_route=%2Fwp%2Fv2%2Fmedia&parent=41363"}],"wp:term":[{"taxonomy":"category","embeddable":true,"href":"http:\/\/www.korhanyilmaz.com\/index.php?rest_route=%2Fwp%2Fv2%2Fcategories&post=41363"},{"taxonomy":"post_tag","embeddable":true,"href":"http:\/\/www.korhanyilmaz.com\/index.php?rest_route=%2Fwp%2Fv2%2Ftags&post=41363"}],"curies":[{"name":"wp","href":"https:\/\/api.w.org\/{rel}","templated":true}]}}