{"id":41358,"date":"2011-10-19T14:46:43","date_gmt":"2011-10-19T11:46:43","guid":{"rendered":"http:\/\/www.korhanyilmaz.com\/?p=41358"},"modified":"2011-10-19T16:24:22","modified_gmt":"2011-10-19T13:24:22","slug":"muhalefeti-ve-medyayi-uyardi","status":"publish","type":"post","link":"http:\/\/www.korhanyilmaz.com\/?p=41358","title":{"rendered":"Muhalefeti ve medyay\u0131 uyard\u0131!"},"content":{"rendered":"<p style=\"text-align: center;\"><a href=\"http:\/\/www.korhanyilmaz.com\/wp-content\/uploads\/2011\/10\/8130.jpg\"  class=\"lightview\"><img loading=\"lazy\" decoding=\"async\" class=\"aligncenter  wp-image-41359\" src=\"http:\/\/www.korhanyilmaz.com\/wp-content\/uploads\/2011\/10\/8130.jpg\" alt=\"\" width=\"307\" height=\"236\" \/><\/a><\/p>\n<p style=\"text-align: justify;\">Ba\u015fbakan Erdo\u011fan, Hakkari&#8217;nin \u00c7ukurca il\u00e7esinde ya\u015fanan PKK sald\u0131r\u0131s\u0131n\u0131n ard\u0131ndan yapt\u0131\u011f\u0131 a\u00e7\u0131klamada sa\u011fduyu \u00e7a\u011fr\u0131s\u0131 yapt\u0131.<\/p>\n<p style=\"text-align: justify;\"><strong>\u0130\u015fte Erdo\u011fan&#8217;\u0131n konu\u015fmas\u0131n\u0131n sat\u0131rba\u015flar\u0131\u00a0<\/strong><\/p>\n<p style=\"text-align: justify;\">&#8211; \u00c7at\u0131\u015fma b\u00f6lgesi \u00c7ukurca\u2019dan son teyit etti\u011fimiz bilgilere g\u00f6re 24 Mehmet\u00e7i\u011fimizi \u015fehit verdik, 18 askerimizi de yaral\u0131 durumda. \u015eu an itibariyle b\u00f6lgede uluslar aras\u0131 hukukun \u00f6n g\u00f6rd\u00fc\u011f\u00fc s\u0131cak takip dahil olmak \u00fczere operasyonlar s\u00fcr\u00fcyor.\u00a0<!--more--><\/p>\n<p style=\"text-align: justify;\">&#8211; T\u00fcrkiye\u2019nin d\u00fc\u015fmanlar\u0131 \u015funu \u00e7ok iyi bilmeli: T\u00fcrkiye Sar\u0131kam\u0131\u015f, \u00c7anakkale, Kurtulu\u015f sava\u015f\u0131m\u0131z ba\u015fta olmak \u00fczere \u015fehitlerimizin aziz ruhlar\u0131 \u00fczerinde in\u015fa edilmi\u015f bir \u00fclkedir. Bu \u00fclkenin her kar\u0131\u015f\u0131 \u015fehit kanlar\u0131yla sulanm\u0131\u015ft\u0131r.<\/p>\n<p style=\"text-align: justify;\">&#8211; Her kim ki ter\u00f6re gizli ya da a\u00e7\u0131k destek veriyorsa, her kim ki ter\u00f6r\u00fc besliyor, koruyor yatakl\u0131k ediyorsa, kim ki ter\u00f6re m\u00fcsamaha g\u00f6steriyor, ter\u00f6r\u00fcn kanl\u0131 y\u00fcz\u00fcn\u00fc \u00f6rtmek, ter\u00f6r \u00f6rg\u00fct\u00fcn\u00fcn insanl\u0131k d\u0131\u015f\u0131 sald\u0131r\u0131lar\u0131n\u0131\u00a0g\u00f6rmezden gelmek gibi bir gafletin i\u00e7inde bulunuyorsa tamam\u0131 bilsinler ki; T\u00fcrkiye Cumhuriyeti Devleti&#8217;nin nefesi her birinin ensesinde olacakt\u0131r.<\/p>\n<p style=\"text-align: justify;\">&#8211; Son d\u00f6nemde yo\u011funluk g\u00f6steren ter\u00f6r faaliyetleri, ter\u00f6r \u00f6rg\u00fct\u00fcn\u00fcn birilerinin ma\u015fas\u0131 oldu\u011funu \u00e7ok net olarak ortaya koymu\u015ftur. Ter\u00f6r \u00f6rg\u00fct\u00fc, T\u00fcrkiye&#8217;nin huzuruna, karde\u015fli\u011fine ve istikrarl\u0131 b\u00fcy\u00fcmesine kast eden odaklar\u0131n ta\u015feronu oldu\u011funu bu son olaylarla bir kez daha g\u00f6stermi\u015ftir. \u0130kinci husus, ter\u00f6r \u00f6rg\u00fct\u00fc bu son sald\u0131r\u0131larla toplumu tahrik etmek, provokasyon yapmak, zihinleri buland\u0131rmak ve milletin hassasiyetlerini ka\u015f\u0131maktan ba\u015fka bir hedefi olmad\u0131\u011f\u0131n\u0131 da a\u00e7\u0131k\u00e7a ortaya koymu\u015ftur.<\/p>\n<p style=\"text-align: justify;\">&#8211; Bu elim hadise kar\u015f\u0131s\u0131nda sa\u011fduyumuzu, metanetimizi bozmayaca\u011f\u0131z.<\/p>\n<p style=\"text-align: justify;\">&#8211; Ter\u00f6rle m\u00fccadeleuzun soluklu bir s\u00fcre\u00e7. Bir \u00e7ok \u00fclke de bu sorunu uzun s\u00fcrede \u00e7\u00f6zm\u00fc\u015ft\u00fcr.<\/p>\n<p style=\"text-align: justify;\">-Muhalefeti sorumlu olmaya \u00e7a\u011f\u0131r\u0131yoruz. Ter\u00f6r \u00f6rg\u00fct\u00fcne ter\u00f6r \u00f6rg\u00fct\u00fc diyemeyenlerin a\u011fz\u0131na bar\u0131\u015f kelimesi yak\u0131\u015fm\u0131yor.<\/p>\n<p style=\"text-align: justify;\">&#8211; Medyay\u0131 yine duyarl\u0131 olmaya devam ediyorum. \u00c7\u00fcnk\u00fc bug\u00fcn su\u00e7lamak, ele\u015ftirmek, hamaset, istismar ve tahrik tohumlar\u0131 ekmek yerine, dik durmak zorunday\u0131z.<\/p>\n<p style=\"text-align: justify;\"><a href=\"http:\/\/www.cnnturk.com\/2011\/guncel\/10\/19\/muhalefeti.ve.medyayi.uyardi\/633727.0\/index.html\" target=\"_blank\">Kaynak : CNN T\u00dcRK<\/a><\/p>\n","protected":false},"excerpt":{"rendered":"<p style=\"text-align: center;\">\n<p style=\"text-align: justify;\">Ba\u015fbakan Erdo\u011fan, Hakkari&#8217;nin \u00c7ukurca il\u00e7esinde ya\u015fanan PKK sald\u0131r\u0131s\u0131n\u0131n ard\u0131ndan yapt\u0131\u011f\u0131 a\u00e7\u0131klamada sa\u011fduyu \u00e7a\u011fr\u0131s\u0131 yapt\u0131.<\/p>\n<p style=\"text-align: justify;\">\u0130\u015fte Erdo\u011fan&#8217;\u0131n konu\u015fmas\u0131n\u0131n sat\u0131rba\u015flar\u0131 <\/p>\n<p style=\"text-align: justify;\">&#8211; \u00c7at\u0131\u015fma b\u00f6lgesi \u00c7ukurca\u2019dan son teyit etti\u011fimiz bilgilere g\u00f6re 24 Mehmet\u00e7i\u011fimizi \u015fehit verdik, 18 askerimizi de yaral\u0131 durumda. \u015eu an itibariyle b\u00f6lgede uluslar aras\u0131 hukukun \u00f6n g\u00f6rd\u00fc\u011f\u00fc <\/p>\n","protected":false},"author":1,"featured_media":0,"comment_status":"open","ping_status":"open","sticky":false,"template":"","format":"standard","meta":{"footnotes":""},"categories":[105],"tags":[],"class_list":["post-41358","post","type-post","status-publish","format-standard","hentry","category-gundem","odd"],"_links":{"self":[{"href":"http:\/\/www.korhanyilmaz.com\/index.php?rest_route=\/wp\/v2\/posts\/41358","targetHints":{"allow":["GET"]}}],"collection":[{"href":"http:\/\/www.korhanyilmaz.com\/index.php?rest_route=\/wp\/v2\/posts"}],"about":[{"href":"http:\/\/www.korhanyilmaz.com\/index.php?rest_route=\/wp\/v2\/types\/post"}],"author":[{"embeddable":true,"href":"http:\/\/www.korhanyilmaz.com\/index.php?rest_route=\/wp\/v2\/users\/1"}],"replies":[{"embeddable":true,"href":"http:\/\/www.korhanyilmaz.com\/index.php?rest_route=%2Fwp%2Fv2%2Fcomments&post=41358"}],"version-history":[{"count":0,"href":"http:\/\/www.korhanyilmaz.com\/index.php?rest_route=\/wp\/v2\/posts\/41358\/revisions"}],"wp:attachment":[{"href":"http:\/\/www.korhanyilmaz.com\/index.php?rest_route=%2Fwp%2Fv2%2Fmedia&parent=41358"}],"wp:term":[{"taxonomy":"category","embeddable":true,"href":"http:\/\/www.korhanyilmaz.com\/index.php?rest_route=%2Fwp%2Fv2%2Fcategories&post=41358"},{"taxonomy":"post_tag","embeddable":true,"href":"http:\/\/www.korhanyilmaz.com\/index.php?rest_route=%2Fwp%2Fv2%2Ftags&post=41358"}],"curies":[{"name":"wp","href":"https:\/\/api.w.org\/{rel}","templated":true}]}}