{"id":41353,"date":"2011-10-19T14:58:12","date_gmt":"2011-10-19T11:58:12","guid":{"rendered":"http:\/\/www.korhanyilmaz.com\/?p=41353"},"modified":"2011-10-19T16:24:51","modified_gmt":"2011-10-19T13:24:51","slug":"ilk-defa-bir-basbakanin-caresizligini-gordum","status":"publish","type":"post","link":"http:\/\/www.korhanyilmaz.com\/?p=41353","title":{"rendered":"&#8216;\u0130lk defa bir ba\u015fbakan\u0131n \u00e7aresizli\u011fini g\u00f6rd\u00fcm&#8217;"},"content":{"rendered":"<p style=\"text-align: center;\"><a href=\"http:\/\/www.korhanyilmaz.com\/wp-content\/uploads\/2011\/10\/8129.jpg\"  class=\"lightview\"><img loading=\"lazy\" decoding=\"async\" class=\"aligncenter  wp-image-41354\" src=\"http:\/\/www.korhanyilmaz.com\/wp-content\/uploads\/2011\/10\/8129.jpg\" alt=\"\" width=\"290\" height=\"217\" \/><\/a><\/p>\n<p style=\"text-align: justify;\">CHP Genel Ba\u015fkan\u0131 Kemal K\u0131l\u0131\u00e7daro\u011flu, H\u00fck\u00fcmetin ter\u00f6r sorununu \u00e7\u00f6zmekte aciz oldu\u011funu belirterek, &#8220;Hayat\u0131mda ilk kez 35 \u015fehidin verildi\u011fi bir s\u00fcrecin sonunda bir Ba\u015fbakan\u0131n televizyonlara \u00e7\u0131k\u0131p \u00e7aresizli\u011fini dile getirdi\u011fini g\u00f6rd\u00fcm. \u00c7\u00f6z\u00fcms\u00fcz bir noktada Say\u0131n Ba\u015fbakan, o a\u00e7\u0131dan TBMM Ba\u015fbakan\u0131 g\u00f6reve davet ediyoruz. TBMM bu soruna el koymal\u0131d\u0131r&#8221; dedi.<!--more--><\/p>\n<p style=\"text-align: justify;\">Ankara- Hakkari&#8217;deki sald\u0131r\u0131n\u0131n ard\u0131ndan Genel Ba\u015fkan Kemal K\u0131l\u0131\u00e7daro\u011flu ba\u015fkanl\u0131\u011f\u0131nda ter\u00f6r g\u00fcndemiyle ola\u011fan\u00fcst\u00fc toplanan CHP MYK sona erdi. Yakla\u015f\u0131k bir bu\u00e7uk saat s\u00fcren toplant\u0131n\u0131n ard\u0131ndan K\u0131l\u0131\u00e7daro\u011flu a\u00e7\u0131klama yapt\u0131. K\u0131l\u0131\u00e7daro\u011flu, B\u00f6yle bir g\u00fcnde bas\u0131n toplant\u0131s\u0131 yapmay\u0131 hi\u00e7 ak\u0131llar\u0131ndan ge\u00e7iremeyeceklerini ifade ederek, &#8220;Ama az \u00f6nce Say\u0131n Ba\u015fbakan televizyonlara \u00e7\u0131k\u0131p bir konu\u015fma yapt\u0131. Bir Ba\u015fbakan\u0131n 9 y\u0131ld\u0131r bir \u00fclkede Ba\u015fbakanl\u0131k yapan bir ki\u015finin sorumlulu\u011fu devletin ve siyasetin ba\u015fka kurumlar\u0131nda aramamas\u0131 gerekti\u011fini art\u0131k \u00f6\u011frenmesi laz\u0131m. Sorumlulu\u011fun kime ait oldu\u011funu art\u0131k bilmesi laz\u0131m. Kendisi muhalefet lideri partisi de\u011fil. \u00dclkeyi y\u00f6netiyor, sorumluluk kendi omuzlar\u0131nda&#8221; dedi.<\/p>\n<p style=\"text-align: justify;\"><strong>&#8216;CHP s\u00f6yledi, CHP dinledi&#8217;\u00a0<\/strong><\/p>\n<p style=\"text-align: justify;\">Ba\u015fbakan Recep Tayyip Erdo\u011fan&#8217;\u0131n sanki kendisi \u00e7\u00f6z\u00fcm \u00fcreten bir makamda de\u011filmi\u015f gibi ter\u00f6rden \u015fikayet\u00e7i oldu\u011funu ve muhalefetin s\u00f6zlerine de kulaklar\u0131n\u0131 t\u0131kad\u0131\u011f\u0131n\u0131 ifade eden K\u0131l\u0131\u00e7daro\u011flu \u015funlar\u0131 dedi: &#8220;Ter\u00f6rden \u015fikayet\u00e7i ama durup durduk yerde muhalefetten de \u015fikayet etmeye ba\u015flad\u0131. Bizden de \u015fikayet\u00e7i. Neymi\u015f, efendim CHP ya da muhalefet partileri ter\u00f6r konusunda hi\u00e7bir \u00e7\u00f6z\u00fcm \u00f6nertmiyorlarm\u0131\u015f. En son Say\u0131n Lo\u011fo\u011flu parlamentoda yapt\u0131\u011f\u0131 konu\u015fmada 6 madde halinde \u00e7\u00f6z\u00fcmlerimiz s\u00f6yledi. Defalarca ben g\u00f6r\u00fc\u015flerimi ifade etti. Defalarca konu\u015ftuk. \u00c7\u00f6z\u00fcm \u00fcreten makam\u0131n siyaset kurumu oldu\u011funu s\u00f6yledik. Siyaset kurumu \u00e7\u00f6z\u00fcm\u00fc toplumsal destek sa\u011flamal\u0131d\u0131r \u00e7\u00f6z\u00fcm \u00fcretirken, bunu da defalarca s\u00f6yledik. Ama herkes duydu bir ki\u015fi duymuyor, o da Say\u0131n Recep Tayyip Erdo\u011fan. Merak ediyorum; muhalefetin s\u00f6z\u00fcne ni\u00e7in kulaklar\u0131n\u0131 t\u0131k\u0131yor? Biz s\u00f6yledik biz dinledik. CHP s\u00f6yledi CHP dinledi. \u0130ktidar a\u00e7\u0131s\u0131ndan s\u00f6yl\u00fcyorum, onlar\u0131n gitti\u011fi yolun yol olmad\u0131\u011f\u0131n\u0131 art\u0131k onlar\u0131n da \u00f6\u011frenmeleri gerekiyor&#8221;.<\/p>\n<p style=\"text-align: justify;\">Kendi getirdikleri \u00e7\u00f6z\u00fcmlerin iktidar partisi taraf\u0131ndan be\u011fenilmemesini de sayg\u0131yla kar\u015f\u0131layacaklar\u0131n\u0131 belirten K\u0131l\u0131\u00e7daro\u011flu, ancak kendilerinin iktidara a\u00e7\u0131k bir \u00e7ek verdiklerini; &#8216;ulusal b\u00fct\u00fcnl\u00fck i\u00e7inde getirecekleri her \u00e7\u00f6z\u00fcme CHP olarak destek vereceklerini&#8217; s\u00f6ylediklerini kaydetti. K\u0131l\u0131\u00e7daro\u011flu, &#8220;Ama hi\u00e7bir \u00f6neri gelmiyor, sadece ele\u015ftiri geliyor&#8221; dedi.<\/p>\n<p style=\"text-align: justify;\"><strong>TBMM&#8217;ye a\u00e7\u0131k \u00e7a\u011fr\u0131<\/strong><\/p>\n<p style=\"text-align: justify;\">K\u0131l\u0131\u00e7daro\u011flu, konu\u015fmas\u0131na &#8220;Buradan TBMM Ba\u015fkan\u0131na a\u00e7\u0131k \u00e7a\u011fr\u0131da bulunuyorum&#8221; diyerek, \u015f\u00f6yle devam etti: &#8220;Sorunun \u00e7\u00f6z\u00fcm adresi H\u00fck\u00fcmet de\u011fildir. H\u00fck\u00fcmet bu sorunu \u00e7\u00f6zmede acizdir. Bu sorunu \u00e7\u00f6zemez bu h\u00fck\u00fcmet. TBMM&#8217;nin bu soruna el koyup, derhal bir komisyon olu\u015fturmas\u0131 ve \u00e7\u00f6z\u00fcm \u00f6nerilerini \u00fcretmesi gerekiyor. Parlamentonun gelene\u011finde bu var. Biz Anayasa konusunda komisyon kuruyoruz da ter\u00f6r konusunda niye kurmuyoruz. Ter\u00f6r konusunda da bir araya gelmeyiz. Sa\u011fduyuyu, ortak akl\u0131 egemen k\u0131lmay\u0131z. \u00c7\u00f6z\u00fcmlerimiz \u00fcretmeliyiz. Ter\u00f6re kar\u015f\u0131 niye biraya gelmiyoruz. TBMM Ba\u015fkan\u0131n\u0131n milletvekillerini, gruplar\u0131 bir \u015feklide harekete ge\u00e7irmesi ve ortak bir komisyon olu\u015fturmas\u0131 gerekiyor. Meclis bu osruna kesinlikle el koymal\u0131d\u0131r.&#8221;<\/p>\n<p style=\"text-align: justify;\"><strong>&#8216;Sa\u011fduyulu h\u00fck\u00fcmet istifa se\u00e7ene\u011fini d\u00fc\u015f\u00fcn\u00fcr&#8217;\u00a0<\/strong><\/p>\n<p style=\"text-align: justify;\">Ter\u00f6r konusunda H\u00fck\u00fcmeti ele\u015ftirmede en duyarl\u0131 parti olduklar\u0131n\u0131 ifade eden K\u0131l\u0131\u00e7daro\u011flu, bu konuda H\u00fck\u00fcmetin \u00f6n\u00fcne hi\u00e7bir engel koymad\u0131klar\u0131n\u0131, istediklerinin sadece \u00e7\u00f6z\u00fcm oldu\u011funun alt\u0131n\u0131z \u00e7izdi. K\u0131l\u0131\u00e7daro\u011flu, &#8220;D\u00fcnyan\u0131n sa\u011fl\u0131kl\u0131 \u00e7al\u0131\u015fan demokrasilerinde, hukukun \u00fcst\u00fcnl\u00fc\u011f\u00fcn\u00fcn oldu\u011fu demokrasilerde, insana sayg\u0131n\u0131n oldu\u011fu demokrasilerde bu konumda olan bir H\u00fck\u00fcmet istifa se\u00e7ene\u011fini d\u00fc\u015f\u00fcn\u00fcr. Son iki g\u00fcnde 34 g\u00fcvenlik g\u00f6revlimiz \u015fehit verdik. Bunlar\u0131n sorumlusunu aramayacak m\u0131y\u0131z&#8221; dedi. \u0130ktidara seslenen K\u0131l\u0131\u00e7daro\u011flu, &#8220;Senin varl\u0131k nedenin ne orada? Sorunlar\u0131 \u00e7\u00f6zmek de\u011fil mi&#8221; diye sordu. K\u0131l\u0131\u00e7daro\u011flu, &#8220;Normal, sa\u011fl\u0131kl\u0131 \u00e7al\u0131\u015fan demokrasilerde bu kadar \u015fehidin verildi\u011fi, ter\u00f6r\u00fcn bu kadar azg\u0131nla\u015ft\u0131\u011f\u0131, \u00fclkenin kan g\u00f6l\u00fcne d\u00f6nd\u00fc\u011f\u00fc bir ortamda sa\u011fduyulu bir h\u00fck\u00fcmet istifa se\u00e7ene\u011fini de d\u00fc\u015f\u00fcn\u00fcr&#8221; dedi.<\/p>\n<p style=\"text-align: justify;\"><strong>&#8216;Hayat\u0131mda ilk defa bir ba\u015fbakan\u0131n \u00e7aresizli\u011fini g\u00f6rd\u00fcm&#8217;\u00a0<\/strong><\/p>\n<p style=\"text-align: justify;\">Bug\u00fcne kadar ter\u00f6rde ya\u015fam\u0131n\u0131 yitiren b\u00fct\u00fcn \u015fehitlere Allah&#8217;tan rahmet dileyen K\u0131l\u0131\u00e7daro\u011flu, &#8220;Onlar\u0131 sayg\u0131yla an\u0131yorum. Onlar T\u00fcrkiye Cumhuriyeti&#8217;nin onurundur. Ama bunu s\u00f6ylemek ne kadar o \u015fehit yak\u0131nlar\u0131n\u0131n annelerini, babalar\u0131n\u0131 tatmin eder? Sorun ba\u015fsa\u011fl\u0131\u011f\u0131 dilemek de\u011fil, sorun var olan k\u00f6kl\u00fc bir sorunu \u00e7\u00f6zmektir, e\u011fer \u00e7\u00f6z\u00fcyorsan\u0131z siyaset kurumu olarak g\u00f6reviniz yerine getiriyorsunuz. Hayat\u0131mda ilk kez 35 \u015fehidin verildi\u011fi bir s\u00fcrecin sonunda bir Ba\u015fbakan\u0131n televizyonlara \u00e7\u0131k\u0131p \u00e7aresizli\u011fini dile getirdi\u011fini g\u00f6rd\u00fcm. \u00c7\u00f6z\u00fcms\u00fcz bir noktada Say\u0131n Ba\u015fbakan, o a\u00e7\u0131dan TBMM Ba\u015fbakan\u0131 g\u00f6reve davet ediyoruz. TBMM bu soruna el koymal\u0131d\u0131r, sorumlular bellidir. T\u00fcrkiye&#8217;yi bu noktaya getirenler bellidir. Sorumlu iktidard\u0131r. Sorumlu \u0130ktidar\u0131n ba\u015f\u0131ndaki Recep Tayyip Erdo\u011fan&#8217;d\u0131r. Bu iktidar art\u0131k \u00e7\u00f6z\u00fcm \u00fcreten bir iktidar olmaktan \u00e7\u0131km\u0131\u015ft\u0131r&#8221; dedi. B\u00fct\u00fcn yurtta\u015flar\u0131 sa\u011fduyuya davet eden K\u0131l\u0131\u00e7daro\u011flu, &#8220;Biz ayr\u0131\u015ft\u0131ran de\u011fil birle\u015ftiren konumda olmal\u0131y\u0131z. Do\u011fuda, bat\u0131da, g\u00fcneyde, kuzeyde ya\u015fayan b\u00fct\u00fcn yurtta\u015flar\u0131; kenetlenelim&#8221; dedi.<\/p>\n<p style=\"text-align: justify;\"><strong>&#8216;\u00c7\u00f6z\u00fcme var\u0131z, kim getirirse desteklemeye de var\u0131z&#8217;<\/strong><\/p>\n<p style=\"text-align: justify;\">\u00a0Ter\u00f6re kar\u015f\u0131 umudun asla kaybedilmemesi gerekti\u011fini ifade eden K\u0131l\u0131\u00e7daro\u011flu, &#8220;Biz \u00fclkenin sorunlar\u0131n\u0131 \u00e7\u00f6zebilecek kapasitede oldu\u011fumuz biliyoruz. Bu \u00fclke en karanl\u0131k g\u00fcnlerinde bile \u00e7\u00f6z\u00fcm \u00fcretmi\u015ftir. Yeter ki \u00e7\u00f6z\u00fcm \u00fcretenler iktidar olsunlar, ama \u00e7\u00f6z\u00fcm \u00fcretmeyip \u00fclkeyi karanl\u0131\u011fa g\u00f6t\u00fcrenler e\u011fer o makamlarda daha uzun s\u00fcre kal\u0131rlarsa bunun bedelini bu \u00fclkenin yoksul insanlar\u0131 \u00f6deyecektir&#8221; dedi. Ate\u015fin d\u00fc\u015ft\u00fc\u011f\u00fc yeri yakt\u0131\u011f\u0131n\u0131 ancak buna herkesin \u00fcz\u00fcld\u00fc\u011f\u00fcn\u00fc s\u00f6yleyen K\u0131l\u0131\u00e7daro\u011flu, b\u00f6yle bir g\u00fcnde konu\u015fman\u0131n kolay olmad\u0131\u011f\u0131n\u0131 belirtti.<\/p>\n<p style=\"text-align: justify;\">Ba\u015fbakan&#8217;\u0131n televizyonda \u015fikayet eder konumda olmas\u0131na isyan etmemenin m\u00fcmk\u00fcn olmad\u0131\u011f\u0131n\u0131 kaydeden K\u0131l\u0131\u00e7daro\u011flu, &#8220;\u00c7\u00f6z\u00fcm \u00fcreteceksiniz, varl\u0131k nedeniniz budur sizin, \u00e7\u00f6z\u00fcm de\u011fil sorun \u00fcreten bir h\u00fck\u00fcmet olur mu? Nas\u0131l ele\u015ftirmeyece\u011fiz, bu kadar \u015fehidin oldu\u011fu bir yerde biz iktidara alk\u0131\u015f m\u0131 tutal\u0131m, sesiz mi kalal\u0131m, o a\u00e7\u0131dan i\u015fimiz zor ama \u00e7\u00f6z\u00fcms\u00fcz de\u011fil. Bizim \u00e7\u00f6z\u00fcmlerimize kulak t\u0131kamas\u0131nlar, e\u011fer bizim \u00e7\u00f6z\u00fcmlerimizi be\u011fenmiyorlarsa kendi \u00e7\u00f6z\u00fcmlerini getirsinler&#8221; dedi.<\/p>\n<p style=\"text-align: justify;\">Ziyaret etti\u011fi yerlerde vatanda\u015flar\u0131n kendisine &#8220;Ni\u00e7in AKP&#8217;nin \u00e7\u00f6z\u00fcmlerini desteklemiyorsunuz&#8221; sorusunu y\u00f6neltti\u011fini belirten K\u0131l\u0131\u00e7daro\u011flu, &#8220;Bende onlara, &#8216;Siz \u00e7\u00f6z\u00fcm \u00f6nerilerini biliyor musunuz&#8217; dedim, &#8216;Bilmiyoruz&#8217; dediler, bizde bilmiyoruz, kimse bilmiyor. \u00c7\u00f6z\u00fcme var\u0131z, kim getirirse desteklemeye de var\u0131z. Her \u00e7\u00f6z\u00fcm\u00fcn mutlaka sorunu y\u00fczde y\u00fcz \u00e7\u00f6zecek diye bir sonucu olmayabilir ama \u00f6nemli olan \u00e7\u00f6z\u00fcm konusunda bir iradeyi ortaya koymakt\u0131r. Var olan iktidar bu iradeyi ortaya koymaktan uzak bir iktidard\u0131r&#8221; diye konu\u015ftu.<\/p>\n<p style=\"text-align: justify;\"><strong>&#8216;Ba\u015fbakan parlamentoya gitmekten korkuyor&#8217;\u00a0<\/strong><\/p>\n<p style=\"text-align: justify;\">Konu\u015fmas\u0131n\u0131n ard\u0131ndan gazetecilerin sorular\u0131n\u0131 yan\u0131tlayan K\u0131l\u0131\u00e7daro\u011flu, &#8220;\u015eehidin verildi\u011fi bir yerde Say\u0131n Ba\u015fbakan&#8217;\u0131n parlamentoya gidip bilgi vermesi laz\u0131m. Parlamentoya sayg\u0131s\u0131 olan bir Ba\u015fbakan bunu yapar. Sorumlu kimdir, Ba\u015fbakand\u0131r. Ba\u015fbakan bilgi vermekten, parlamentoya gitmekten korkuyor. Gerekirse kapal\u0131 oturum yapar kapal\u0131 oturumda bilgi verir&#8221; diye konu\u015ftu.<\/p>\n<p style=\"text-align: justify;\">K\u0131l\u0131\u00e7daro\u011flu, bir gazetecinin &#8220;Yeniden Ola\u011fan\u00fcst\u00fc Hal gibi \u00f6neriler de seslendirmeye sizin bak\u0131\u015f a\u00e7\u0131n\u0131z nedir&#8221; \u015feklindeki sorusuna \u015f\u00f6yle yan\u0131t verdi: &#8220;Biz sorunun \u00e7\u00f6z\u00fcm merkezi olarak TBMM&#8217;yi g\u00f6r\u00fcyoruz. TBMM&#8217;de b\u00fct\u00fcn partilerin milletvekillerinin bir araya gelerek sorunun \u00e7\u00f6z\u00fcm\u00fcnde \u00e7ok ciddi \u00e7abalar harcayacaklar\u0131na inan\u0131yoruz. E\u011fer bunu yapabilirsek, ortak akl\u0131 egemen k\u0131larsak ki k\u0131lar\u0131z, bu konuda endi\u015fe duymuyorum. 550 milletvekili de yurtsever insanlard\u0131r, otururlar masaya bu sorunu \u00e7\u00f6zmek i\u00e7in \u00e7aba harcarlar ve g\u00fczel \u00e7\u00f6z\u00fcmler \u00fcretirler. Bug\u00fcne kadar sorunun varl\u0131k nedeni, siyaset kurumunun \u00fcst\u00fcne d\u00fc\u015fen g\u00f6revi yapmamas\u0131d\u0131r. Siyaset kurum \u00e7\u00f6z\u00fcm \u00fcretmiyor, d\u00fcnyan\u0131n her taraf\u0131nda sa\u011fl\u0131kl\u0131 \u00e7\u00f6z\u00fcmler siyaset kurumu taraf\u0131ndan \u00fcretilir. Siyaset kurumu \u00e7ekilmi\u015f bir k\u00f6\u015feye herhangi bir \u00e7\u00f6z\u00fcm \u00fcretmiyor, sadece \u015fikayet ediyor. Siyaset kurumu derken burada iktidar\u0131 kastediyorum. Bizim \u00e7\u00f6z\u00fcmlerimiz var onlar\u0131 defalarca dile getirdik ama iktidar herhangi bir \u00e7\u00f6z\u00fcm \u00fcretmi\u015f de\u011fil.&#8221;<\/p>\n<p style=\"text-align: justify;\"><strong>&#8216;BDP net s\u00f6ylemler geli\u015ftirmeli&#8217;\u00a0<\/strong><\/p>\n<p style=\"text-align: justify;\">Ter\u00f6r sald\u0131r\u0131lar\u0131 kar\u015f\u0131s\u0131nda BDP&#8217;nin tavr\u0131n\u0131n an\u0131msat\u0131lmas\u0131 \u00fczerine K\u0131l\u0131\u00e7daro\u011flu, &#8220;BDP&#8217;nin ter\u00f6r\u00fc lanetleme konusunda daha fazla net s\u00f6ylemler geli\u015ftirmesi gerekiyor. Bir T\u00fcrkiye partisi olmas\u0131 i\u00e7in b\u00f6lgenin dar alan\u0131ndan \u00e7\u0131k\u0131p b\u00fct\u00fcn T\u00fcrkiye Cumhuriyeti yurtta\u015flar\u0131na seslenmesi laz\u0131m. Ter\u00f6r\u00fc ortak k\u0131namal\u0131y\u0131z, \u00e7\u00fcnk\u00fc ortak paydam\u0131zd\u0131r&#8221; dedi. S\u0131n\u0131r operasyonu konusunda yetkinin h\u00fck\u00fcmete verildi\u011fini hat\u0131rlatan K\u0131l\u0131\u00e7daro\u011flu, ter\u00f6r sald\u0131r\u0131s\u0131n\u0131n yap\u0131ld\u0131\u011f\u0131 b\u00f6lgeye gidip gitmeyece\u011finin sorulmas\u0131 \u00fczerine &#8220;Bu konuda baz\u0131 giri\u015fimlerimiz var, \u00e7al\u0131\u015fmalar devam ediyor gerekirse gidece\u011fiz&#8221; dedi.<\/p>\n<p style=\"text-align: justify;\">K\u0131l\u0131\u00e7daro\u011flu, milletvekillerinin b\u00f6lgeye giderek hem \u015fehit ailelerini hem de sald\u0131r\u0131da hayat\u0131n\u0131 kaybeden \u00e7ocuklar\u0131n ailelerinin ziyaret edilece\u011fini belirtti. TBMM Ba\u015fkan\u0131&#8217;n\u0131 g\u00f6reve \u00e7a\u011f\u0131rmas\u0131n\u0131n temelinde sorunun \u00e7\u00f6z\u00fcm\u00fc konusunda parlamentonun daha aktif olarak devreye girmesinin yatt\u0131\u011f\u0131n\u0131 vurgulayan K\u0131l\u0131\u00e7daro\u011flu, &#8220;\u0130ste\u011fimiz h\u00fck\u00fcmetin bug\u00fcne kadar neden bu kadar ba\u015far\u0131s\u0131z oldu\u011funun sorgulanmas\u0131d\u0131r. H\u00fck\u00fcmetin parlamentoya gelip hesap vermemesi laz\u0131m. \u00dclke kan g\u00f6l\u00fcne d\u00f6nm\u00fc\u015f parlamento i\u015flevsiz mi kalacak? Parlamento g\u00f6revini yapacak&#8221; dedi.<\/p>\n<p style=\"text-align: justify;\"><strong>&#8216;\u015eehitlerimizin sorumlusu Erdo\u011fan&#8217;d\u0131r&#8217;\u00a0<\/strong><\/p>\n<p style=\"text-align: justify;\">K\u0131l\u0131\u00e7daro\u011flu, bir gazetecinin &#8220;Ba\u015far\u0131s\u0131z iktidara bir de istifa hat\u0131rlatmas\u0131 yap\u0131yorsunuz. \u0130stifa teknik bir mekanizmad\u0131r. Varsayal\u0131m ki istifa etti 3 ay \u00f6ncesinden se\u00e7imden \u00e7\u0131km\u0131\u015f bir \u00fclkeyiz biz. Bir milli mutabakat h\u00fck\u00fcmeti mi, az\u0131nl\u0131k h\u00fck\u00fcmeti mi, nedir oradaki bak\u0131\u015f a\u00e7\u0131n\u0131z&#8221; \u015feklindeki sorusuna &#8220;Sa\u011fl\u0131kl\u0131 \u00e7al\u0131\u015fan demokraside \u00fclke b\u00f6yle kan g\u00f6l\u00fcne d\u00f6nd\u00fc\u011f\u00fc zaman h\u00fck\u00fcmetler istifa se\u00e7ene\u011fini d\u00fc\u015f\u00fcn\u00fcrler dedim&#8221; \u015feklinde yan\u0131t verdi.<\/p>\n<p style=\"text-align: justify;\">Ter\u00f6r zirvesi sonras\u0131nda Ba\u015fbakan Erdo\u011fan&#8217;\u0131n d\u00fczenledi\u011fi bas\u0131n toplant\u0131s\u0131nda &#8220;internet and\u0131c\u0131&#8221; konusunda de\u011ferlendirmede bulundu\u011funun an\u0131msat\u0131lmas\u0131 \u00fczerine K\u0131l\u0131\u00e7daro\u011flu, &#8220;Allah ak\u0131l fikir versin ne diyeyim. \u00dclke kan g\u00f6l\u00fcne d\u00f6nm\u00fc\u015f Beyefendinin derdi internet and\u0131c\u0131, \u015fehitlerimiz var onun kafas\u0131 internet and\u0131c\u0131nda. O, o toplant\u0131da s\u00f6ylenecek laf m\u0131? H\u00fck\u00fcmeti anlamakta zorluk \u00e7ekiyoruz, Say\u0131n Ba\u015fbakan\u0131 anlamakta zorluk \u00e7ekiyoruz. Alt\u0131n\u0131 \u00f6zenle \u00e7izerek s\u00f6yl\u00fcyorum, \u015fehitlerimizin sorumlusu AKP h\u00fck\u00fcmeti ve onunu ba\u015f\u0131ndaki Recep Tayyip Erdo\u011fan&#8217;d\u0131r, bunu \u00e7ok net ortaya koymam\u0131z laz\u0131m&#8221; de\u011ferlendirmesinde bulundu.<\/p>\n<p style=\"text-align: justify;\"><a href=\"http:\/\/www.cumhuriyet.com.tr\/?hn=286666&amp;kw='%DDlk+defa+bir+ba%FEbakan%FDn+%E7aresizli%F0ini+g%F6rd%FCm'\" target=\"_blank\">Kaynak : Cumhuriyet Haber Portal\u0131<\/a><\/p>\n","protected":false},"excerpt":{"rendered":"<p style=\"text-align: center;\">\n<p style=\"text-align: justify;\">CHP Genel Ba\u015fkan\u0131 Kemal K\u0131l\u0131\u00e7daro\u011flu, H\u00fck\u00fcmetin ter\u00f6r sorununu \u00e7\u00f6zmekte aciz oldu\u011funu belirterek, &#8220;Hayat\u0131mda ilk kez 35 \u015fehidin verildi\u011fi bir s\u00fcrecin sonunda bir Ba\u015fbakan\u0131n televizyonlara \u00e7\u0131k\u0131p \u00e7aresizli\u011fini dile getirdi\u011fini g\u00f6rd\u00fcm. \u00c7\u00f6z\u00fcms\u00fcz bir noktada Say\u0131n Ba\u015fbakan, o a\u00e7\u0131dan TBMM Ba\u015fbakan\u0131 g\u00f6reve davet ediyoruz. TBMM bu soruna el koymal\u0131d\u0131r&#8221; dedi.<\/p>\n","protected":false},"author":1,"featured_media":0,"comment_status":"open","ping_status":"open","sticky":false,"template":"","format":"standard","meta":{"footnotes":""},"categories":[105],"tags":[],"class_list":["post-41353","post","type-post","status-publish","format-standard","hentry","category-gundem","odd"],"_links":{"self":[{"href":"http:\/\/www.korhanyilmaz.com\/index.php?rest_route=\/wp\/v2\/posts\/41353","targetHints":{"allow":["GET"]}}],"collection":[{"href":"http:\/\/www.korhanyilmaz.com\/index.php?rest_route=\/wp\/v2\/posts"}],"about":[{"href":"http:\/\/www.korhanyilmaz.com\/index.php?rest_route=\/wp\/v2\/types\/post"}],"author":[{"embeddable":true,"href":"http:\/\/www.korhanyilmaz.com\/index.php?rest_route=\/wp\/v2\/users\/1"}],"replies":[{"embeddable":true,"href":"http:\/\/www.korhanyilmaz.com\/index.php?rest_route=%2Fwp%2Fv2%2Fcomments&post=41353"}],"version-history":[{"count":0,"href":"http:\/\/www.korhanyilmaz.com\/index.php?rest_route=\/wp\/v2\/posts\/41353\/revisions"}],"wp:attachment":[{"href":"http:\/\/www.korhanyilmaz.com\/index.php?rest_route=%2Fwp%2Fv2%2Fmedia&parent=41353"}],"wp:term":[{"taxonomy":"category","embeddable":true,"href":"http:\/\/www.korhanyilmaz.com\/index.php?rest_route=%2Fwp%2Fv2%2Fcategories&post=41353"},{"taxonomy":"post_tag","embeddable":true,"href":"http:\/\/www.korhanyilmaz.com\/index.php?rest_route=%2Fwp%2Fv2%2Ftags&post=41353"}],"curies":[{"name":"wp","href":"https:\/\/api.w.org\/{rel}","templated":true}]}}